{"id":18059,"date":"2026-04-27T11:09:03","date_gmt":"2026-04-27T14:09:03","guid":{"rendered":"https:\/\/cidadecult.com.br\/?p=18059"},"modified":"2026-04-27T11:09:05","modified_gmt":"2026-04-27T14:09:05","slug":"%f0%9f%8e%b6-kid-abelha-em-brasilia-uma-noite-de-memoria-e-emocao-25-de-julho-arena-mane-garrincha","status":"publish","type":"post","link":"https:\/\/cidadecult.com.br\/?p=18059","title":{"rendered":"\ud83c\udfb6 Kid Abelha em Bras\u00edlia: uma noite de mem\u00f3ria e emo\u00e7\u00e3o &#8211; 25 de julho &#8211; Arena Man\u00e9 Garrincha"},"content":{"rendered":"\n<h2 class=\"wp-block-heading\"><\/h2>\n\n\n\n<p>A turn\u00ea \u201cEu Tive Um Sonho\u201d chega como um cap\u00edtulo in\u00e9dito na hist\u00f3ria do grupo, trazendo uma releitura contempor\u00e2nea de cl\u00e1ssicos que ajudaram a consolidar o pop rock nacional.<\/p>\n\n\n\n<p>A atmosfera promete ser envolvente: desde a abertura dos port\u00f5es, \u00e0s 16h, at\u00e9 o in\u00edcio do show, \u00e0s 21h, o p\u00fablico ser\u00e1 conduzido por uma experi\u00eancia que vai al\u00e9m da m\u00fasica, celebrando momentos que marcaram vidas.<\/p>\n\n\n\n<hr class=\"wp-block-separator has-alpha-channel-opacity\"\/>\n\n\n\n<h2 class=\"wp-block-heading\">\ud83d\udccd Servi\u00e7o<\/h2>\n\n\n\n<p><strong>\ud83d\udcc5 Data:<\/strong> 25 de julho de 2026 (s\u00e1bado)<br><strong>\ud83d\udccc Local:<\/strong> Arena BRB Man\u00e9 Garrincha<br><strong>\u23f0 Abertura dos port\u00f5es:<\/strong> 16h<br><strong>\ud83c\udfa4 In\u00edcio do show:<\/strong> 21h<br><strong>\ud83d\udd1e Classifica\u00e7\u00e3o:<\/strong> 16 anos<br>Menores de 5 a 15 anos somente acompanhados dos pais ou respons\u00e1veis legais.<\/p>\n\n\n\n<hr class=\"wp-block-separator has-alpha-channel-opacity\"\/>\n\n\n\n<h2 class=\"wp-block-heading\">\ud83c\udf9f\ufe0f Ingressos e vendas<\/h2>\n\n\n\n<p>A venda geral teve in\u00edcio em 13 de abril de 2026, com op\u00e7\u00f5es online e presencial.<\/p>\n\n\n\n<p><strong>\ud83d\udcbb Online:<\/strong> via Ticketmaster Brasil<br><strong>\ud83c\udfdf\ufe0f Bilheteria oficial (sem taxa):<\/strong> Arena BRB Nilson Nelson<\/p>\n\n\n\n<p>Funcionamento:<\/p>\n\n\n\n<ul class=\"wp-block-list\">\n<li>Ter\u00e7a a s\u00e1bado: 10h \u00e0s 17h<\/li>\n\n\n\n<li>Fechada \u00e0s segundas, feriados e dias de eventos<\/li>\n<\/ul>\n\n\n\n<p>\u26a0\ufe0f N\u00e3o houve pr\u00e9-venda para este evento.<\/p>\n\n\n\n<hr class=\"wp-block-separator has-alpha-channel-opacity\"\/>\n\n\n\n<h2 class=\"wp-block-heading\">\ud83d\udc8e Experi\u00eancia VIP<\/h2>\n\n\n\n<p>Para os f\u00e3s que desejam uma imers\u00e3o completa, o pacote VIP oferece benef\u00edcios exclusivos:<\/p>\n\n\n\n<ul class=\"wp-block-list\">\n<li>Entrada antecipada<\/li>\n\n\n\n<li>Acesso \u00e0 passagem de som<\/li>\n\n\n\n<li>Ingresso para Pista Premium<\/li>\n\n\n\n<li>Kit exclusivo<\/li>\n\n\n\n<li>Acesso antecipado \u00e0 loja oficial<\/li>\n<\/ul>\n\n\n\n<p>Uma oportunidade rara de vivenciar os bastidores e se aproximar ainda mais do universo da banda.<\/p>\n\n\n\n<hr class=\"wp-block-separator has-alpha-channel-opacity\"\/>\n\n\n\n<h2 class=\"wp-block-heading\">\ud83e\ude91 Setores e capacidade<\/h2>\n\n\n\n<p>O evento conta com diferentes \u00e1reas para atender diversos perfis de p\u00fablico:<\/p>\n\n\n\n<ul class=\"wp-block-list\">\n<li><strong>Pista Premium<\/strong><\/li>\n\n\n\n<li><strong>Pacote VIP<\/strong><\/li>\n\n\n\n<li><strong>Pista<\/strong><\/li>\n\n\n\n<li><strong>Cadeira Inferior<\/strong><\/li>\n<\/ul>\n\n\n\n<p>A pol\u00edtica de meia-entrada segue a legisla\u00e7\u00e3o federal, com limite de at\u00e9 40% da capacidade por setor.<\/p>\n\n\n\n<hr class=\"wp-block-separator has-alpha-channel-opacity\"\/>\n\n\n\n<h2 class=\"wp-block-heading\">\ud83d\udcb3 Formas de pagamento<\/h2>\n\n\n\n<p><strong>Online:<\/strong><\/p>\n\n\n\n<ul class=\"wp-block-list\">\n<li>Cart\u00f5es de cr\u00e9dito (at\u00e9 6x sem juros)<\/li>\n\n\n\n<li>Pix<\/li>\n<\/ul>\n\n\n\n<p><strong>Bilheteria:<\/strong><\/p>\n\n\n\n<ul class=\"wp-block-list\">\n<li>Cart\u00f5es de cr\u00e9dito e d\u00e9bito<\/li>\n\n\n\n<li>Dinheiro<\/li>\n<\/ul>\n\n\n\n<p>Limite: at\u00e9 6 ingressos por CPF (m\u00e1ximo de 2 meias-entradas).<\/p>\n\n\n\n<hr class=\"wp-block-separator has-alpha-channel-opacity\"\/>\n\n\n\n<h2 class=\"wp-block-heading\">\ud83c\udfb8 Um reencontro com cl\u00e1ssicos inesquec\u00edveis<\/h2>\n\n\n\n<p>Com hits que marcaram \u00e9poca, o show do Kid Abelha em Bras\u00edlia promete ser mais do que uma apresenta\u00e7\u00e3o musical \u2014 ser\u00e1 um reencontro com hist\u00f3rias pessoais embaladas por can\u00e7\u00f5es que atravessaram o tempo.<\/p>\n\n\n\n<p>Uma noite para cantar junto, relembrar e criar novas mem\u00f3rias.<\/p>\n","protected":false},"excerpt":{"rendered":"<p>A turn\u00ea \u201cEu Tive Um Sonho\u201d chega como um cap\u00edtulo in\u00e9dito na hist\u00f3ria do grupo, trazendo uma releitura contempor\u00e2nea de cl\u00e1ssicos que ajudaram a consolidar o pop rock nacional. A atmosfera promete ser envolvente: desde a abertura dos port\u00f5es, \u00e0s 16h, at\u00e9 o in\u00edcio do show, \u00e0s 21h, o p\u00fablico ser\u00e1 conduzido por uma experi\u00eancia [&hellip;]<\/p>\n","protected":false},"author":777,"featured_media":18060,"comment_status":"open","ping_status":"open","sticky":false,"template":"","format":"standard","meta":{"_monsterinsights_skip_tracking":false,"_monsterinsights_sitenote_active":false,"_monsterinsights_sitenote_note":"","_monsterinsights_sitenote_category":0,"footnotes":""},"categories":[8328,8468],"tags":[7293,8469,8478,6257,8480,8477,7136,8479],"class_list":["post-18059","post","type-post","status-publish","format-standard","has-post-thumbnail","hentry","category-agenda-brasilia","category-calendario-brasilia","tag-agenda-cultural-df","tag-arena-brb-mane-garrincha","tag-kid-abelha-brasilia","tag-musica-brasileira","tag-pop-rock-nacional","tag-show-kid-abelha-2026","tag-shows-em-brasilia","tag-turne-eu-tive-um-sonho"],"_links":{"self":[{"href":"https:\/\/cidadecult.com.br\/index.php?rest_route=\/wp\/v2\/posts\/18059","targetHints":{"allow":["GET"]}}],"collection":[{"href":"https:\/\/cidadecult.com.br\/index.php?rest_route=\/wp\/v2\/posts"}],"about":[{"href":"https:\/\/cidadecult.com.br\/index.php?rest_route=\/wp\/v2\/types\/post"}],"author":[{"embeddable":true,"href":"https:\/\/cidadecult.com.br\/index.php?rest_route=\/wp\/v2\/users\/777"}],"replies":[{"embeddable":true,"href":"https:\/\/cidadecult.com.br\/index.php?rest_route=%2Fwp%2Fv2%2Fcomments&post=18059"}],"version-history":[{"count":1,"href":"https:\/\/cidadecult.com.br\/index.php?rest_route=\/wp\/v2\/posts\/18059\/revisions"}],"predecessor-version":[{"id":18061,"href":"https:\/\/cidadecult.com.br\/index.php?rest_route=\/wp\/v2\/posts\/18059\/revisions\/18061"}],"wp:featuredmedia":[{"embeddable":true,"href":"https:\/\/cidadecult.com.br\/index.php?rest_route=\/wp\/v2\/media\/18060"}],"wp:attachment":[{"href":"https:\/\/cidadecult.com.br\/index.php?rest_route=%2Fwp%2Fv2%2Fmedia&parent=18059"}],"wp:term":[{"taxonomy":"category","embeddable":true,"href":"https:\/\/cidadecult.com.br\/index.php?rest_route=%2Fwp%2Fv2%2Fcategories&post=18059"},{"taxonomy":"post_tag","embeddable":true,"href":"https:\/\/cidadecult.com.br\/index.php?rest_route=%2Fwp%2Fv2%2Ftags&post=18059"}],"curies":[{"name":"wp","href":"https:\/\/api.w.org\/{rel}","templated":true}]}}