{"id":18053,"date":"2026-04-27T10:45:32","date_gmt":"2026-04-27T13:45:32","guid":{"rendered":"https:\/\/cidadecult.com.br\/?p=18053"},"modified":"2026-04-27T10:50:15","modified_gmt":"2026-04-27T13:50:15","slug":"historias-o-show-do-seculo","status":"publish","type":"post","link":"https:\/\/cidadecult.com.br\/?p=18053","title":{"rendered":"Hist\u00f3rias &#8211; O show do s\u00e9culo &#8211; 9 de maio &#8211; Arena Man\u00e9 Garrincha"},"content":{"rendered":"\n<p>No dia 09 de maio de 2026, Bras\u00edlia ser\u00e1 palco de uma noite que promete entrar para a mem\u00f3ria afetiva do p\u00fablico. O Arena BRB Man\u00e9 Garrincha recebe mais uma edi\u00e7\u00e3o do espet\u00e1culo \u201cHist\u00f3rias\u201d, reunindo alguns dos maiores nomes da m\u00fasica sertaneja em um encontro que atravessa gera\u00e7\u00f5es.<\/p>\n\n\n\n<p>No palco, cl\u00e1ssicos que embalaram romances, despedidas e celebra\u00e7\u00f5es ganham nova vida nas vozes de Chit\u00e3ozinho &amp; Xoror\u00f3, Zez\u00e9 Di Camargo &amp; Luciano, Bruno &amp; Marrone, C\u00e9sar Menotti &amp; Fabiano e Matogrosso &amp; Mathias \u2014 artistas que ajudaram a construir a hist\u00f3ria do g\u00eanero no pa\u00eds.<\/p>\n\n\n\n<p>Mais do que um show, o \u201cHist\u00f3rias\u201d se consolida como uma experi\u00eancia sensorial e emocional, onde repert\u00f3rios consagrados se encontram com uma produ\u00e7\u00e3o de alto n\u00edvel, criando momentos \u00fanicos entre p\u00fablico e artistas.<\/p>\n\n\n\n<p>Menores de Idade s\u00f3 entrar\u00e3o no evento, se estiverem acompanhados de Pai ou M\u00e3e e mediante assinatura de Termo de Responsabilidade que estar\u00e1 dispon\u00edvel na portaria do evento, no dia do evento!<\/p>\n\n\n\n<p>Obs: Pai ou M\u00e3e dever\u00e3o permanecer durante todo per\u00edodo do evento, junto com o filho(a) menor de idade.<\/p>\n\n\n\n<p>\ud83c\udfa4 Servi\u00e7o<\/p>\n\n\n\n<p><strong>Data:<\/strong> S\u00e1bado, 09 de maio de 2026<br><strong>Local:<\/strong> Arena BRB Man\u00e9 Garrincha<br><strong>Classifica\u00e7\u00e3o:<\/strong> 18 anos<\/p>\n\n\n\n<p>\u26a0\ufe0f Menores de idade s\u00f3 poder\u00e3o entrar acompanhados dos pais ou respons\u00e1veis legais, com assinatura de termo no local, permanecendo juntos durante todo o evento.<\/p>\n\n\n\n<hr class=\"wp-block-separator has-alpha-channel-opacity\"\/>\n\n\n\n<h2 class=\"wp-block-heading\">\ud83c\udf1f Experi\u00eancia e setores<\/h2>\n\n\n\n<p>O evento oferece diferentes formatos para quem busca desde proximidade com o palco at\u00e9 experi\u00eancias premium completas:<\/p>\n\n\n\n<p><strong>Mesas (Black, Platinum e Ouro)<\/strong><br>Ambientes exclusivos com assentos fixos e localiza\u00e7\u00e3o privilegiada.<\/p>\n\n\n\n<p><strong>Camarote Hist\u00f3rias<\/strong><br>\u00c1rea VIP com acesso diferenciado.<\/p>\n\n\n\n<p><strong>Lounges<\/strong><br>Espa\u00e7os para grupos com servi\u00e7o de gar\u00e7om, bebidas selecionadas e estrutura confort\u00e1vel.<\/p>\n\n\n\n<p><strong>Pista Premium<\/strong><br>Para quem quer viver o show intensamente, bem perto dos artistas.<\/p>\n\n\n\n<p><strong>Cadeiras Inferiores<\/strong><br>Op\u00e7\u00e3o em arquibancada com acesso ao gramado.<\/p>\n\n\n\n<hr class=\"wp-block-separator has-alpha-channel-opacity\"\/>\n\n\n\n<h2 class=\"wp-block-heading\">\ud83d\udc8e Experi\u00eancias exclusivas<\/h2>\n\n\n\n<p>Para quem busca algo al\u00e9m do espet\u00e1culo, duas modalidades elevam o evento a outro n\u00edvel:<\/p>\n\n\n\n<h3 class=\"wp-block-heading\">Para Sempre Hist\u00f3rias | Black<\/h3>\n\n\n\n<p>Uma jornada completa que inclui hospedagem, acesso aos bastidores, open bar e food premium, encontro com artista e itens colecion\u00e1veis exclusivos.<\/p>\n\n\n\n<h3 class=\"wp-block-heading\">Para Sempre Hist\u00f3rias | Ouro<\/h3>\n\n\n\n<p>Experi\u00eancia premium com conforto, acesso privilegiado, open bar e gastronomia completa, al\u00e9m de kit especial do evento.<\/p>\n\n\n\n<hr class=\"wp-block-separator has-alpha-channel-opacity\"\/>\n\n\n\n<h2 class=\"wp-block-heading\">\ud83c\udfb6 Uma celebra\u00e7\u00e3o da m\u00fasica sertaneja<\/h2>\n\n\n\n<p>\u201cHist\u00f3rias\u201d n\u00e3o \u00e9 apenas um evento \u2014 \u00e9 um encontro entre gera\u00e7\u00f5es, onde cada can\u00e7\u00e3o carrega lembran\u00e7as e cada apresenta\u00e7\u00e3o refor\u00e7a o papel da m\u00fasica sertaneja na cultura brasileira. Uma noite pensada para quem valoriza grandes vozes, boas hist\u00f3rias e experi\u00eancias inesquec\u00edveis.<\/p>\n","protected":false},"excerpt":{"rendered":"<p>No dia 09 de maio de 2026, Bras\u00edlia ser\u00e1 palco de uma noite que promete entrar para a mem\u00f3ria afetiva do p\u00fablico. O Arena BRB Man\u00e9 Garrincha recebe mais uma edi\u00e7\u00e3o do espet\u00e1culo \u201cHist\u00f3rias\u201d, reunindo alguns dos maiores nomes da m\u00fasica sertaneja em um encontro que atravessa gera\u00e7\u00f5es. No palco, cl\u00e1ssicos que embalaram romances, despedidas [&hellip;]<\/p>\n","protected":false},"author":777,"featured_media":18054,"comment_status":"open","ping_status":"open","sticky":false,"template":"","format":"standard","meta":{"_monsterinsights_skip_tracking":false,"_monsterinsights_sitenote_active":false,"_monsterinsights_sitenote_note":"","_monsterinsights_sitenote_category":0,"footnotes":""},"categories":[8328,8468],"tags":[8469,8475,8472,8471,8474,7696,8470,7134,8476,8473],"class_list":["post-18053","post","type-post","status-publish","format-standard","has-post-thumbnail","hentry","category-agenda-brasilia","category-calendario-brasilia","tag-arena-brb-mane-garrincha","tag-bruno-e-marrone","tag-chitaozinho-e-xororo","tag-eventos-brasilia-2026","tag-historias-sertanejo","tag-musica-sertaneja","tag-sertanejo-ao-vivo","tag-show-em-brasilia","tag-shows-df","tag-zeze-di-camargo-e-luciano"],"_links":{"self":[{"href":"https:\/\/cidadecult.com.br\/index.php?rest_route=\/wp\/v2\/posts\/18053","targetHints":{"allow":["GET"]}}],"collection":[{"href":"https:\/\/cidadecult.com.br\/index.php?rest_route=\/wp\/v2\/posts"}],"about":[{"href":"https:\/\/cidadecult.com.br\/index.php?rest_route=\/wp\/v2\/types\/post"}],"author":[{"embeddable":true,"href":"https:\/\/cidadecult.com.br\/index.php?rest_route=\/wp\/v2\/users\/777"}],"replies":[{"embeddable":true,"href":"https:\/\/cidadecult.com.br\/index.php?rest_route=%2Fwp%2Fv2%2Fcomments&post=18053"}],"version-history":[{"count":2,"href":"https:\/\/cidadecult.com.br\/index.php?rest_route=\/wp\/v2\/posts\/18053\/revisions"}],"predecessor-version":[{"id":18058,"href":"https:\/\/cidadecult.com.br\/index.php?rest_route=\/wp\/v2\/posts\/18053\/revisions\/18058"}],"wp:featuredmedia":[{"embeddable":true,"href":"https:\/\/cidadecult.com.br\/index.php?rest_route=\/wp\/v2\/media\/18054"}],"wp:attachment":[{"href":"https:\/\/cidadecult.com.br\/index.php?rest_route=%2Fwp%2Fv2%2Fmedia&parent=18053"}],"wp:term":[{"taxonomy":"category","embeddable":true,"href":"https:\/\/cidadecult.com.br\/index.php?rest_route=%2Fwp%2Fv2%2Fcategories&post=18053"},{"taxonomy":"post_tag","embeddable":true,"href":"https:\/\/cidadecult.com.br\/index.php?rest_route=%2Fwp%2Fv2%2Ftags&post=18053"}],"curies":[{"name":"wp","href":"https:\/\/api.w.org\/{rel}","templated":true}]}}