{"id":1770,"date":"2023-11-13T13:39:38","date_gmt":"2023-11-13T16:39:38","guid":{"rendered":"https:\/\/cidadecult.com.br\/?p=1770"},"modified":"2024-01-15T21:54:10","modified_gmt":"2024-01-16T00:54:10","slug":"festival-na-escola-de-musica-de-brasilia-traz-diversidade-sonora-do-brasil","status":"publish","type":"post","link":"https:\/\/cidadecult.com.br\/?p=1770","title":{"rendered":"Festival na Escola de M\u00fasica de Bras\u00edlia traz diversidade sonora do Brasil."},"content":{"rendered":"\n<h1 class=\"wp-block-heading\"><\/h1>\n\n\n\n<p>At\u00e9 sexta-feira (3), a sexta edi\u00e7\u00e3o do evento Conex\u00f5es Camer\u00edsticas conta com 15 grupos de v\u00e1rias regi\u00f5es do pa\u00eds, representando do chorinho \u00e0 m\u00fasica erudita; entrada \u00e9 gratuita<\/p>\n\n\n\n<p>Josiane Borges, da Ag\u00eancia Bras\u00edlia | Edi\u00e7\u00e3o: Carolina Lobo<\/p>\n\n\n\n<ul class=\"wp-block-list\">\n<li><a href=\"https:\/\/www.agenciabrasilia.df.gov.br\/categoria\/cultura\">CULTURA<\/a><\/li>\n\n\n\n<li><a href=\"https:\/\/www.agenciabrasilia.df.gov.br\/categoria\/gdf\">GDF<\/a><\/li>\n\n\n\n<li><a href=\"https:\/\/www.agenciabrasilia.df.gov.br\/categoria\/secec\">SECEC<\/a><\/li>\n<\/ul>\n\n\n\n<p><a href=\"https:\/\/www.facebook.com\/sharer.php?u=https:\/\/www.agenciabrasilia.df.gov.br\/2023\/11\/01\/festival-na-escola-de-musica-de-brasilia-traz-diversidade-sonora-do-brasil\/\" target=\"_blank\" rel=\"noreferrer noopener\">&nbsp;Facebook<\/a><a target=\"_blank\" href=\"https:\/\/api.whatsapp.com\/send?text=https:\/\/www.agenciabrasilia.df.gov.br\/2023\/11\/01\/festival-na-escola-de-musica-de-brasilia-traz-diversidade-sonora-do-brasil\/\" rel=\"noreferrer noopener\">&nbsp;Encaminhar<\/a><\/p>\n\n\n\n<p>At\u00e9 a sexta-feira (3), os apreciadores da boa m\u00fasica e de diferentes estilos musicais podem prestigiar a 6\u00aa edi\u00e7\u00e3o do festival Conex\u00f5es Camer\u00edsticas, que re\u00fane grupos profissionais de m\u00fasica de c\u00e2mara no Teatro Levino de Alc\u00e2ntara, da Escola de M\u00fasica de Bras\u00edlia. Realizado com recursos do Fundo de Apoio \u00e0 Cultura (FAC), fomento da Secretaria de Cultura e Economia Criativa do Distrito Federal (Secec), o evento ter\u00e1 entrada gratuita.<\/p>\n\n\n\n<p>O festival re\u00fane 15 grupos, pr\u00e9-selecionados de todas as regi\u00f5es do pa\u00eds, que apresentam diversos estilos musicais, como m\u00fasica popular brasileira (MPB), choro, m\u00fasicas eruditas e outros g\u00eaneros mais populares. Diretora de arte do festival, a flautista Sammille Bomfim destaca a experi\u00eancia \u00fanica que o evento proporciona, com m\u00fasicos de todo o Brasil explorando uma ampla variedade de estilos.<\/p>\n\n\n\n<figure class=\"wp-block-image\" id=\"attachment_561073\"><img decoding=\"async\" src=\"http:\/\/agenciabrasilia.df.gov.br\/wp-conteudo\/uploads\/2023\/10\/TatianaReis-7503-scaled.jpg\" alt=\"\" class=\"wp-image-561073\"\/><figcaption class=\"wp-element-caption\">Conex\u00f5es Camer\u00edsticas segue com apresenta\u00e7\u00f5es nestas quarta (1\u00ba) e sexta (3), a partir das 19h30 | Fotos: Tatiana Reis<\/figcaption><\/figure>\n\n\n\n<p>\u201c\u00c9 um trabalho de autoperformance e uma imers\u00e3o dentro dos mais diferentes estilos musicais. A m\u00fasica de c\u00e2mara remete a s\u00e9culos passados, com apresenta\u00e7\u00f5es que eram promovidas em espa\u00e7os pequenos, como as c\u00e2maras de pal\u00e1cios, com poucos m\u00fasicos e uma maior apura\u00e7\u00e3o na forma de tocar, de maneira cuidadosa e minuciosa, com outros n\u00edveis de exig\u00eancia do m\u00fasico, como os quartetos de cordas e quinteto de madeiras, e hoje s\u00e3o forma\u00e7\u00f5es que est\u00e3o dentro de todos os estilos musicais\u201d, detalha Bomfim.<\/p>\n\n\n\n<p>Desde a quinta edi\u00e7\u00e3o do festival, o evento recebe apoio do FAC, o que tem sido fundamental para a sua execu\u00e7\u00e3o. \u201cO recurso proporciona a estrutura, como palco, ilumina\u00e7\u00e3o, grava\u00e7\u00e3o, sonoplastia. E o principal: conseguimos valorizar os m\u00fasicos, com um cach\u00ea justo e adequado para as apresenta\u00e7\u00f5es\u201d, conta a diretora art\u00edstica.<\/p>\n\n\n\n<p><strong>Apresenta\u00e7\u00f5es<\/strong><\/p>\n\n\n\n<figure class=\"wp-block-image\" id=\"attachment_561074\"><img decoding=\"async\" src=\"http:\/\/agenciabrasilia.df.gov.br\/wp-conteudo\/uploads\/2023\/10\/TatianaReis-7679-scaled.jpg\" alt=\"\" class=\"wp-image-561074\"\/><figcaption class=\"wp-element-caption\">Os m\u00fasicos foram selecionados por meio de um edital de sele\u00e7\u00e3o e processo de curadoria<\/figcaption><\/figure>\n\n\n\n<p>O festival apresenta cinco grupos por noite, com forma\u00e7\u00f5es de dois a oito integrantes, representando diferentes estados do Brasil. Nesta quarta-feira, a partir das 19h30, as atra\u00e7\u00f5es s\u00e3o Duo Affretato (RJ), Duo Foz (MG), Dynamos Duo (DF), Quarteto Capital (DF) e F\u00f3rmula Duo (PB). Por sua vez, na sexta-feira, os grupos Duo Guerra-Rimoldi (MG), Trio Caracter\u00edstico (MG), DaniLu Duo (PB\/DF), Duo Arraes-Moyer (DF) e Descobertas (DF) fecham o encontro.<\/p>\n\n\n\n<p>Na \u00faltima segunda-feira (30\/10), o festival estreou com apresenta\u00e7\u00f5es dos grupos Quarteto Transversal (DF), Karla Dias e Diogo Gianchristoforo (DF), Paloma Pitaya e Pedro Iaco (SP), Duo Calliandra (DF) e Liberarte Trio (DF).<\/p>\n\n\n\n<p>Os m\u00fasicos que se apresentam no festival foram selecionados por meio de um edital de sele\u00e7\u00e3o e processo de curadoria, destacando o crescimento do g\u00eanero musical desde a primeira edi\u00e7\u00e3o realizada pelo Quarteto Transversal, que organizou o evento.<\/p>\n\n\n\n<blockquote class=\"wp-block-quote is-layout-flow wp-block-quote-is-layout-flow\">\n<p>\u201cRecebemos 87 inscri\u00e7\u00f5es de v\u00e1rios locais do pa\u00eds, e ficamos muito surpresos e felizes, pois uma das propostas do evento \u00e9 fomentar e fortalecer a m\u00fasica de c\u00e2mara e isso tem estimulado a forma\u00e7\u00e3o de novos m\u00fasicos. Na primeira edi\u00e7\u00e3o do festival, tivemos dificuldades em conseguir oito grupos para a apresenta\u00e7\u00e3o e agora recebemos a inscri\u00e7\u00e3o de 51 grupos somente aqui do DF\u201dSammille Bomfim, diretora de arte do festival<\/p>\n<\/blockquote>\n\n\n\n<p>\u201cRecebemos 87 inscri\u00e7\u00f5es de v\u00e1rios locais do pa\u00eds, e ficamos muito surpresos e felizes, pois uma das propostas do evento \u00e9 fomentar e fortalecer a m\u00fasica de c\u00e2mara e isso tem estimulado a forma\u00e7\u00e3o de novos m\u00fasicos. Por exemplo, na primeira edi\u00e7\u00e3o do festival, tivemos dificuldades em conseguir oito grupos para a apresenta\u00e7\u00e3o, e agora recebemos a inscri\u00e7\u00e3o de 51 grupos somente aqui do DF, o que \u00e9 um marco cultural para a cidade, e 36 de outros estados\u201d, salienta Bomfim.<\/p>\n\n\n\n<p>Uma das artistas selecionadas, a pianista e professora de piano da Universidade Federal da Para\u00edba (UFPB) Luciana Noda elogia a iniciativa de promo\u00e7\u00e3o da m\u00fasica de c\u00e2mara e destaca a liberdade da programa\u00e7\u00e3o. Ela far\u00e1 duas apresenta\u00e7\u00f5es em um repert\u00f3rio com m\u00fasicas nacionais.<\/p>\n\n\n\n<p>\u201cFicamos muito felizes, e essa ser\u00e1 a primeira vez que vamos nos apresentar em Bras\u00edlia. A iniciativa de promo\u00e7\u00e3o da m\u00fasica de c\u00e2mara \u00e9 muito legal. O convite para outros grupos tocarem \u00e9 \u00fanico no Brasil, um evento democr\u00e1tico, com m\u00fasicos do pa\u00eds inteiro, em um palco bacana, que rompem as barreiras da m\u00fasica erudita e tocam diversos estilos com uma programa\u00e7\u00e3o que contempla a liberdade\u201d, afirma Noda. A pianista se apresenta na quarta-feira, \u00e0s 19h30, com Marcelo Vasconcelos, no grupo F\u00f3rmula Duo, e no mesmo hor\u00e1rio na sexta-feira (3), com o violinista Daniel Marques, formando a DaniLu Duo.<\/p>\n\n\n\n<p><strong>Programa\u00e7\u00e3o<\/strong><\/p>\n\n\n\n<p>Quarta-feira (1\u00ba) \u2013 A partir das 19h30<br>\u2192 Duo Affretato \u2013 RJ<br>\u2192 Duo Foz \u2013 MG<br>\u2192 Dynamos Duo \u2013 DF<br>\u2192 Quarteto Capital \u2013 DF<br>\u2192 F\u00f3rmula Duo \u2013 PB<\/p>\n\n\n\n<p>Sexta-feira (3) \u2013 A partir das 19h30<br>\u2192 Duo Guerra-Rimoldi \u2013 MG<br>\u2192 Trio Caracter\u00edstico \u2013 MG<br>\u2192 Danilu \u2013 PB\/DF<br>\u2192 Duo Arraes-Moyer \u2013 DF<br>\u2192 Descobertas \u2013 DF<\/p>\n\n\n\n<p>Mais informa\u00e7\u00f5es nas&nbsp;<a href=\"https:\/\/www.instagram.com\/conexoescameristicas\/\" target=\"_blank\" rel=\"noreferrer noopener\">redes sociais do projeto<\/a>&nbsp;ou pelo&nbsp;<a href=\"https:\/\/www.conexoescameristicas.com.br\/\" target=\"_blank\" rel=\"noreferrer noopener\">site do festival<\/a>.<\/p>\n","protected":false},"excerpt":{"rendered":"<p>At\u00e9 sexta-feira (3), a sexta edi\u00e7\u00e3o do evento Conex\u00f5es Camer\u00edsticas conta com 15 grupos de v\u00e1rias regi\u00f5es do pa\u00eds, representando do chorinho \u00e0 m\u00fasica erudita; entrada \u00e9 gratuita Josiane Borges, da Ag\u00eancia Bras\u00edlia | Edi\u00e7\u00e3o: Carolina Lobo &nbsp;Facebook&nbsp;Encaminhar At\u00e9 a sexta-feira (3), os apreciadores da boa m\u00fasica e de diferentes estilos musicais podem prestigiar a [&hellip;]<\/p>\n","protected":false},"author":1,"featured_media":1771,"comment_status":"open","ping_status":"open","sticky":false,"template":"","format":"standard","meta":{"_monsterinsights_skip_tracking":false,"_monsterinsights_sitenote_active":false,"_monsterinsights_sitenote_note":"","_monsterinsights_sitenote_category":0,"footnotes":""},"categories":[1],"tags":[],"class_list":["post-1770","post","type-post","status-publish","format-standard","has-post-thumbnail","hentry","category-sem-categoria"],"_links":{"self":[{"href":"https:\/\/cidadecult.com.br\/index.php?rest_route=\/wp\/v2\/posts\/1770","targetHints":{"allow":["GET"]}}],"collection":[{"href":"https:\/\/cidadecult.com.br\/index.php?rest_route=\/wp\/v2\/posts"}],"about":[{"href":"https:\/\/cidadecult.com.br\/index.php?rest_route=\/wp\/v2\/types\/post"}],"author":[{"embeddable":true,"href":"https:\/\/cidadecult.com.br\/index.php?rest_route=\/wp\/v2\/users\/1"}],"replies":[{"embeddable":true,"href":"https:\/\/cidadecult.com.br\/index.php?rest_route=%2Fwp%2Fv2%2Fcomments&post=1770"}],"version-history":[{"count":2,"href":"https:\/\/cidadecult.com.br\/index.php?rest_route=\/wp\/v2\/posts\/1770\/revisions"}],"predecessor-version":[{"id":2322,"href":"https:\/\/cidadecult.com.br\/index.php?rest_route=\/wp\/v2\/posts\/1770\/revisions\/2322"}],"wp:featuredmedia":[{"embeddable":true,"href":"https:\/\/cidadecult.com.br\/index.php?rest_route=\/wp\/v2\/media\/1771"}],"wp:attachment":[{"href":"https:\/\/cidadecult.com.br\/index.php?rest_route=%2Fwp%2Fv2%2Fmedia&parent=1770"}],"wp:term":[{"taxonomy":"category","embeddable":true,"href":"https:\/\/cidadecult.com.br\/index.php?rest_route=%2Fwp%2Fv2%2Fcategories&post=1770"},{"taxonomy":"post_tag","embeddable":true,"href":"https:\/\/cidadecult.com.br\/index.php?rest_route=%2Fwp%2Fv2%2Ftags&post=1770"}],"curies":[{"name":"wp","href":"https:\/\/api.w.org\/{rel}","templated":true}]}}