{"id":1763,"date":"2023-11-13T13:26:20","date_gmt":"2023-11-13T16:26:20","guid":{"rendered":"https:\/\/cidadecult.com.br\/?p=1763"},"modified":"2024-01-15T21:55:07","modified_gmt":"2024-01-16T00:55:07","slug":"um-ate-logo-aos-ipes-e-um-viva-as-arvores-de-flamboyants","status":"publish","type":"post","link":"https:\/\/cidadecult.com.br\/?p=1763","title":{"rendered":"Um at\u00e9 logo aos Ip\u00eas e um viva \u00e0s \u00e1rvores de Flamboyants."},"content":{"rendered":"\n<p><\/p>\n\n\n\n<p>H\u00e1 quem ame os Ip\u00eas e quem vislumbre a beleza dos Flamboyants. Ao fim da florada dos Ip\u00eas t\u00eam in\u00edcio a sua temporada, entre os meses de outubro a dezembro a \u00e1rvore vai mudando as paisagens pela cidade.<\/p>\n\n\n\n<p>Como um verdadeiro guarda-chuva natural, cores vibrantes em vermelho chama a aten\u00e7\u00e3o de quem passa. Apesar de a esp\u00e9cie ser nativa da ilha de Madagascar, desfila sua beleza tamb\u00e9m pela capital. Por s\u00e3o cerca de 100 mil \u00e1rvores que representam a esp\u00e9cie no DF, segundo dados da Companhia Urbanizadora da Nova Capital (Novacap).<\/p>\n\n\n\n<p><br>Para o administrador do Plano Piloto, Valdemar Medeiros, as \u00e1reas verdes da cidade s\u00e3o de grande import\u00e2ncia para a qualidade de vida da popula\u00e7\u00e3o. \u201cA Administra\u00e7\u00e3o vem realizando um trabalho de zeladoria, que cuida das plantas j\u00e1 existentes e tamb\u00e9m realiza apoio no recolhimento de lixo verde. A ideia \u00e9 contribuir para manter a nossa arboriza\u00e7\u00e3o, al\u00e9m de deixar a cidade linda, como um verdadeiro cart\u00e3o-postal\u201d, frisa Valdemar.<\/p>\n\n\n\n<p>Devido a beleza o flamboyant \u00e9 considerado uma das \u00e1rvores mais bonitas do mundo, n\u00e3o \u00e0 toa \u00e9 muito utilizada no paisagismo. Mas antes de plantar essa \u00e1rvore \u00e9 preciso ficar atento ao tamanho do espa\u00e7o, pois ele necessita de \u00e1reas grandes, como os galhos se alongam as ra\u00edzes seguem o mesmo fluxo. Por isso n\u00e3o \u00e9 indicado plantar essa esp\u00e9cie em cal\u00e7adas estreitas e \u00e1reas pequenas.<\/p>\n\n\n\n<p>\u201cA Novacap, por meio do Departamento de Parques e Jardins, \u00e9 respons\u00e1vel por cuidar da \u00e1rea verde do Plano Piloto, que cont\u00e9m cerca de 1,5 milh\u00e3o de \u00e1rvores, al\u00e9m do paisagismo de todo o Distrito Federal. Pedimos que a popula\u00e7\u00e3o evite plantar sem a autoriza\u00e7\u00e3o da Novacap, para que esp\u00e9cies inadequadas n\u00e3o prejudiquem a urbaniza\u00e7\u00e3o das cidades, como cal\u00e7adas e estacionamentos. Podas de \u00e1rvores podem ser solicitadas pela Ouvidoria 162, onde um t\u00e9cnico do DPJ faz a an\u00e1lise e demanda a equipe de podas para ir at\u00e9 o local\u201d, explica o presidente da Novacap, Fernando Leite.<\/p>\n\n\n\n<p>Caso a pessoa queira plantar uma \u00e1rvore pr\u00f3xima \u00e0 resid\u00eancia, dever\u00e1 solicitar a visita t\u00e9cnica da Novacap, para indicar a esp\u00e9cie adequada ao plantio, por meio do telefone:&nbsp; 3403 2300.<\/p>\n\n\n\n<p>Texto: Daniela Uejo\/RA-PP<\/p>\n","protected":false},"excerpt":{"rendered":"<p>H\u00e1 quem ame os Ip\u00eas e quem vislumbre a beleza dos Flamboyants. Ao fim da florada dos Ip\u00eas t\u00eam in\u00edcio a sua temporada, entre os meses de outubro a dezembro a \u00e1rvore vai mudando as paisagens pela cidade. Como um verdadeiro guarda-chuva natural, cores vibrantes em vermelho chama a aten\u00e7\u00e3o de quem passa. Apesar de [&hellip;]<\/p>\n","protected":false},"author":1,"featured_media":1764,"comment_status":"open","ping_status":"open","sticky":false,"template":"","format":"standard","meta":{"_monsterinsights_skip_tracking":false,"_monsterinsights_sitenote_active":false,"_monsterinsights_sitenote_note":"","_monsterinsights_sitenote_category":0,"footnotes":""},"categories":[17],"tags":[],"class_list":["post-1763","post","type-post","status-publish","format-standard","has-post-thumbnail","hentry","category-bsb"],"_links":{"self":[{"href":"https:\/\/cidadecult.com.br\/index.php?rest_route=\/wp\/v2\/posts\/1763","targetHints":{"allow":["GET"]}}],"collection":[{"href":"https:\/\/cidadecult.com.br\/index.php?rest_route=\/wp\/v2\/posts"}],"about":[{"href":"https:\/\/cidadecult.com.br\/index.php?rest_route=\/wp\/v2\/types\/post"}],"author":[{"embeddable":true,"href":"https:\/\/cidadecult.com.br\/index.php?rest_route=\/wp\/v2\/users\/1"}],"replies":[{"embeddable":true,"href":"https:\/\/cidadecult.com.br\/index.php?rest_route=%2Fwp%2Fv2%2Fcomments&post=1763"}],"version-history":[{"count":2,"href":"https:\/\/cidadecult.com.br\/index.php?rest_route=\/wp\/v2\/posts\/1763\/revisions"}],"predecessor-version":[{"id":2323,"href":"https:\/\/cidadecult.com.br\/index.php?rest_route=\/wp\/v2\/posts\/1763\/revisions\/2323"}],"wp:featuredmedia":[{"embeddable":true,"href":"https:\/\/cidadecult.com.br\/index.php?rest_route=\/wp\/v2\/media\/1764"}],"wp:attachment":[{"href":"https:\/\/cidadecult.com.br\/index.php?rest_route=%2Fwp%2Fv2%2Fmedia&parent=1763"}],"wp:term":[{"taxonomy":"category","embeddable":true,"href":"https:\/\/cidadecult.com.br\/index.php?rest_route=%2Fwp%2Fv2%2Fcategories&post=1763"},{"taxonomy":"post_tag","embeddable":true,"href":"https:\/\/cidadecult.com.br\/index.php?rest_route=%2Fwp%2Fv2%2Ftags&post=1763"}],"curies":[{"name":"wp","href":"https:\/\/api.w.org\/{rel}","templated":true}]}}