{"id":17090,"date":"2026-03-12T15:31:02","date_gmt":"2026-03-12T18:31:02","guid":{"rendered":"https:\/\/cidadecult.com.br\/?p=17090"},"modified":"2026-03-12T15:31:04","modified_gmt":"2026-03-12T18:31:04","slug":"orquestra-experimental-de-repertorio-apresenta-concerto-dedicado-a-richard-wagner-no-theatro-municipal","status":"publish","type":"post","link":"https:\/\/cidadecult.com.br\/?p=17090","title":{"rendered":"Orquestra Experimental de Repert\u00f3rio apresenta concerto dedicado a Richard Wagner no Theatro Municipal"},"content":{"rendered":"\n<p>A <strong>Orquestra Experimental de Repert\u00f3rio<\/strong> e o <strong>Coro L\u00edrico Municipal de S\u00e3o Paulo<\/strong> apresentam, no dia <strong>29 de mar\u00e7o<\/strong>, um concerto especial dedicado \u00e0 obra do compositor alem\u00e3o <strong>Richard Wagner<\/strong>. A apresenta\u00e7\u00e3o acontece <strong>domingo, \u00e0s 11h<\/strong>, na <strong>Theatro Municipal de S\u00e3o Paulo<\/strong>, reunindo alguns dos momentos mais emblem\u00e1ticos da hist\u00f3ria da \u00f3pera.<\/p>\n\n\n\n<p>Sob reg\u00eancia de <strong>Wagner Polistchuk<\/strong> e com prepara\u00e7\u00e3o do coro por <strong>Hern\u00e1n S\u00e1nchez Arteaga<\/strong>, o concerto conta ainda com a participa\u00e7\u00e3o do tenor <strong>Renato Tenreiro<\/strong>. A apresenta\u00e7\u00e3o tem <strong>dura\u00e7\u00e3o aproximada de 60 minutos<\/strong>, sem intervalo.<\/p>\n\n\n\n<h2 class=\"wp-block-heading\">Um passeio por grandes \u00f3peras de Wagner<\/h2>\n\n\n\n<p>O programa re\u00fane trechos marcantes de algumas das mais importantes \u00f3peras de Wagner, compositor que revolucionou a linguagem oper\u00edstica no s\u00e9culo XIX ao integrar m\u00fasica, drama e mitologia em obras de grande densidade art\u00edstica.<\/p>\n\n\n\n<p>Entre as pe\u00e7as apresentadas est\u00e3o trechos de \u00f3peras como:<\/p>\n\n\n\n<ul class=\"wp-block-list\">\n<li><strong>Lohengrin<\/strong><\/li>\n\n\n\n<li><strong>Trist\u00e3o e Isolda<\/strong><\/li>\n\n\n\n<li><strong>O Navio Fantasma<\/strong><\/li>\n\n\n\n<li><strong>O Crep\u00fasculo dos Deuses<\/strong><\/li>\n\n\n\n<li><strong>As Valqu\u00edrias<\/strong><\/li>\n\n\n\n<li><strong>Tannh\u00e4user<\/strong><\/li>\n<\/ul>\n\n\n\n<p>Entre os destaques do repert\u00f3rio est\u00e3o a famosa <strong>Cavalgada das Valqu\u00edrias<\/strong>, um dos trechos mais reconhecidos da m\u00fasica cl\u00e1ssica, al\u00e9m do <strong>Coro dos Peregrinos<\/strong>, de <em>Tannh\u00e4user<\/em>, considerado um dos momentos mais emocionantes da \u00f3pera rom\u00e2ntica.<\/p>\n\n\n\n<h2 class=\"wp-block-heading\">Narrativas \u00e9picas e mitol\u00f3gicas<\/h2>\n\n\n\n<p>As obras selecionadas percorrem diferentes momentos da produ\u00e7\u00e3o de Wagner, que se inspirou em <strong>lendas germ\u00e2nicas, mitologia n\u00f3rdica e narrativas medievais<\/strong>.<\/p>\n\n\n\n<p>Entre elas, <em>Lohengrin<\/em> narra a hist\u00f3ria do Cavaleiro do Cisne, que chega misteriosamente para defender Elsa de uma acusa\u00e7\u00e3o injusta. J\u00e1 <em>Trist\u00e3o e Isolda<\/em> \u00e9 conhecida como uma das \u00f3peras mais revolucion\u00e1rias da hist\u00f3ria da m\u00fasica, baseada na lenda medieval de um amor tr\u00e1gico.<\/p>\n\n\n\n<p><em>O Navio Fantasma<\/em> apresenta o drama de um capit\u00e3o condenado a navegar eternamente, enquanto <em>O Crep\u00fasculo dos Deuses<\/em> e <em>As Valqu\u00edrias<\/em> fazem parte do monumental ciclo <strong>O Anel do Nibelungo<\/strong>, uma tetralogia inspirada na mitologia germ\u00e2nica.<\/p>\n\n\n\n<h2 class=\"wp-block-heading\">Servi\u00e7o<\/h2>\n\n\n\n<p><strong>Orquestra Experimental de Repert\u00f3rio apresenta Richard Wagner<\/strong><\/p>\n\n\n\n<p>\ud83d\udccd Local: Sala de Espet\u00e1culos \u2013 Theatro Municipal de S\u00e3o Paulo<br>\ud83d\udcc5 Data: 29 de mar\u00e7o (domingo)<br>\u23f0 Hor\u00e1rio: 11h<\/p>\n\n\n\n<p>\ud83c\udfbc Participa\u00e7\u00f5es<br>Orquestra Experimental de Repert\u00f3rio<br>Coro L\u00edrico Municipal<\/p>\n\n\n\n<p>\ud83c\udfb6 Reg\u00eancia: Wagner Polistchuk<br>\ud83c\udfb6 Regente do coro: Hern\u00e1n S\u00e1nchez Arteaga<br>\ud83c\udfa4 Tenor: Renato Tenreiro<\/p>\n\n\n\n<p>\ud83c\udf9f Ingressos: a partir de <strong>R$ 13 at\u00e9 R$ 50<\/strong><br>\u23f1 Dura\u00e7\u00e3o: cerca de <strong>60 minutos<\/strong><br>\ud83d\udc68\u200d\ud83d\udc69\u200d\ud83d\udc67 Classifica\u00e7\u00e3o: livre<\/p>\n","protected":false},"excerpt":{"rendered":"<p>A Orquestra Experimental de Repert\u00f3rio e o Coro L\u00edrico Municipal de S\u00e3o Paulo apresentam, no dia 29 de mar\u00e7o, um concerto especial dedicado \u00e0 obra do compositor alem\u00e3o Richard Wagner. A apresenta\u00e7\u00e3o acontece domingo, \u00e0s 11h, na Theatro Municipal de S\u00e3o Paulo, reunindo alguns dos momentos mais emblem\u00e1ticos da hist\u00f3ria da \u00f3pera. Sob reg\u00eancia de [&hellip;]<\/p>\n","protected":false},"author":777,"featured_media":17091,"comment_status":"open","ping_status":"open","sticky":false,"template":"","format":"standard","meta":{"_monsterinsights_skip_tracking":false,"_monsterinsights_sitenote_active":false,"_monsterinsights_sitenote_note":"","_monsterinsights_sitenote_category":0,"footnotes":""},"categories":[35],"tags":[7182,7180,6167,7184,7187,7185,7186,7183,7181],"class_list":["post-17090","post","type-post","status-publish","format-standard","has-post-thumbnail","hentry","category-business-news365","tag-concerto-wagner","tag-coro-lirico-municipal","tag-musica-classica","tag-musica-erudita","tag-opera-3","tag-orquestra-experimental-de-repertorio","tag-programacao-cultural-sao-paulo","tag-richard-wagner","tag-theatro-municipal-de-sao-paulo"],"_links":{"self":[{"href":"https:\/\/cidadecult.com.br\/index.php?rest_route=\/wp\/v2\/posts\/17090","targetHints":{"allow":["GET"]}}],"collection":[{"href":"https:\/\/cidadecult.com.br\/index.php?rest_route=\/wp\/v2\/posts"}],"about":[{"href":"https:\/\/cidadecult.com.br\/index.php?rest_route=\/wp\/v2\/types\/post"}],"author":[{"embeddable":true,"href":"https:\/\/cidadecult.com.br\/index.php?rest_route=\/wp\/v2\/users\/777"}],"replies":[{"embeddable":true,"href":"https:\/\/cidadecult.com.br\/index.php?rest_route=%2Fwp%2Fv2%2Fcomments&post=17090"}],"version-history":[{"count":1,"href":"https:\/\/cidadecult.com.br\/index.php?rest_route=\/wp\/v2\/posts\/17090\/revisions"}],"predecessor-version":[{"id":17092,"href":"https:\/\/cidadecult.com.br\/index.php?rest_route=\/wp\/v2\/posts\/17090\/revisions\/17092"}],"wp:featuredmedia":[{"embeddable":true,"href":"https:\/\/cidadecult.com.br\/index.php?rest_route=\/wp\/v2\/media\/17091"}],"wp:attachment":[{"href":"https:\/\/cidadecult.com.br\/index.php?rest_route=%2Fwp%2Fv2%2Fmedia&parent=17090"}],"wp:term":[{"taxonomy":"category","embeddable":true,"href":"https:\/\/cidadecult.com.br\/index.php?rest_route=%2Fwp%2Fv2%2Fcategories&post=17090"},{"taxonomy":"post_tag","embeddable":true,"href":"https:\/\/cidadecult.com.br\/index.php?rest_route=%2Fwp%2Fv2%2Ftags&post=17090"}],"curies":[{"name":"wp","href":"https:\/\/api.w.org\/{rel}","templated":true}]}}