{"id":17079,"date":"2026-03-12T15:14:28","date_gmt":"2026-03-12T18:14:28","guid":{"rendered":"https:\/\/cidadecult.com.br\/?p=17079"},"modified":"2026-03-12T15:21:53","modified_gmt":"2026-03-12T18:21:53","slug":"o-diabo-veste-prada-2-ganha-teaser-e-poster-oficial-estreia-sera-em-abril-nos-cinemas","status":"publish","type":"post","link":"https:\/\/cidadecult.com.br\/?p=17079","title":{"rendered":"\u201cO Diabo Veste Prada 2\u201d ganha teaser e p\u00f4ster oficial; estreia ser\u00e1 em abril nos cinemas"},"content":{"rendered":"\n<p>O aguardado <strong>O Diabo Veste Prada 2<\/strong> ganhou nesta quinta-feira (12) <strong>um novo teaser trailer e p\u00f4ster oficial<\/strong>, divulgados pela <strong>20th Century Studios<\/strong>. A sequ\u00eancia do cl\u00e1ssico filme de moda retorna com <strong>Meryl Streep<\/strong>, <strong>Anne Hathaway<\/strong>, <strong>Emily Blunt<\/strong> e <strong>Stanley Tucci<\/strong> no elenco principal.<\/p>\n\n\n\n<p>O longa chega aos <strong>cinemas brasileiros em 30 de abril de 2026<\/strong>, quase duas d\u00e9cadas ap\u00f3s o lan\u00e7amento do primeiro filme, que se tornou um marco da cultura pop e do universo da moda.<\/p>\n\n\n\n<figure class=\"wp-block-embed is-type-video is-provider-youtube wp-block-embed-youtube wp-embed-aspect-16-9 wp-has-aspect-ratio\"><div class=\"wp-block-embed__wrapper\">\n<div class=\"jeg_video_container jeg_video_content\"><iframe loading=\"lazy\" title=\"The Devil Wears Prada 2 | Tickets on Sale Now\" width=\"500\" height=\"281\" src=\"https:\/\/www.youtube.com\/embed\/iVKa2g1S6_s?start=5&#038;feature=oembed\" frameborder=\"0\" allow=\"accelerometer; autoplay; clipboard-write; encrypted-media; gyroscope; picture-in-picture; web-share\" referrerpolicy=\"strict-origin-when-cross-origin\" allowfullscreen><\/iframe><\/div>\n<\/div><\/figure>\n\n\n\n<h3 class=\"wp-block-heading\">Nova hist\u00f3ria coloca Miranda e Emily em lados opostos<\/h3>\n\n\n\n<p>Na sequ\u00eancia, a poderosa editora <strong>Miranda Priestly<\/strong>, interpretada por Meryl Streep, enfrenta um momento delicado em sua carreira. O decl\u00ednio de sua influ\u00eancia no mercado editorial a leva a buscar apoio financeiro de um poderoso grupo de luxo.<\/p>\n\n\n\n<p>O problema \u00e9 que <strong>Emily Charlton<\/strong>, antiga assistente da revista Runway e agora executiva de destaque nesse conglomerado, passa a ser pe\u00e7a-chave nessa negocia\u00e7\u00e3o. Interpretada por Emily Blunt, a personagem retorna com ainda mais poder e influ\u00eancia no mundo da moda.<\/p>\n\n\n\n<p>O conflito promete colocar frente a frente duas figuras que, no primeiro filme, mantinham uma rela\u00e7\u00e3o marcada por tens\u00e3o e hierarquia.<\/p>\n\n\n\n<h3 class=\"wp-block-heading\">O fen\u00f4meno do primeiro filme<\/h3>\n\n\n\n<p>O novo longa \u00e9 continua\u00e7\u00e3o de <strong>O Diabo Veste Prada<\/strong>, dirigido por <strong>David Frankel<\/strong> e baseado no livro hom\u00f4nimo de <strong>Lauren Weisberger<\/strong>, lan\u00e7ado em 2003.<\/p>\n\n\n\n<p>Na trama original, o p\u00fablico acompanha <strong>Andy Sachs<\/strong>, personagem de Anne Hathaway, uma jovem jornalista que consegue emprego como assistente de Miranda Priestly na fict\u00edcia revista de moda <strong>Runway<\/strong>. Ao longo da hist\u00f3ria, Andy precisa lidar com o ambiente competitivo e exigente da ind\u00fastria da moda.<\/p>\n\n\n\n<p>Com or\u00e7amento de cerca de <strong>US$ 35 milh\u00f5es<\/strong>, o filme arrecadou <strong>mais de US$ 326 milh\u00f5es nas bilheterias mundiais<\/strong>, consolidando-se como um sucesso comercial e um cl\u00e1ssico moderno.<\/p>\n\n\n\n<h3 class=\"wp-block-heading\">Expectativa para a sequ\u00eancia<\/h3>\n\n\n\n<p>O retorno do elenco original, aliado ao status cult do primeiro filme, fez o novo projeto rapidamente se tornar um dos t\u00edtulos mais aguardados de 2026.<\/p>\n\n\n\n<p>A produ\u00e7\u00e3o tamb\u00e9m marca um momento nost\u00e1lgico para f\u00e3s da franquia, que acompanham o universo de Miranda Priestly desde 2006 e aguardam para ver como os personagens evolu\u00edram quase vinte anos depois.<\/p>\n\n\n\n<figure class=\"wp-block-image size-full\"><img loading=\"lazy\" decoding=\"async\" width=\"1024\" height=\"677\" src=\"https:\/\/cidadecult.com.br\/wp-content\/uploads\/2026\/03\/o-diabo-veste-prada2-1.jpg\" alt=\"\" class=\"wp-image-17082\" srcset=\"https:\/\/cidadecult.com.br\/wp-content\/uploads\/2026\/03\/o-diabo-veste-prada2-1.jpg 1024w, https:\/\/cidadecult.com.br\/wp-content\/uploads\/2026\/03\/o-diabo-veste-prada2-1-300x198.jpg 300w, https:\/\/cidadecult.com.br\/wp-content\/uploads\/2026\/03\/o-diabo-veste-prada2-1-768x508.jpg 768w, https:\/\/cidadecult.com.br\/wp-content\/uploads\/2026\/03\/o-diabo-veste-prada2-1-750x496.jpg 750w\" sizes=\"auto, (max-width: 1024px) 100vw, 1024px\" \/><figcaption class=\"wp-element-caption\">O diabo veste prada 2 com Meryl Streep e Anne Hathaway \/ Divulga\u00e7\u00e3o<\/figcaption><\/figure>\n","protected":false},"excerpt":{"rendered":"<p>O aguardado O Diabo Veste Prada 2 ganhou nesta quinta-feira (12) um novo teaser trailer e p\u00f4ster oficial, divulgados pela 20th Century Studios. A sequ\u00eancia do cl\u00e1ssico filme de moda retorna com Meryl Streep, Anne Hathaway, Emily Blunt e Stanley Tucci no elenco principal. O longa chega aos cinemas brasileiros em 30 de abril de [&hellip;]<\/p>\n","protected":false},"author":777,"featured_media":17081,"comment_status":"open","ping_status":"open","sticky":false,"template":"","format":"standard","meta":{"_monsterinsights_skip_tracking":false,"_monsterinsights_sitenote_active":false,"_monsterinsights_sitenote_note":"","_monsterinsights_sitenote_category":0,"footnotes":""},"categories":[232],"tags":[7174,7175,7177,7176,7178,7161,7179,7172,7173],"class_list":["post-17079","post","type-post","status-publish","format-standard","has-post-thumbnail","hentry","category-cinema","tag-anne-hathaway","tag-cinema-2026","tag-emily-blunt","tag-estreia-nos-cinemas","tag-filmes-de-moda","tag-hollywood","tag-meryl-streep","tag-o-diabo-veste-prada-2","tag-the-devil-wears-prada-2"],"_links":{"self":[{"href":"https:\/\/cidadecult.com.br\/index.php?rest_route=\/wp\/v2\/posts\/17079","targetHints":{"allow":["GET"]}}],"collection":[{"href":"https:\/\/cidadecult.com.br\/index.php?rest_route=\/wp\/v2\/posts"}],"about":[{"href":"https:\/\/cidadecult.com.br\/index.php?rest_route=\/wp\/v2\/types\/post"}],"author":[{"embeddable":true,"href":"https:\/\/cidadecult.com.br\/index.php?rest_route=\/wp\/v2\/users\/777"}],"replies":[{"embeddable":true,"href":"https:\/\/cidadecult.com.br\/index.php?rest_route=%2Fwp%2Fv2%2Fcomments&post=17079"}],"version-history":[{"count":2,"href":"https:\/\/cidadecult.com.br\/index.php?rest_route=\/wp\/v2\/posts\/17079\/revisions"}],"predecessor-version":[{"id":17085,"href":"https:\/\/cidadecult.com.br\/index.php?rest_route=\/wp\/v2\/posts\/17079\/revisions\/17085"}],"wp:featuredmedia":[{"embeddable":true,"href":"https:\/\/cidadecult.com.br\/index.php?rest_route=\/wp\/v2\/media\/17081"}],"wp:attachment":[{"href":"https:\/\/cidadecult.com.br\/index.php?rest_route=%2Fwp%2Fv2%2Fmedia&parent=17079"}],"wp:term":[{"taxonomy":"category","embeddable":true,"href":"https:\/\/cidadecult.com.br\/index.php?rest_route=%2Fwp%2Fv2%2Fcategories&post=17079"},{"taxonomy":"post_tag","embeddable":true,"href":"https:\/\/cidadecult.com.br\/index.php?rest_route=%2Fwp%2Fv2%2Ftags&post=17079"}],"curies":[{"name":"wp","href":"https:\/\/api.w.org\/{rel}","templated":true}]}}