{"id":17069,"date":"2026-03-12T12:09:58","date_gmt":"2026-03-12T15:09:58","guid":{"rendered":"https:\/\/cidadecult.com.br\/?p=17069"},"modified":"2026-03-12T12:10:00","modified_gmt":"2026-03-12T15:10:00","slug":"tv-cultura-exibe-programacao-especial-na-semana-da-consciencia-negra","status":"publish","type":"post","link":"https:\/\/cidadecult.com.br\/?p=17069","title":{"rendered":"TV Cultura exibe programa\u00e7\u00e3o especial na Semana da Consci\u00eancia Negra"},"content":{"rendered":"\n<p>A <strong>TV Cultura<\/strong> prepara uma programa\u00e7\u00e3o especial para a <strong>Semana da Consci\u00eancia Negra<\/strong>, com atra\u00e7\u00f5es que destacam a <strong>identidade, a arte e a resist\u00eancia da popula\u00e7\u00e3o negra no Brasil e no mundo<\/strong>. De <strong>segunda-feira (17) a sexta-feira (21\/11)<\/strong>, a emissora exibe <strong>entrevistas, document\u00e1rios e musicais<\/strong> que ampliam o debate sobre representatividade, mem\u00f3ria e cultura.<\/p>\n\n\n\n<p>A sele\u00e7\u00e3o re\u00fane nomes de destaque das artes, do pensamento e da m\u00fasica, em uma semana que prop\u00f5e reflex\u00e3o e celebra\u00e7\u00e3o por meio da televis\u00e3o p\u00fablica.<\/p>\n\n\n\n<h3 class=\"wp-block-heading\">Ingrid Silva abre a programa\u00e7\u00e3o no Roda Viva<\/h3>\n\n\n\n<p>Na <strong>segunda-feira (17)<\/strong>, \u00e0s <strong>22h<\/strong>, o <strong>Roda Viva<\/strong> recebe a bailarina e core\u00f3grafa <strong>Ingrid Silva<\/strong>, um dos principais nomes do bal\u00e9 cl\u00e1ssico contempor\u00e2neo.<\/p>\n\n\n\n<p>Primeira bailarina do <strong>Dance Theatre of Harlem<\/strong>, em Nova York, Ingrid tamb\u00e9m \u00e9 autora dos livros <strong>A Sapatilha que Mudou Meu Mundo<\/strong> (2021) e <strong>A Bailarina que Pintava Suas Sapatilhas<\/strong> (2023). Na entrevista, a artista deve abordar sua trajet\u00f3ria internacional, os desafios da profiss\u00e3o e a import\u00e2ncia da representatividade negra na dan\u00e7a.<\/p>\n\n\n\n<h3 class=\"wp-block-heading\">Document\u00e1rios discutem mem\u00f3ria e racismo estrutural<\/h3>\n\n\n\n<p>Na <strong>quarta-feira (19)<\/strong>, a programa\u00e7\u00e3o traz dois document\u00e1rios.<\/p>\n\n\n\n<p>\u00c0s <strong>22h<\/strong>, vai ao ar <strong>O Pante\u00e3o das Mem\u00f3rias Negras<\/strong>, dirigido por <strong>Karim Akadiri Souma\u00efla<\/strong>. O longa apresenta um panorama hist\u00f3rico da rela\u00e7\u00e3o da Rep\u00fablica Francesa com suas popula\u00e7\u00f5es negras e afro-caribenhas, da aboli\u00e7\u00e3o da escravid\u00e3o aos dias atuais. A produ\u00e7\u00e3o re\u00fane entrevistas com nomes como <strong>Christiane Taubira<\/strong>, autora da lei que reconhece a escravid\u00e3o como crime contra a humanidade, al\u00e9m de historiadores, soci\u00f3logos, artistas e intelectuais.<\/p>\n\n\n\n<p>Em seguida, \u00e0s <strong>23h30<\/strong>, a emissora exibe <strong>Dentro da Minha Pele<\/strong>, com dire\u00e7\u00e3o de <strong>Toni Venturi<\/strong> e <strong>Val Gomes<\/strong>. O document\u00e1rio discute o <strong>racismo estrutural<\/strong> a partir das viv\u00eancias de nove pessoas negras em S\u00e3o Paulo, que compartilham experi\u00eancias cotidianas de discrimina\u00e7\u00e3o, dor, resist\u00eancia e reinven\u00e7\u00e3o. Com abordagem sens\u00edvel e po\u00e9tica, o filme costura depoimentos, m\u00fasica e observa\u00e7\u00e3o do cotidiano para revelar marcas profundas do racismo na sociedade brasileira.<\/p>\n\n\n\n<h3 class=\"wp-block-heading\">Brasil Jazz Sinf\u00f4nica apresenta concerto tem\u00e1tico<\/h3>\n\n\n\n<p>Na <strong>quinta-feira (20)<\/strong>, \u00e0s <strong>23h30<\/strong>, a <strong>Orquestra Brasil Jazz Sinf\u00f4nica<\/strong> exibe o concerto <strong>Jazz Toca Consci\u00eancia Negra<\/strong>, reunindo grandes nomes da m\u00fasica brasileira em uma apresenta\u00e7\u00e3o especial.<\/p>\n\n\n\n<p>A sele\u00e7\u00e3o inclui artistas como <strong>Teresa Cristina, Gilberto Gil, Liniker, Tulipa Ruiz, Elza Soares, Ala\u00edde Costa, Alcione, Margareth Menezes, Alexandre Pires, Chico C\u00e9sar, Mariene de Castro, Paula Lima e Tony Gordon<\/strong>. O espet\u00e1culo celebra a pot\u00eancia da m\u00fasica negra e sua contribui\u00e7\u00e3o decisiva para a cultura brasileira.<\/p>\n\n\n\n<h3 class=\"wp-block-heading\">Maur\u00edcio Xavier encerra a semana no Persona<\/h3>\n\n\n\n<p>Fechando a programa\u00e7\u00e3o, na <strong>sexta-feira (21)<\/strong>, \u00e0s <strong>22h<\/strong>, o programa <strong>Persona<\/strong> recebe o ator <strong>Maur\u00edcio Xavier<\/strong>. Em conversa com <strong>Chris Maksud<\/strong> e <strong>At\u00edlio Bari<\/strong>, o artista relembra momentos marcantes da vida e da carreira, em uma entrevista que valoriza trajet\u00f3ria, mem\u00f3ria e experi\u00eancia.<\/p>\n\n\n\n<h3 class=\"wp-block-heading\">Uma semana de reflex\u00e3o e celebra\u00e7\u00e3o<\/h3>\n\n\n\n<p>Com uma grade que combina <strong>jornalismo, cinema, m\u00fasica e entrevistas<\/strong>, a TV Cultura transforma a Semana da Consci\u00eancia Negra em um espa\u00e7o de visibilidade e reconhecimento da contribui\u00e7\u00e3o negra para a sociedade. A programa\u00e7\u00e3o refor\u00e7a a import\u00e2ncia de discutir representatividade e racismo sem abrir m\u00e3o da valoriza\u00e7\u00e3o da arte e da mem\u00f3ria.<\/p>\n\n\n\n<p><em>Foto capa: Marina Buozzi\/ Acervo TV Cultura<\/em><\/p>\n","protected":false},"excerpt":{"rendered":"<p>A TV Cultura prepara uma programa\u00e7\u00e3o especial para a Semana da Consci\u00eancia Negra, com atra\u00e7\u00f5es que destacam a identidade, a arte e a resist\u00eancia da popula\u00e7\u00e3o negra no Brasil e no mundo. De segunda-feira (17) a sexta-feira (21\/11), a emissora exibe entrevistas, document\u00e1rios e musicais que ampliam o debate sobre representatividade, mem\u00f3ria e cultura. A [&hellip;]<\/p>\n","protected":false},"author":777,"featured_media":17070,"comment_status":"open","ping_status":"open","sticky":false,"template":"","format":"standard","meta":{"_monsterinsights_skip_tracking":false,"_monsterinsights_sitenote_active":false,"_monsterinsights_sitenote_note":"","_monsterinsights_sitenote_category":0,"footnotes":""},"categories":[39],"tags":[6673,115,7157,7159,7158,7160,7156,7155,6201],"class_list":["post-17069","post","type-post","status-publish","format-standard","has-post-thumbnail","hentry","category-economics","tag-brasil-jazz-sinfonica","tag-consciencia-negra","tag-dentro-da-minha-pele","tag-ingrid-silva","tag-o-panteao-das-memorias-negras","tag-persona","tag-roda-viva","tag-semana-da-consciencia-negra","tag-tv-cultura"],"_links":{"self":[{"href":"https:\/\/cidadecult.com.br\/index.php?rest_route=\/wp\/v2\/posts\/17069","targetHints":{"allow":["GET"]}}],"collection":[{"href":"https:\/\/cidadecult.com.br\/index.php?rest_route=\/wp\/v2\/posts"}],"about":[{"href":"https:\/\/cidadecult.com.br\/index.php?rest_route=\/wp\/v2\/types\/post"}],"author":[{"embeddable":true,"href":"https:\/\/cidadecult.com.br\/index.php?rest_route=\/wp\/v2\/users\/777"}],"replies":[{"embeddable":true,"href":"https:\/\/cidadecult.com.br\/index.php?rest_route=%2Fwp%2Fv2%2Fcomments&post=17069"}],"version-history":[{"count":1,"href":"https:\/\/cidadecult.com.br\/index.php?rest_route=\/wp\/v2\/posts\/17069\/revisions"}],"predecessor-version":[{"id":17072,"href":"https:\/\/cidadecult.com.br\/index.php?rest_route=\/wp\/v2\/posts\/17069\/revisions\/17072"}],"wp:featuredmedia":[{"embeddable":true,"href":"https:\/\/cidadecult.com.br\/index.php?rest_route=\/wp\/v2\/media\/17070"}],"wp:attachment":[{"href":"https:\/\/cidadecult.com.br\/index.php?rest_route=%2Fwp%2Fv2%2Fmedia&parent=17069"}],"wp:term":[{"taxonomy":"category","embeddable":true,"href":"https:\/\/cidadecult.com.br\/index.php?rest_route=%2Fwp%2Fv2%2Fcategories&post=17069"},{"taxonomy":"post_tag","embeddable":true,"href":"https:\/\/cidadecult.com.br\/index.php?rest_route=%2Fwp%2Fv2%2Ftags&post=17069"}],"curies":[{"name":"wp","href":"https:\/\/api.w.org\/{rel}","templated":true}]}}