{"id":17058,"date":"2026-03-11T18:44:29","date_gmt":"2026-03-11T21:44:29","guid":{"rendered":"https:\/\/cidadecult.com.br\/?p=17058"},"modified":"2026-03-11T18:44:31","modified_gmt":"2026-03-11T21:44:31","slug":"corrida-e-caminhada-pela-inclusao-olga-kos-mobiliza-brasilia-no-dia-internacional-da-sindrome-de-down","status":"publish","type":"post","link":"https:\/\/cidadecult.com.br\/?p=17058","title":{"rendered":"Corrida e Caminhada pela Inclus\u00e3o Olga Kos mobiliza Bras\u00edlia no Dia Internacional da S\u00edndrome de Down"},"content":{"rendered":"\n<p>Bras\u00edlia recebe, no dia <strong>22 de mar\u00e7o de 2026<\/strong>, a <strong>Corrida e Caminhada pela Inclus\u00e3o Olga Kos<\/strong>, evento que une esporte, diversidade e conviv\u00eancia em uma grande mobiliza\u00e7\u00e3o pela inclus\u00e3o social. A prova ser\u00e1 realizada na <strong>Pra\u00e7a do Buriti<\/strong>, com largada <strong>a partir das 7h<\/strong>, e a expectativa \u00e9 reunir <strong>mais de 11 mil participantes<\/strong>.<\/p>\n\n\n\n<p>Promovida pelo <strong>Instituto Olga Kos DF<\/strong>, com <strong>patroc\u00ednio master da Shell<\/strong>, a corrida celebra o <strong>Dia Internacional da S\u00edndrome de Down (21 de mar\u00e7o)<\/strong> e integra um calend\u00e1rio nacional de eventos que incentivam a ocupa\u00e7\u00e3o dos espa\u00e7os p\u00fablicos por pessoas com e sem defici\u00eancia.<\/p>\n\n\n\n<p>A largada ser\u00e1 dividida em categorias para <strong>PCDs, caminhantes e corredores<\/strong>, com percursos de <strong>5 km e 10 km<\/strong>.<\/p>\n\n\n\n<figure class=\"wp-block-image size-full\"><img loading=\"lazy\" decoding=\"async\" width=\"799\" height=\"452\" src=\"https:\/\/cidadecult.com.br\/wp-content\/uploads\/2026\/03\/Olga-Kos-3-1-1.jpg\" alt=\"\" class=\"wp-image-17064\" srcset=\"https:\/\/cidadecult.com.br\/wp-content\/uploads\/2026\/03\/Olga-Kos-3-1-1.jpg 799w, https:\/\/cidadecult.com.br\/wp-content\/uploads\/2026\/03\/Olga-Kos-3-1-1-300x170.jpg 300w, https:\/\/cidadecult.com.br\/wp-content\/uploads\/2026\/03\/Olga-Kos-3-1-1-768x434.jpg 768w, https:\/\/cidadecult.com.br\/wp-content\/uploads\/2026\/03\/Olga-Kos-3-1-1-750x424.jpg 750w\" sizes=\"auto, (max-width: 799px) 100vw, 799px\" \/><figcaption class=\"wp-element-caption\">Cr\u00e9dito: Divulga\u00e7\u00e3o \/ Etcetera Comunica\u00e7\u00e3o<\/figcaption><\/figure>\n\n\n\n<h3 class=\"wp-block-heading\">Inclus\u00e3o que vai al\u00e9m do esporte<\/h3>\n\n\n\n<p>Mais do que uma prova esportiva, o evento se consolidou como um <strong>movimento social pela inclus\u00e3o<\/strong>. A proposta \u00e9 transformar a corrida de rua em um espa\u00e7o de conviv\u00eancia, empatia e acessibilidade.<\/p>\n\n\n\n<p>De acordo com a <strong>Organiza\u00e7\u00e3o Mundial da Sa\u00fade (OMS)<\/strong>, estima-se que <strong>uma em cada 700 pessoas nas\u00e7a com S\u00edndrome de Down no Brasil<\/strong>. Apesar dos avan\u00e7os nas pol\u00edticas p\u00fablicas e na legisla\u00e7\u00e3o, a inclus\u00e3o plena ainda \u00e9 um desafio cotidiano para muitas fam\u00edlias.<\/p>\n\n\n\n<p>Nesse contexto, iniciativas como a Corrida e Caminhada pela Inclus\u00e3o refor\u00e7am a import\u00e2ncia de <strong>promover encontros reais entre pessoas com e sem defici\u00eancia<\/strong>, ampliando o di\u00e1logo e a visibilidade.<\/p>\n\n\n\n<h3 class=\"wp-block-heading\">Evento j\u00e1 faz parte do calend\u00e1rio de Bras\u00edlia<\/h3>\n\n\n\n<p>Na capital federal, a corrida j\u00e1 se tornou parte do calend\u00e1rio esportivo e social da cidade. A \u00faltima edi\u00e7\u00e3o, realizada em <strong>novembro de 2025<\/strong>, reuniu cerca de <strong>11 mil participantes<\/strong>, n\u00famero recorde para a prova no Distrito Federal.<\/p>\n\n\n\n<p>Para <strong>Wolf Kos<\/strong>, presidente do Instituto Olga Kos, o impacto do evento vai muito al\u00e9m da atividade f\u00edsica.<\/p>\n\n\n\n<blockquote class=\"wp-block-quote is-layout-flow wp-block-quote-is-layout-flow\">\n<p>\u201cA corrida de rua \u00e9 um espa\u00e7o democr\u00e1tico, onde pessoas com e sem defici\u00eancia dividem o mesmo trajeto. Quando elas correm juntas, a inclus\u00e3o deixa de ser teoria e passa a ser viv\u00eancia. \u00c9 assim que mudamos mentalidades.\u201d<\/p>\n<\/blockquote>\n\n\n\n<p>Para muitos participantes com defici\u00eancia, o evento representa <strong>pertencimento, visibilidade e respeito<\/strong>, mostrando que a inclus\u00e3o tamb\u00e9m se constr\u00f3i na pr\u00e1tica cotidiana.<\/p>\n\n\n\n<figure class=\"wp-block-image size-full\"><img loading=\"lazy\" decoding=\"async\" width=\"799\" height=\"533\" src=\"https:\/\/cidadecult.com.br\/wp-content\/uploads\/2026\/03\/Olga-Kos-4-1-1.jpg\" alt=\"\" class=\"wp-image-17065\" srcset=\"https:\/\/cidadecult.com.br\/wp-content\/uploads\/2026\/03\/Olga-Kos-4-1-1.jpg 799w, https:\/\/cidadecult.com.br\/wp-content\/uploads\/2026\/03\/Olga-Kos-4-1-1-300x200.jpg 300w, https:\/\/cidadecult.com.br\/wp-content\/uploads\/2026\/03\/Olga-Kos-4-1-1-768x512.jpg 768w, https:\/\/cidadecult.com.br\/wp-content\/uploads\/2026\/03\/Olga-Kos-4-1-1-750x500.jpg 750w\" sizes=\"auto, (max-width: 799px) 100vw, 799px\" \/><figcaption class=\"wp-element-caption\">Cr\u00e9dito: Divulga\u00e7\u00e3o \/ Etcetera Comunica\u00e7\u00e3o<\/figcaption><\/figure>\n\n\n\n<h3 class=\"wp-block-heading\">Instituto Olga Kos: refer\u00eancia em inclus\u00e3o<\/h3>\n\n\n\n<p>O <strong>Instituto Olga Kos DF<\/strong> \u00e9 uma organiza\u00e7\u00e3o sem fins lucrativos reconhecida por projetos voltados \u00e0 <strong>inclus\u00e3o de pessoas com defici\u00eancia e em situa\u00e7\u00e3o de vulnerabilidade social<\/strong>.<\/p>\n\n\n\n<p>A institui\u00e7\u00e3o desenvolve iniciativas nas \u00e1reas de <strong>esporte, artes e pesquisa<\/strong>, al\u00e9m de contribuir para a elabora\u00e7\u00e3o de <strong>pol\u00edticas p\u00fablicas voltadas \u00e0 inclus\u00e3o<\/strong>. Seus projetos, aprovados por leis de incentivo fiscal, atendem <strong>crian\u00e7as, jovens, adultos e idosos<\/strong> em diferentes regi\u00f5es do pa\u00eds.<\/p>\n\n\n\n<h3 class=\"wp-block-heading\">Servi\u00e7o<\/h3>\n\n\n\n<p><strong>Corrida e Caminhada pela Inclus\u00e3o Olga Kos \u2013 Bras\u00edlia<\/strong><\/p>\n\n\n\n<p>\ud83d\udcc5 Data: 22 de mar\u00e7o de 2026 (domingo)<br>\ud83d\udccd Local: Pra\u00e7a do Buriti \u2013 Bras\u00edlia (DF)<br>\u23f0 Hor\u00e1rio: a partir das 7h<\/p>\n\n\n\n<p>\ud83c\udfc3 Percursos: 5 km e 10 km<\/p>\n\n\n\n<p>\ud83c\udf9f Inscri\u00e7\u00f5es:<br><a href=\"https:\/\/bit.ly\/CorridaOlgaDF26\">https:\/\/bit.ly\/CorridaOlgaDF26<\/a><\/p>\n","protected":false},"excerpt":{"rendered":"<p>Bras\u00edlia recebe, no dia 22 de mar\u00e7o de 2026, a Corrida e Caminhada pela Inclus\u00e3o Olga Kos, evento que une esporte, diversidade e conviv\u00eancia em uma grande mobiliza\u00e7\u00e3o pela inclus\u00e3o social. A prova ser\u00e1 realizada na Pra\u00e7a do Buriti, com largada a partir das 7h, e a expectativa \u00e9 reunir mais de 11 mil participantes. [&hellip;]<\/p>\n","protected":false},"author":777,"featured_media":17060,"comment_status":"open","ping_status":"open","sticky":false,"template":"","format":"standard","meta":{"_monsterinsights_skip_tracking":false,"_monsterinsights_sitenote_active":false,"_monsterinsights_sitenote_note":"","_monsterinsights_sitenote_category":0,"footnotes":""},"categories":[17,7],"tags":[],"class_list":["post-17058","post","type-post","status-publish","format-standard","has-post-thumbnail","hentry","category-bsb","category-esportes"],"_links":{"self":[{"href":"https:\/\/cidadecult.com.br\/index.php?rest_route=\/wp\/v2\/posts\/17058","targetHints":{"allow":["GET"]}}],"collection":[{"href":"https:\/\/cidadecult.com.br\/index.php?rest_route=\/wp\/v2\/posts"}],"about":[{"href":"https:\/\/cidadecult.com.br\/index.php?rest_route=\/wp\/v2\/types\/post"}],"author":[{"embeddable":true,"href":"https:\/\/cidadecult.com.br\/index.php?rest_route=\/wp\/v2\/users\/777"}],"replies":[{"embeddable":true,"href":"https:\/\/cidadecult.com.br\/index.php?rest_route=%2Fwp%2Fv2%2Fcomments&post=17058"}],"version-history":[{"count":1,"href":"https:\/\/cidadecult.com.br\/index.php?rest_route=\/wp\/v2\/posts\/17058\/revisions"}],"predecessor-version":[{"id":17066,"href":"https:\/\/cidadecult.com.br\/index.php?rest_route=\/wp\/v2\/posts\/17058\/revisions\/17066"}],"wp:featuredmedia":[{"embeddable":true,"href":"https:\/\/cidadecult.com.br\/index.php?rest_route=\/wp\/v2\/media\/17060"}],"wp:attachment":[{"href":"https:\/\/cidadecult.com.br\/index.php?rest_route=%2Fwp%2Fv2%2Fmedia&parent=17058"}],"wp:term":[{"taxonomy":"category","embeddable":true,"href":"https:\/\/cidadecult.com.br\/index.php?rest_route=%2Fwp%2Fv2%2Fcategories&post=17058"},{"taxonomy":"post_tag","embeddable":true,"href":"https:\/\/cidadecult.com.br\/index.php?rest_route=%2Fwp%2Fv2%2Ftags&post=17058"}],"curies":[{"name":"wp","href":"https:\/\/api.w.org\/{rel}","templated":true}]}}