{"id":17051,"date":"2026-03-11T18:26:20","date_gmt":"2026-03-11T21:26:20","guid":{"rendered":"https:\/\/cidadecult.com.br\/?p=17051"},"modified":"2026-03-11T18:26:21","modified_gmt":"2026-03-11T21:26:21","slug":"premios-hertzog-da-silva-recebem-mais-de-700-inscricoes-para-edicao-de-2026","status":"publish","type":"post","link":"https:\/\/cidadecult.com.br\/?p=17051","title":{"rendered":"Pr\u00e9mios Hertzog da Silva recebem mais de 700 inscri\u00e7\u00f5es para edi\u00e7\u00e3o de 2026"},"content":{"rendered":"\n<p>A edi\u00e7\u00e3o de 2026 dos <strong>Pr\u00e9mios Hertzog da Silva de videoarte<\/strong> recebeu <strong>792 inscri\u00e7\u00f5es de 112 pa\u00edses<\/strong>, consolidando a premia\u00e7\u00e3o como uma das iniciativas mais relevantes dedicadas \u00e0 videoarte contempor\u00e2nea no cen\u00e1rio internacional.<\/p>\n\n\n\n<p>Os vencedores ser\u00e3o anunciados durante o <strong>Proyector Festival de Madrid<\/strong>, na Espanha, que acontece <strong>entre 9 e 20 de setembro de 2026<\/strong> e re\u00fane artistas, curadores e pesquisadores ligados \u00e0 produ\u00e7\u00e3o experimental em imagem em movimento.<\/p>\n\n\n\n<h3 class=\"wp-block-heading\">Participa\u00e7\u00e3o internacional<\/h3>\n\n\n\n<p>Entre os pa\u00edses com maior n\u00famero de inscri\u00e7\u00f5es nesta edi\u00e7\u00e3o, <strong>a Espanha lidera com 292 trabalhos<\/strong>, seguida por <strong>Ir\u00e3 (128)<\/strong>, <strong>Argentina (122)<\/strong> e <strong>Brasil (98)<\/strong>.<\/p>\n\n\n\n<p>A premia\u00e7\u00e3o destaca produ\u00e7\u00f5es que exploram novas linguagens e abordagens visuais dentro da videoarte, com trabalhos avaliados por <strong>um j\u00fari internacional composto por especialistas em videoarte experimental<\/strong>.<\/p>\n\n\n\n<h3 class=\"wp-block-heading\">Premia\u00e7\u00e3o e categorias<\/h3>\n\n\n\n<p>Os <strong>dois primeiros colocados<\/strong> ter\u00e3o suas obras <strong>adquiridas para a cole\u00e7\u00e3o de Alfredo Hertzog<\/strong>, al\u00e9m de receberem pr\u00eamios em dinheiro:<\/p>\n\n\n\n<ul class=\"wp-block-list\">\n<li>\ud83e\udd47 <strong>Primeiro lugar:<\/strong> 5 mil euros<\/li>\n\n\n\n<li>\ud83e\udd48 <strong>Segundo lugar:<\/strong> 3 mil euros<\/li>\n<\/ul>\n\n\n\n<p>Tamb\u00e9m ser\u00e3o concedidas <strong>duas men\u00e7\u00f5es honrosas<\/strong>, nas categorias <strong>instala\u00e7\u00e3o<\/strong> e <strong>performance visual<\/strong>, cada uma com <strong>3 mil euros<\/strong> de premia\u00e7\u00e3o.<\/p>\n\n\n\n<p>Outro destaque \u00e9 o <strong>Pr\u00e9mio Vertical<\/strong>, voltado para <strong>artistas com menos de 25 anos<\/strong>, que oferece:<\/p>\n\n\n\n<ul class=\"wp-block-list\">\n<li><strong>3 mil euros em premia\u00e7\u00e3o<\/strong><\/li>\n\n\n\n<li><strong>Aquisi\u00e7\u00e3o da obra<\/strong><\/li>\n\n\n\n<li><strong>Resid\u00eancia art\u00edstica<\/strong><\/li>\n<\/ul>\n\n\n\n<h3 class=\"wp-block-heading\">Um pr\u00eamio dedicado \u00e0 videoarte experimental<\/h3>\n\n\n\n<p>O <strong>Pr\u00e9mio Hertzog da Silva<\/strong> \u00e9 uma iniciativa do colecionador brasileiro <strong>Alfredo Hertzog<\/strong>, realizada em parceria com o <strong>Proyector Festival<\/strong>, evento que utiliza diversos espa\u00e7os culturais de <strong>Madrid<\/strong> para exposi\u00e7\u00f5es e experi\u00eancias com videoarte.<\/p>\n\n\n\n<p>O festival tem como proposta <strong>apresentar obras experimentais que desafiam formatos tradicionais<\/strong>, explorando novas rela\u00e7\u00f5es entre <strong>imagem, espa\u00e7o e espectador<\/strong>.<\/p>\n\n\n\n<h3 class=\"wp-block-heading\">Alfredo Hertzog e a difus\u00e3o da videoarte<\/h3>\n\n\n\n<p>Colecionador desde a adolesc\u00eancia, <strong>Alfredo Hertzog<\/strong> construiu ao longo das d\u00e9cadas <strong>uma das mais relevantes cole\u00e7\u00f5es de videoarte do Brasil<\/strong>, reunindo centenas de obras que atravessam diferentes per\u00edodos e movimentos art\u00edsticos.<\/p>\n\n\n\n<p>Seu acervo funciona como um <strong>panorama da evolu\u00e7\u00e3o da imagem em movimento como express\u00e3o art\u00edstica<\/strong>, reunindo trabalhos que exploram o v\u00eddeo como linguagem est\u00e9tica e conceitual.<\/p>\n\n\n\n<p>Entre as obras presentes na cole\u00e7\u00e3o est\u00e1 <strong>\u201cMarca Registrada\u201d, de Let\u00edcia Parente<\/strong>, considerada uma das pe\u00e7as mais emblem\u00e1ticas da videoarte brasileira. No trabalho, a artista costura a sola do pr\u00f3prio p\u00e9 com agulha e linha at\u00e9 formar a frase <strong>\u201cMade in Brasil\u201d<\/strong>, numa cr\u00edtica poderosa \u00e0s quest\u00f5es de identidade, produ\u00e7\u00e3o e pertencimento.<\/p>\n\n\n\n<p>Considerado um dos principais <strong>patronos e difusores da videoarte no pa\u00eds<\/strong>, Hertzog conta que seu interesse inicial pelo formato teve um motivo curioso: as obras de v\u00eddeo <strong>n\u00e3o ocupavam espa\u00e7o f\u00edsico nas paredes<\/strong>. Com o tempo, por\u00e9m, ele se aprofundou na <strong>pot\u00eancia conceitual do v\u00eddeo como linguagem art\u00edstica<\/strong>.<\/p>\n","protected":false},"excerpt":{"rendered":"<p>A edi\u00e7\u00e3o de 2026 dos Pr\u00e9mios Hertzog da Silva de videoarte recebeu 792 inscri\u00e7\u00f5es de 112 pa\u00edses, consolidando a premia\u00e7\u00e3o como uma das iniciativas mais relevantes dedicadas \u00e0 videoarte contempor\u00e2nea no cen\u00e1rio internacional. Os vencedores ser\u00e3o anunciados durante o Proyector Festival de Madrid, na Espanha, que acontece entre 9 e 20 de setembro de 2026 [&hellip;]<\/p>\n","protected":false},"author":777,"featured_media":17052,"comment_status":"open","ping_status":"open","sticky":false,"template":"","format":"standard","meta":{"_monsterinsights_skip_tracking":false,"_monsterinsights_sitenote_active":false,"_monsterinsights_sitenote_note":"","_monsterinsights_sitenote_category":0,"footnotes":""},"categories":[2569],"tags":[7149,6374,7153,7152,7148,7150,7154,7147,7151],"class_list":["post-17051","post","type-post","status-publish","format-standard","has-post-thumbnail","hentry","category-arte","tag-alfredo-hertzog","tag-arte-contemporanea","tag-arte-experimental","tag-artistas-visuais","tag-festival-de-videoarte","tag-premios-hertzog-da-silva","tag-proyector-festival-madrid","tag-videoarte","tag-videoarte-internacional"],"_links":{"self":[{"href":"https:\/\/cidadecult.com.br\/index.php?rest_route=\/wp\/v2\/posts\/17051","targetHints":{"allow":["GET"]}}],"collection":[{"href":"https:\/\/cidadecult.com.br\/index.php?rest_route=\/wp\/v2\/posts"}],"about":[{"href":"https:\/\/cidadecult.com.br\/index.php?rest_route=\/wp\/v2\/types\/post"}],"author":[{"embeddable":true,"href":"https:\/\/cidadecult.com.br\/index.php?rest_route=\/wp\/v2\/users\/777"}],"replies":[{"embeddable":true,"href":"https:\/\/cidadecult.com.br\/index.php?rest_route=%2Fwp%2Fv2%2Fcomments&post=17051"}],"version-history":[{"count":1,"href":"https:\/\/cidadecult.com.br\/index.php?rest_route=\/wp\/v2\/posts\/17051\/revisions"}],"predecessor-version":[{"id":17053,"href":"https:\/\/cidadecult.com.br\/index.php?rest_route=\/wp\/v2\/posts\/17051\/revisions\/17053"}],"wp:featuredmedia":[{"embeddable":true,"href":"https:\/\/cidadecult.com.br\/index.php?rest_route=\/wp\/v2\/media\/17052"}],"wp:attachment":[{"href":"https:\/\/cidadecult.com.br\/index.php?rest_route=%2Fwp%2Fv2%2Fmedia&parent=17051"}],"wp:term":[{"taxonomy":"category","embeddable":true,"href":"https:\/\/cidadecult.com.br\/index.php?rest_route=%2Fwp%2Fv2%2Fcategories&post=17051"},{"taxonomy":"post_tag","embeddable":true,"href":"https:\/\/cidadecult.com.br\/index.php?rest_route=%2Fwp%2Fv2%2Ftags&post=17051"}],"curies":[{"name":"wp","href":"https:\/\/api.w.org\/{rel}","templated":true}]}}