{"id":17046,"date":"2026-03-11T18:22:12","date_gmt":"2026-03-11T21:22:12","guid":{"rendered":"https:\/\/cidadecult.com.br\/?p=17046"},"modified":"2026-03-11T18:22:14","modified_gmt":"2026-03-11T21:22:14","slug":"cultura-livre-estreia-temporada-2026-com-yma-na-tv-cultura","status":"publish","type":"post","link":"https:\/\/cidadecult.com.br\/?p=17046","title":{"rendered":"Cultura Livre estreia temporada 2026 com YMA na TV Cultura"},"content":{"rendered":"\n<p>O programa <strong>Cultura Livre<\/strong> inicia sua <strong>temporada 2026<\/strong> neste s\u00e1bado, <strong>14 de mar\u00e7o<\/strong>, com a participa\u00e7\u00e3o da compositora, cantora, poeta e artista visual <strong>YMA<\/strong>. Sob o comando da jornalista e apresentadora <strong>Roberta Martinelli<\/strong>, a atra\u00e7\u00e3o vai ao ar <strong>\u00e0s 19h30, na TV Cultura<\/strong>, trazendo m\u00fasica, conversa e performances ao vivo.<\/p>\n\n\n\n<p>Nesta nova fase, o programa apresenta tamb\u00e9m uma <strong>faixa b\u00f4nus exclusiva<\/strong>, exibida ap\u00f3s o epis\u00f3dio e posteriormente compartilhada nas redes sociais da atra\u00e7\u00e3o, ampliando a experi\u00eancia musical para o p\u00fablico.<\/p>\n\n\n\n<figure class=\"wp-block-image size-large\"><img loading=\"lazy\" decoding=\"async\" width=\"683\" height=\"1024\" src=\"https:\/\/cidadecult.com.br\/wp-content\/uploads\/2026\/03\/unnamed-27-683x1024.jpg\" alt=\"\" class=\"wp-image-17048\" srcset=\"https:\/\/cidadecult.com.br\/wp-content\/uploads\/2026\/03\/unnamed-27-683x1024.jpg 683w, https:\/\/cidadecult.com.br\/wp-content\/uploads\/2026\/03\/unnamed-27-200x300.jpg 200w, https:\/\/cidadecult.com.br\/wp-content\/uploads\/2026\/03\/unnamed-27-768x1152.jpg 768w, https:\/\/cidadecult.com.br\/wp-content\/uploads\/2026\/03\/unnamed-27-750x1125.jpg 750w, https:\/\/cidadecult.com.br\/wp-content\/uploads\/2026\/03\/unnamed-27.jpg 800w\" sizes=\"auto, (max-width: 683px) 100vw, 683px\" \/><figcaption class=\"wp-element-caption\"><em>Foto Nadja Kouchi\/ Acervo TV Cultura<\/em><\/figcaption><\/figure>\n\n\n\n<h3 class=\"wp-block-heading\">YMA apresenta o \u00e1lbum <em>Sentimental Palace<\/em><\/h3>\n\n\n\n<p>Durante o programa, YMA fala sobre seu <strong>segundo \u00e1lbum<\/strong>, <em>Sentimental Palace<\/em>, lan\u00e7ado em <strong>outubro de 2025<\/strong>. O trabalho re\u00fane <strong>11 faixas autorais<\/strong> que exploram paisagens emocionais e mentais, transitando entre reflex\u00f5es sobre o desejo, a sensibilidade e a decad\u00eancia do mundo contempor\u00e2neo.<\/p>\n\n\n\n<p>A artista assina todas as composi\u00e7\u00f5es do disco e conta com parcerias de m\u00fasicos como <strong>Fernando Catatau, Marcelo Cabral, Gabriel Milliet, Vitor Wutzki e Jo\u00e3o Barisbe<\/strong>, entre outros colaboradores.<\/p>\n\n\n\n<p>Segundo YMA, o \u00e1lbum nasceu da vontade de transformar inquieta\u00e7\u00f5es internas em algo palp\u00e1vel. Para ela, o processo criativo foi uma maneira de tornar o inconsciente um espa\u00e7o habit\u00e1vel \u2014 quase como se sentimentos e pensamentos ganhassem endere\u00e7o.<\/p>\n\n\n\n<p>A cantora tamb\u00e9m comenta que viveu <strong>diversas metamorfoses art\u00edsticas entre seu primeiro trabalho e este novo disco<\/strong>, refletindo amadurecimento criativo e novas camadas em sua express\u00e3o musical.<\/p>\n\n\n\n<figure class=\"wp-block-image size-large\"><img loading=\"lazy\" decoding=\"async\" width=\"1024\" height=\"683\" src=\"https:\/\/cidadecult.com.br\/wp-content\/uploads\/2026\/03\/link-1024x683.jpg\" alt=\"\" class=\"wp-image-17049\" srcset=\"https:\/\/cidadecult.com.br\/wp-content\/uploads\/2026\/03\/link-1024x683.jpg 1024w, https:\/\/cidadecult.com.br\/wp-content\/uploads\/2026\/03\/link-300x200.jpg 300w, https:\/\/cidadecult.com.br\/wp-content\/uploads\/2026\/03\/link-768x512.jpg 768w, https:\/\/cidadecult.com.br\/wp-content\/uploads\/2026\/03\/link-1536x1024.jpg 1536w, https:\/\/cidadecult.com.br\/wp-content\/uploads\/2026\/03\/link-750x500.jpg 750w, https:\/\/cidadecult.com.br\/wp-content\/uploads\/2026\/03\/link-1140x760.jpg 1140w, https:\/\/cidadecult.com.br\/wp-content\/uploads\/2026\/03\/link.jpg 1920w\" sizes=\"auto, (max-width: 1024px) 100vw, 1024px\" \/><figcaption class=\"wp-element-caption\"><em>Foto Nadja Kouchi\/ Acervo TV Cultura<\/em><\/figcaption><\/figure>\n\n\n\n<h3 class=\"wp-block-heading\">Cultura Livre valoriza a m\u00fasica contempor\u00e2nea<\/h3>\n\n\n\n<p>Com formato que mistura <strong>entrevista, performance e experimenta\u00e7\u00e3o sonora<\/strong>, o Cultura Livre se consolidou como um dos programas mais importantes da televis\u00e3o brasileira dedicados \u00e0 <strong>m\u00fasica contempor\u00e2nea e \u00e0 nova cena art\u00edstica<\/strong>.<\/p>\n\n\n\n<p>Apresentado por Roberta Martinelli, o programa recebe artistas de diferentes estilos e gera\u00e7\u00f5es, criando um espa\u00e7o para a diversidade musical e o di\u00e1logo criativo.<\/p>\n\n\n\n<p>A estreia da temporada com YMA refor\u00e7a essa proposta, trazendo ao p\u00fablico uma artista que transita entre <strong>m\u00fasica, poesia e artes visuais<\/strong>, ampliando as fronteiras da cria\u00e7\u00e3o contempor\u00e2nea.<\/p>\n","protected":false},"excerpt":{"rendered":"<p>O programa Cultura Livre inicia sua temporada 2026 neste s\u00e1bado, 14 de mar\u00e7o, com a participa\u00e7\u00e3o da compositora, cantora, poeta e artista visual YMA. Sob o comando da jornalista e apresentadora Roberta Martinelli, a atra\u00e7\u00e3o vai ao ar \u00e0s 19h30, na TV Cultura, trazendo m\u00fasica, conversa e performances ao vivo. Nesta nova fase, o programa [&hellip;]<\/p>\n","protected":false},"author":777,"featured_media":17047,"comment_status":"open","ping_status":"open","sticky":false,"template":"","format":"standard","meta":{"_monsterinsights_skip_tracking":false,"_monsterinsights_sitenote_active":false,"_monsterinsights_sitenote_note":"","_monsterinsights_sitenote_category":0,"footnotes":""},"categories":[6],"tags":[6485,6376,7144,7146,7145,7142,7143,6201,7141],"class_list":["post-17046","post","type-post","status-publish","format-standard","has-post-thumbnail","hentry","category-music","tag-agenda-cultural","tag-artistas-brasileiros","tag-cultura-livre","tag-musica-brasileira-contemporanea","tag-programa-cultura-livre","tag-roberta-martinelli","tag-sentimental-palace","tag-tv-cultura","tag-yma"],"_links":{"self":[{"href":"https:\/\/cidadecult.com.br\/index.php?rest_route=\/wp\/v2\/posts\/17046","targetHints":{"allow":["GET"]}}],"collection":[{"href":"https:\/\/cidadecult.com.br\/index.php?rest_route=\/wp\/v2\/posts"}],"about":[{"href":"https:\/\/cidadecult.com.br\/index.php?rest_route=\/wp\/v2\/types\/post"}],"author":[{"embeddable":true,"href":"https:\/\/cidadecult.com.br\/index.php?rest_route=\/wp\/v2\/users\/777"}],"replies":[{"embeddable":true,"href":"https:\/\/cidadecult.com.br\/index.php?rest_route=%2Fwp%2Fv2%2Fcomments&post=17046"}],"version-history":[{"count":1,"href":"https:\/\/cidadecult.com.br\/index.php?rest_route=\/wp\/v2\/posts\/17046\/revisions"}],"predecessor-version":[{"id":17050,"href":"https:\/\/cidadecult.com.br\/index.php?rest_route=\/wp\/v2\/posts\/17046\/revisions\/17050"}],"wp:featuredmedia":[{"embeddable":true,"href":"https:\/\/cidadecult.com.br\/index.php?rest_route=\/wp\/v2\/media\/17047"}],"wp:attachment":[{"href":"https:\/\/cidadecult.com.br\/index.php?rest_route=%2Fwp%2Fv2%2Fmedia&parent=17046"}],"wp:term":[{"taxonomy":"category","embeddable":true,"href":"https:\/\/cidadecult.com.br\/index.php?rest_route=%2Fwp%2Fv2%2Fcategories&post=17046"},{"taxonomy":"post_tag","embeddable":true,"href":"https:\/\/cidadecult.com.br\/index.php?rest_route=%2Fwp%2Fv2%2Ftags&post=17046"}],"curies":[{"name":"wp","href":"https:\/\/api.w.org\/{rel}","templated":true}]}}