{"id":16937,"date":"2026-03-11T11:44:07","date_gmt":"2026-03-11T14:44:07","guid":{"rendered":"https:\/\/cidadecult.com.br\/?p=16937"},"modified":"2026-03-11T11:44:09","modified_gmt":"2026-03-11T14:44:09","slug":"projeto-ensina-criancas-da-rede-publica-a-reconhecer-sinais-de-avc-e-acionar-o-samu-no-df","status":"publish","type":"post","link":"https:\/\/cidadecult.com.br\/?p=16937","title":{"rendered":"Projeto ensina crian\u00e7as da rede p\u00fablica a reconhecer sinais de AVC e acionar o Samu no DF"},"content":{"rendered":"\n<p>Um projeto que une <strong>educa\u00e7\u00e3o, sa\u00fade e preven\u00e7\u00e3o<\/strong> est\u00e1 ajudando crian\u00e7as da rede p\u00fablica do Distrito Federal a identificar os principais sinais de <strong>acidente vascular cerebral (AVC)<\/strong> e a agir rapidamente em situa\u00e7\u00f5es de emerg\u00eancia. De forma l\u00fadica, a iniciativa <strong>Fast Heroes<\/strong>, chamada em portugu\u00eas de <strong>Her\u00f3is do AVC<\/strong>, orienta estudantes de <strong>5 a 10 anos<\/strong> sobre como reconhecer sintomas e acionar o <strong>Samu-DF pelo n\u00famero 192<\/strong>.<\/p>\n\n\n\n<p>A proposta foi apresentada, na \u00faltima semana, a diretores de centros de ensino do <strong>Recanto das Emas<\/strong> e deve chegar futuramente a escolas de outras regi\u00f5es administrativas. A implementa\u00e7\u00e3o no DF \u00e9 resultado de uma parceria entre a <strong>Secretaria de Sa\u00fade do Distrito Federal (SES-DF)<\/strong>, a <strong>Secretaria de Educa\u00e7\u00e3o (SEEDF)<\/strong> e a <strong>Iniciativa Angels<\/strong>, programa internacional de sa\u00fade presente em mais de 150 pa\u00edses.<\/p>\n\n\n\n<p>Mais do que informar as crian\u00e7as, o projeto aposta no potencial delas como multiplicadoras do conhecimento dentro de casa \u2014 especialmente junto aos av\u00f3s, grupo mais vulner\u00e1vel a esse tipo de ocorr\u00eancia.<\/p>\n\n\n\n<h2 class=\"wp-block-heading\">Aprendizado l\u00fadico para salvar vidas<\/h2>\n\n\n\n<p>Como \u00e9 voltado ao p\u00fablico infantil, o conte\u00fado do <strong>Fast Heroes<\/strong> usa hist\u00f3rias e personagens para ensinar os sintomas do AVC de maneira simples e acess\u00edvel. A cada semana, os professores apresentam um dos sinais de alerta por meio de super-her\u00f3is que v\u00e3o perdendo seus \u201cpoderes\u201d.<\/p>\n\n\n\n<p>Um personagem que sorria deixa de conseguir sorrir. Outro, conhecido pela for\u00e7a, perde os movimentos. J\u00e1 o supercantor passa a ter dificuldade para falar. A ideia \u00e9 fazer com que a crian\u00e7a associe essas mudan\u00e7as aos sintomas mais comuns de um AVC e entenda que h\u00e1 uma atitude decisiva a tomar: pedir ajuda o mais r\u00e1pido poss\u00edvel.<\/p>\n\n\n\n<p>Segundo a neurologista <strong>Let\u00edcia Rebello<\/strong>, do <strong>Hospital de Base de Bras\u00edlia<\/strong>, o objetivo \u00e9 dar aos pequenos um \u201cquarto superpoder\u201d: o da rapidez em reconhecer a emerg\u00eancia e chamar o socorro.<\/p>\n\n\n\n<figure class=\"wp-block-image size-large\"><img loading=\"lazy\" decoding=\"async\" width=\"1024\" height=\"678\" src=\"https:\/\/cidadecult.com.br\/wp-content\/uploads\/2026\/03\/11.3.-Foto-Yuri-Freitas-Agencia-Saude-1-1024x678.jpeg\" alt=\"\" class=\"wp-image-16939\" srcset=\"https:\/\/cidadecult.com.br\/wp-content\/uploads\/2026\/03\/11.3.-Foto-Yuri-Freitas-Agencia-Saude-1-1024x678.jpeg 1024w, https:\/\/cidadecult.com.br\/wp-content\/uploads\/2026\/03\/11.3.-Foto-Yuri-Freitas-Agencia-Saude-1-300x199.jpeg 300w, https:\/\/cidadecult.com.br\/wp-content\/uploads\/2026\/03\/11.3.-Foto-Yuri-Freitas-Agencia-Saude-1-768x509.jpeg 768w, https:\/\/cidadecult.com.br\/wp-content\/uploads\/2026\/03\/11.3.-Foto-Yuri-Freitas-Agencia-Saude-1-1536x1017.jpeg 1536w, https:\/\/cidadecult.com.br\/wp-content\/uploads\/2026\/03\/11.3.-Foto-Yuri-Freitas-Agencia-Saude-1-2048x1356.jpeg 2048w, https:\/\/cidadecult.com.br\/wp-content\/uploads\/2026\/03\/11.3.-Foto-Yuri-Freitas-Agencia-Saude-1-750x497.jpeg 750w, https:\/\/cidadecult.com.br\/wp-content\/uploads\/2026\/03\/11.3.-Foto-Yuri-Freitas-Agencia-Saude-1-1140x755.jpeg 1140w\" sizes=\"auto, (max-width: 1024px) 100vw, 1024px\" \/><figcaption class=\"wp-element-caption\">AVC, Fast Heroes, Her\u00f3is do AVC, Samu DF, sa\u00fade p\u00fablica, educa\u00e7\u00e3o em sa\u00fade, crian\u00e7as e preven\u00e7\u00e3o, Secretaria de Sa\u00fade DF, escolas p\u00fablicas DF, preven\u00e7\u00e3o do AVC (Cr\u00e9dito: Yuri Freitas \/Ag\u00eancia Sa\u00fade)<\/figcaption><\/figure>\n\n\n\n<p>\u201cSabemos que, quanto mais r\u00e1pido o paciente for atendido, maiores s\u00e3o suas chances de recupera\u00e7\u00e3o\u201d, destaca a m\u00e9dica.<\/p>\n\n\n\n<h2 class=\"wp-block-heading\">Informa\u00e7\u00e3o que chega \u00e0 fam\u00edlia<\/h2>\n\n\n\n<p>A proposta do projeto vai al\u00e9m do ambiente escolar. A expectativa \u00e9 que os alunos levem esse aprendizado para dentro de casa, ajudando familiares a reconhecer uma situa\u00e7\u00e3o de risco e agir sem demora.<\/p>\n\n\n\n<p>A diretora de Atendimento e Apoio \u00e0 Sa\u00fade do Estudante da Secretaria de Educa\u00e7\u00e3o, <strong>Larisse Cavalcante<\/strong>, ressalta a import\u00e2ncia da iniciativa para a prote\u00e7\u00e3o da comunidade escolar e das fam\u00edlias.<\/p>\n\n\n\n<p>\u201c\u00c9 fundamental que nossos alunos consigam detectar os primeiros sinais do AVC, de modo que o paciente possa ser prontamente atendido no local adequado\u201d, afirma.<\/p>\n\n\n\n<p>A a\u00e7\u00e3o tamb\u00e9m refor\u00e7a o papel da escola como espa\u00e7o de forma\u00e7\u00e3o cidad\u00e3, onde o conhecimento pode ter impacto direto na vida real.<\/p>\n\n\n\n<h2 class=\"wp-block-heading\">AVC exige resposta r\u00e1pida<\/h2>\n\n\n\n<p>O acidente vascular cerebral est\u00e1 entre as principais causas de morte no Brasil e no mundo. Por isso, o reconhecimento precoce dos sintomas e o acionamento imediato do atendimento m\u00e9dico fazem toda a diferen\u00e7a.<\/p>\n\n\n\n<p>De acordo com Let\u00edcia Rebello, h\u00e1 registros pr\u00e1ticos de crian\u00e7as que conseguiram pedir ajuda ao perceber que algu\u00e9m da fam\u00edlia estava tendo um AVC. Esse tipo de resposta r\u00e1pida pode ser determinante para reduzir sequelas e aumentar as chances de recupera\u00e7\u00e3o.<\/p>\n\n\n\n<p>Ao transformar estudantes em agentes de preven\u00e7\u00e3o, o projeto fortalece a conex\u00e3o entre educa\u00e7\u00e3o e sa\u00fade p\u00fablica e mostra que informa\u00e7\u00e3o, quando bem ensinada, tamb\u00e9m salva vidas.<\/p>\n","protected":false},"excerpt":{"rendered":"<p>Um projeto que une educa\u00e7\u00e3o, sa\u00fade e preven\u00e7\u00e3o est\u00e1 ajudando crian\u00e7as da rede p\u00fablica do Distrito Federal a identificar os principais sinais de acidente vascular cerebral (AVC) e a agir rapidamente em situa\u00e7\u00f5es de emerg\u00eancia. De forma l\u00fadica, a iniciativa Fast Heroes, chamada em portugu\u00eas de Her\u00f3is do AVC, orienta estudantes de 5 a 10 [&hellip;]<\/p>\n","protected":false},"author":777,"featured_media":16938,"comment_status":"open","ping_status":"open","sticky":false,"template":"","format":"standard","meta":{"_monsterinsights_skip_tracking":false,"_monsterinsights_sitenote_active":false,"_monsterinsights_sitenote_note":"","_monsterinsights_sitenote_category":0,"footnotes":""},"categories":[38],"tags":[1526,7115,7117,7119,7113,7112,7116,7114,7118],"class_list":["post-16937","post","type-post","status-publish","format-standard","has-post-thumbnail","hentry","category-health-2","tag-avc","tag-criancas-e-prevencao","tag-educacao-em-saude","tag-escolas-publicas-df","tag-fast-heroes","tag-herois-do-avc","tag-samu-df","tag-saude-publica","tag-secretaria-de-saude-df"],"_links":{"self":[{"href":"https:\/\/cidadecult.com.br\/index.php?rest_route=\/wp\/v2\/posts\/16937","targetHints":{"allow":["GET"]}}],"collection":[{"href":"https:\/\/cidadecult.com.br\/index.php?rest_route=\/wp\/v2\/posts"}],"about":[{"href":"https:\/\/cidadecult.com.br\/index.php?rest_route=\/wp\/v2\/types\/post"}],"author":[{"embeddable":true,"href":"https:\/\/cidadecult.com.br\/index.php?rest_route=\/wp\/v2\/users\/777"}],"replies":[{"embeddable":true,"href":"https:\/\/cidadecult.com.br\/index.php?rest_route=%2Fwp%2Fv2%2Fcomments&post=16937"}],"version-history":[{"count":1,"href":"https:\/\/cidadecult.com.br\/index.php?rest_route=\/wp\/v2\/posts\/16937\/revisions"}],"predecessor-version":[{"id":16940,"href":"https:\/\/cidadecult.com.br\/index.php?rest_route=\/wp\/v2\/posts\/16937\/revisions\/16940"}],"wp:featuredmedia":[{"embeddable":true,"href":"https:\/\/cidadecult.com.br\/index.php?rest_route=\/wp\/v2\/media\/16938"}],"wp:attachment":[{"href":"https:\/\/cidadecult.com.br\/index.php?rest_route=%2Fwp%2Fv2%2Fmedia&parent=16937"}],"wp:term":[{"taxonomy":"category","embeddable":true,"href":"https:\/\/cidadecult.com.br\/index.php?rest_route=%2Fwp%2Fv2%2Fcategories&post=16937"},{"taxonomy":"post_tag","embeddable":true,"href":"https:\/\/cidadecult.com.br\/index.php?rest_route=%2Fwp%2Fv2%2Ftags&post=16937"}],"curies":[{"name":"wp","href":"https:\/\/api.w.org\/{rel}","templated":true}]}}