{"id":16932,"date":"2026-03-11T10:10:59","date_gmt":"2026-03-11T13:10:59","guid":{"rendered":"https:\/\/cidadecult.com.br\/?p=16932"},"modified":"2026-03-11T10:11:01","modified_gmt":"2026-03-11T13:11:01","slug":"caixa-cultural-brasilia-recebe-musical-menino-mandela-com-proposta-de-lecontar-a-infancia-do-lider-sul-africano","status":"publish","type":"post","link":"https:\/\/cidadecult.com.br\/?p=16932","title":{"rendered":"CAIXA Cultural Bras\u00edlia recebe musical Menino Mandela com proposta de lecontar a inf\u00e2ncia do l\u00edder sul-africano"},"content":{"rendered":"\n<p>A <strong>CAIXA Cultural Bras\u00edlia<\/strong> recebe, entre <strong>18 e 22 de mar\u00e7o de 2026<\/strong>, o musical infantojuvenil <strong>Menino Mandela<\/strong>, espet\u00e1culo que transforma a inf\u00e2ncia de <strong>Nelson Mandela<\/strong> em uma experi\u00eancia c\u00eanica po\u00e9tica, educativa e profundamente atual. Com m\u00fasica ao vivo, bonecos, dan\u00e7as africanas e uma narrativa voltada ao p\u00fablico de todas as idades, a montagem prop\u00f5e refletir sobre <strong>igualdade, ancestralidade, justi\u00e7a e letramento racial<\/strong>.<\/p>\n\n\n\n<p>Vencedor de <strong>cinco pr\u00eamios do Centro Brasileiro de Teatro para a Inf\u00e2ncia e Juventude (CBTIJ)<\/strong>, o espet\u00e1culo chega a Bras\u00edlia depois de passar por cidades como Fortaleza, Salvador, S\u00e3o Paulo, Rio de Janeiro e S\u00e3o Lu\u00eds, consolidando-se como uma das montagens infantojuvenis de maior destaque recente no pa\u00eds.<\/p>\n\n\n\n<figure class=\"wp-block-image size-large\"><img loading=\"lazy\" decoding=\"async\" width=\"1024\" height=\"683\" src=\"https:\/\/cidadecult.com.br\/wp-content\/uploads\/2026\/03\/Menino-Mandela-Credito-Renato-Mangolin-4-1024x683.jpg\" alt=\"\" class=\"wp-image-16933\" srcset=\"https:\/\/cidadecult.com.br\/wp-content\/uploads\/2026\/03\/Menino-Mandela-Credito-Renato-Mangolin-4-1024x683.jpg 1024w, https:\/\/cidadecult.com.br\/wp-content\/uploads\/2026\/03\/Menino-Mandela-Credito-Renato-Mangolin-4-300x200.jpg 300w, https:\/\/cidadecult.com.br\/wp-content\/uploads\/2026\/03\/Menino-Mandela-Credito-Renato-Mangolin-4-768x512.jpg 768w, https:\/\/cidadecult.com.br\/wp-content\/uploads\/2026\/03\/Menino-Mandela-Credito-Renato-Mangolin-4-1536x1025.jpg 1536w, https:\/\/cidadecult.com.br\/wp-content\/uploads\/2026\/03\/Menino-Mandela-Credito-Renato-Mangolin-4-750x500.jpg 750w, https:\/\/cidadecult.com.br\/wp-content\/uploads\/2026\/03\/Menino-Mandela-Credito-Renato-Mangolin-4-1140x760.jpg 1140w, https:\/\/cidadecult.com.br\/wp-content\/uploads\/2026\/03\/Menino-Mandela-Credito-Renato-Mangolin-4.jpg 1772w\" sizes=\"auto, (max-width: 1024px) 100vw, 1024px\" \/><figcaption class=\"wp-element-caption\">Cr\u00e9dito Renato Mangolin<\/figcaption><\/figure>\n\n\n\n<h2 class=\"wp-block-heading\">Uma viagem \u00e0 inf\u00e2ncia de Nelson Mandela<\/h2>\n\n\n\n<p>A trama parte de um ponto de vista afetivo e original. <strong>Zoe<\/strong>, neta de Nelson Mandela, precisa fazer um trabalho escolar sobre o av\u00f4. Ao mergulhar em suas mem\u00f3rias, ela \u00e9 levada por uma esp\u00e9cie de \u201cfenda no espa\u00e7o-tempo\u201d at\u00e9 <strong>1926<\/strong>, quando encontra o menino <strong>Rolihlahla<\/strong> na aldeia de <strong>Qunu<\/strong>, na \u00c1frica do Sul.<\/p>\n\n\n\n<p>\u00c9 a partir desse encontro que o p\u00fablico acompanha as brincadeiras, os aprendizados com os mais velhos da comunidade, a rela\u00e7\u00e3o com a natureza e os primeiros contatos com um mundo atravessado pela desigualdade racial. Em vez de focar apenas no l\u00edder hist\u00f3rico consagrado, o espet\u00e1culo volta seu olhar para o menino \u2014 e para os valores que ajudaram a formar um dos maiores s\u00edmbolos da luta contra o apartheid.<\/p>\n\n\n\n<p>Mais do que contar uma biografia, <strong>Menino Mandela<\/strong> convida crian\u00e7as, jovens e adultos a perceberem como grandes ideias de liberdade e transforma\u00e7\u00e3o nascem de viv\u00eancias cotidianas, v\u00ednculos afetivos e experi\u00eancias comunit\u00e1rias.<\/p>\n\n\n\n<figure class=\"wp-block-image size-large\"><img loading=\"lazy\" decoding=\"async\" width=\"1024\" height=\"682\" src=\"https:\/\/cidadecult.com.br\/wp-content\/uploads\/2026\/03\/Menino-Mandela-Credito-Allan-Martins-1-1024x682.jpeg\" alt=\"\" class=\"wp-image-16935\" srcset=\"https:\/\/cidadecult.com.br\/wp-content\/uploads\/2026\/03\/Menino-Mandela-Credito-Allan-Martins-1-1024x682.jpeg 1024w, https:\/\/cidadecult.com.br\/wp-content\/uploads\/2026\/03\/Menino-Mandela-Credito-Allan-Martins-1-300x200.jpeg 300w, https:\/\/cidadecult.com.br\/wp-content\/uploads\/2026\/03\/Menino-Mandela-Credito-Allan-Martins-1-768x512.jpeg 768w, https:\/\/cidadecult.com.br\/wp-content\/uploads\/2026\/03\/Menino-Mandela-Credito-Allan-Martins-1-1536x1024.jpeg 1536w, https:\/\/cidadecult.com.br\/wp-content\/uploads\/2026\/03\/Menino-Mandela-Credito-Allan-Martins-1-750x500.jpeg 750w, https:\/\/cidadecult.com.br\/wp-content\/uploads\/2026\/03\/Menino-Mandela-Credito-Allan-Martins-1-1140x760.jpeg 1140w, https:\/\/cidadecult.com.br\/wp-content\/uploads\/2026\/03\/Menino-Mandela-Credito-Allan-Martins-1.jpeg 1772w\" sizes=\"auto, (max-width: 1024px) 100vw, 1024px\" \/><figcaption class=\"wp-element-caption\">Cr\u00e9dito: Allan Martins<\/figcaption><\/figure>\n\n\n\n<h2 class=\"wp-block-heading\">Teatro, mem\u00f3ria e forma\u00e7\u00e3o cr\u00edtica<\/h2>\n\n\n\n<p>Com <strong>texto original de Ricardo Gomes e Mariana Jaspe<\/strong>, <strong>dire\u00e7\u00e3o art\u00edstica e idealiza\u00e7\u00e3o de Arlindo Lopes<\/strong> e <strong>dire\u00e7\u00e3o musical de Wladimir Pinheiro<\/strong>, a montagem aposta no teatro como ferramenta de forma\u00e7\u00e3o sens\u00edvel e cr\u00edtica.<\/p>\n\n\n\n<p>A proposta dialoga com o p\u00fablico infantojuvenil de forma acess\u00edvel, sem simplificar o debate racial. Ao tratar a inf\u00e2ncia de Mandela como territ\u00f3rio de descoberta, pertencimento e consci\u00eancia, o espet\u00e1culo amplia a representatividade negra em cena e refor\u00e7a valores como <strong>empatia, respeito e conviv\u00eancia coletiva<\/strong>.<\/p>\n\n\n\n<p>A presen\u00e7a da neta na condu\u00e7\u00e3o da narrativa tamb\u00e9m fortalece a ideia de transmiss\u00e3o entre gera\u00e7\u00f5es, aproximando passado, presente e futuro em uma constru\u00e7\u00e3o inspirada por vis\u00f5es africanas de tempo, ancestralidade e mem\u00f3ria.<\/p>\n\n\n\n<figure class=\"wp-block-image size-large\"><img loading=\"lazy\" decoding=\"async\" width=\"1024\" height=\"682\" src=\"https:\/\/cidadecult.com.br\/wp-content\/uploads\/2026\/03\/Menino-Mandela-Credito-Allan-Martins-6-1024x682.jpg\" alt=\"\" class=\"wp-image-16934\" srcset=\"https:\/\/cidadecult.com.br\/wp-content\/uploads\/2026\/03\/Menino-Mandela-Credito-Allan-Martins-6-1024x682.jpg 1024w, https:\/\/cidadecult.com.br\/wp-content\/uploads\/2026\/03\/Menino-Mandela-Credito-Allan-Martins-6-300x200.jpg 300w, https:\/\/cidadecult.com.br\/wp-content\/uploads\/2026\/03\/Menino-Mandela-Credito-Allan-Martins-6-768x512.jpg 768w, https:\/\/cidadecult.com.br\/wp-content\/uploads\/2026\/03\/Menino-Mandela-Credito-Allan-Martins-6-1536x1024.jpg 1536w, https:\/\/cidadecult.com.br\/wp-content\/uploads\/2026\/03\/Menino-Mandela-Credito-Allan-Martins-6-750x500.jpg 750w, https:\/\/cidadecult.com.br\/wp-content\/uploads\/2026\/03\/Menino-Mandela-Credito-Allan-Martins-6-1140x760.jpg 1140w, https:\/\/cidadecult.com.br\/wp-content\/uploads\/2026\/03\/Menino-Mandela-Credito-Allan-Martins-6.jpg 1772w\" sizes=\"auto, (max-width: 1024px) 100vw, 1024px\" \/><figcaption class=\"wp-element-caption\">Cr\u00e9dito Allan Martins<\/figcaption><\/figure>\n\n\n\n<h2 class=\"wp-block-heading\">M\u00fasica ao vivo, bonecos e dan\u00e7a ampliam a experi\u00eancia<\/h2>\n\n\n\n<p>Um dos grandes trunfos de <strong>Menino Mandela<\/strong> est\u00e1 na integra\u00e7\u00e3o de v\u00e1rias linguagens art\u00edsticas. A encena\u00e7\u00e3o re\u00fane m\u00fasica ao vivo, trabalho corporal, bonecos e elementos visuais que ampliam o car\u00e1ter simb\u00f3lico da montagem.<\/p>\n\n\n\n<p>Os <strong>figurinos de Tereza Nabuco<\/strong> e o <strong>cen\u00e1rio de Mauro Vicente Ferreira<\/strong> dialogam com refer\u00eancias africanas e afro-diasp\u00f3ricas, enquanto os <strong>bonecos criados pelo artista pl\u00e1stico Dante<\/strong> e os <strong>adere\u00e7os luminescentes de Rafael Turatti<\/strong> expandem a cena para o campo da mem\u00f3ria e da ancestralidade.<\/p>\n\n\n\n<p>A trilha musical tem papel central na constru\u00e7\u00e3o da narrativa, articulando sonoridades inspiradas em matrizes africanas. J\u00e1 a movimenta\u00e7\u00e3o c\u00eanica e coreogr\u00e1fica, assinada por <strong>Fernanda Dias<\/strong> e <strong>Carlotta Romanelli<\/strong>, faz do corpo um espa\u00e7o de identidade, resist\u00eancia e afeto.<\/p>\n\n\n\n<p>No elenco, est\u00e3o <strong>Gustavo Delayte, Caroll Badon, Alexandre Rosa Moreno, Ella Fernandes<\/strong> e a premiada <strong>Vanessa Pascale<\/strong>, vencedora do CBTIJ de melhor atriz. As musicistas <strong>Fl\u00e1via Chagas<\/strong> e <strong>Geiza Carvalho<\/strong> acompanham a montagem ao vivo.<\/p>\n\n\n\n<h2 class=\"wp-block-heading\">Oficina gratuita com Arlindo Lopes<\/h2>\n\n\n\n<p>Al\u00e9m das apresenta\u00e7\u00f5es, a programa\u00e7\u00e3o inclui a oficina gratuita <strong>Artista na Cria\u00e7\u00e3o e Produ\u00e7\u00e3o<\/strong>, ministrada por <strong>Arlindo Lopes<\/strong> nos dias <strong>21 e 22 de mar\u00e7o<\/strong>, das <strong>10h \u00e0s 13h<\/strong>.<\/p>\n\n\n\n<p>A atividade prop\u00f5e discutir a concep\u00e7\u00e3o e a realiza\u00e7\u00e3o de projetos culturais, da ideia inicial \u00e0 execu\u00e7\u00e3o, com foco em desmistificar a dist\u00e2ncia entre cria\u00e7\u00e3o art\u00edstica e produ\u00e7\u00e3o. A proposta \u00e9 incentivar artistas a ocuparem tamb\u00e9m esse espa\u00e7o estrat\u00e9gico, tornando vi\u00e1veis seus pr\u00f3prios projetos e trajet\u00f3rias.<\/p>\n\n\n\n<p>As inscri\u00e7\u00f5es ser\u00e3o abertas a partir de <strong>13 de mar\u00e7o<\/strong>, pelo site da <strong>CAIXA Cultural<\/strong>. S\u00e3o <strong>30 vagas<\/strong> dispon\u00edveis.<\/p>\n\n\n\n<h2 class=\"wp-block-heading\">Servi\u00e7o<\/h2>\n\n\n\n<p><strong>Espet\u00e1culo: Menino Mandela<\/strong><br><strong>Local:<\/strong> Teatro da CAIXA Cultural Bras\u00edlia<br><strong>Endere\u00e7o:<\/strong> Setor Banc\u00e1rio Sul, Quadra 4, Lotes 3\/4 \u2013 Edif\u00edcio Anexo \u00e0 Matriz da CAIXA<br><strong>Temporada:<\/strong> de 18 a 22 de mar\u00e7o de 2026<\/p>\n\n\n\n<p><strong>Hor\u00e1rios:<\/strong><br>18 e 19 de mar\u00e7o, \u00e0s 15h<br>20, 21 e 22 de mar\u00e7o, \u00e0s 15h e \u00e0s 19h<\/p>\n\n\n\n<p><strong>Acessibilidade:<\/strong> sess\u00e3o com tradu\u00e7\u00e3o em Libras no dia 20, \u00e0s 15h<br><strong>Classifica\u00e7\u00e3o:<\/strong> livre<br><strong>Dura\u00e7\u00e3o:<\/strong> 75 minutos<br><strong>Capacidade:<\/strong> 407 lugares<\/p>\n\n\n\n<p><strong>Ingressos:<\/strong> R$ 30 (inteira) e R$ 15 (meia-entrada e clientes CAIXA)<br><strong>Vendas:<\/strong> a partir de 14 de mar\u00e7o, \u00e0s 9h na bilheteria e \u00e0s 13h pelo site Bilheteria Cultural<\/p>\n\n\n\n<p><strong>Estacionamento:<\/strong> gratuito aos fins de semana e feriados; de ter\u00e7a a sexta, a partir das 18h<\/p>\n\n\n\n<h2 class=\"wp-block-heading\">Servi\u00e7o da oficina<\/h2>\n\n\n\n<p><strong>Oficina gratuita: Artista na Cria\u00e7\u00e3o e Produ\u00e7\u00e3o, com Arlindo Lopes<\/strong><br><strong>Dias:<\/strong> 21 e 22 de mar\u00e7o de 2026<br><strong>Hor\u00e1rio:<\/strong> das 10h \u00e0s 13h<br><strong>Dura\u00e7\u00e3o:<\/strong> 6 horas<br><strong>Vagas:<\/strong> 30<\/p>\n\n\n\n<p><strong>P\u00fablico-alvo:<\/strong> estudantes e profissionais de teatro, al\u00e9m de artistas de diferentes \u00e1reas, como m\u00fasica, artes visuais, audiovisual, literatura, performance e iniciativas culturais independentes.<\/p>\n","protected":false},"excerpt":{"rendered":"<p>A CAIXA Cultural Bras\u00edlia recebe, entre 18 e 22 de mar\u00e7o de 2026, o musical infantojuvenil Menino Mandela, espet\u00e1culo que transforma a inf\u00e2ncia de Nelson Mandela em uma experi\u00eancia c\u00eanica po\u00e9tica, educativa e profundamente atual. Com m\u00fasica ao vivo, bonecos, dan\u00e7as africanas e uma narrativa voltada ao p\u00fablico de todas as idades, a montagem prop\u00f5e [&hellip;]<\/p>\n","protected":false},"author":777,"featured_media":16935,"comment_status":"open","ping_status":"open","sticky":false,"template":"","format":"standard","meta":{"_monsterinsights_skip_tracking":false,"_monsterinsights_sitenote_active":false,"_monsterinsights_sitenote_note":"","_monsterinsights_sitenote_category":0,"footnotes":""},"categories":[41],"tags":[6544,7110,7104,7107,7105,7106,7109,7108,7111],"class_list":["post-16932","post","type-post","status-publish","format-standard","has-post-thumbnail","hentry","category-agenda","tag-agenda-cultural-brasilia","tag-arlindo-lopes","tag-caixa-cultural-brasilia","tag-letramento-racial","tag-menino-mandela","tag-musical-infantojuvenil","tag-nelson-mandela","tag-teatro-infantil-em-brasilia","tag-teatro-para-criancas"],"_links":{"self":[{"href":"https:\/\/cidadecult.com.br\/index.php?rest_route=\/wp\/v2\/posts\/16932","targetHints":{"allow":["GET"]}}],"collection":[{"href":"https:\/\/cidadecult.com.br\/index.php?rest_route=\/wp\/v2\/posts"}],"about":[{"href":"https:\/\/cidadecult.com.br\/index.php?rest_route=\/wp\/v2\/types\/post"}],"author":[{"embeddable":true,"href":"https:\/\/cidadecult.com.br\/index.php?rest_route=\/wp\/v2\/users\/777"}],"replies":[{"embeddable":true,"href":"https:\/\/cidadecult.com.br\/index.php?rest_route=%2Fwp%2Fv2%2Fcomments&post=16932"}],"version-history":[{"count":1,"href":"https:\/\/cidadecult.com.br\/index.php?rest_route=\/wp\/v2\/posts\/16932\/revisions"}],"predecessor-version":[{"id":16936,"href":"https:\/\/cidadecult.com.br\/index.php?rest_route=\/wp\/v2\/posts\/16932\/revisions\/16936"}],"wp:featuredmedia":[{"embeddable":true,"href":"https:\/\/cidadecult.com.br\/index.php?rest_route=\/wp\/v2\/media\/16935"}],"wp:attachment":[{"href":"https:\/\/cidadecult.com.br\/index.php?rest_route=%2Fwp%2Fv2%2Fmedia&parent=16932"}],"wp:term":[{"taxonomy":"category","embeddable":true,"href":"https:\/\/cidadecult.com.br\/index.php?rest_route=%2Fwp%2Fv2%2Fcategories&post=16932"},{"taxonomy":"post_tag","embeddable":true,"href":"https:\/\/cidadecult.com.br\/index.php?rest_route=%2Fwp%2Fv2%2Ftags&post=16932"}],"curies":[{"name":"wp","href":"https:\/\/api.w.org\/{rel}","templated":true}]}}