{"id":16925,"date":"2026-03-10T18:23:11","date_gmt":"2026-03-10T21:23:11","guid":{"rendered":"https:\/\/cidadecult.com.br\/?p=16925"},"modified":"2026-03-10T18:23:12","modified_gmt":"2026-03-10T21:23:12","slug":"gdf-renova-quase-70-da-frota-de-onibus-escolares-e-amplia-atendimento-a-estudantes","status":"publish","type":"post","link":"https:\/\/cidadecult.com.br\/?p=16925","title":{"rendered":"GDF renova quase 70% da frota de \u00f4nibus escolares e amplia atendimento a estudantes"},"content":{"rendered":"\n<p>O <strong>Governo do Distrito Federal<\/strong> renovou <strong>69,39% da frota do transporte escolar p\u00fablico desde 2021<\/strong>, incorporando <strong>723 novos \u00f4nibus<\/strong> ao sistema. A moderniza\u00e7\u00e3o ampliou o atendimento e hoje beneficia <strong>mais de 70 mil estudantes<\/strong> da rede p\u00fablica em <strong>455 escolas do Distrito Federal<\/strong>.<\/p>\n\n\n\n<p>Segundo a <strong>Secretaria de Educa\u00e7\u00e3o do Distrito Federal<\/strong>, atualmente <strong>70.191 alunos utilizam o transporte escolar<\/strong>, n\u00famero que representa crescimento superior a <strong>20% em rela\u00e7\u00e3o a 2019<\/strong>, quando cerca de 58 mil estudantes eram atendidos mensalmente.<\/p>\n\n\n\n<p>Do total de usu\u00e1rios do servi\u00e7o, <strong>51.483 s\u00e3o estudantes do ensino fundamental<\/strong>, <strong>5.264 do ensino m\u00e9dio<\/strong>, al\u00e9m de alunos de outras etapas da educa\u00e7\u00e3o b\u00e1sica. Com a renova\u00e7\u00e3o da frota, o Distrito Federal passou a contar com <strong>o transporte escolar p\u00fablico com a frota mais nova do pa\u00eds<\/strong>, segundo a pasta.<\/p>\n\n\n\n<figure class=\"wp-block-image size-large\"><img loading=\"lazy\" decoding=\"async\" width=\"1024\" height=\"682\" src=\"https:\/\/cidadecult.com.br\/wp-content\/uploads\/2026\/03\/Dentro-1-106-1024x682.jpg\" alt=\"\" class=\"wp-image-16928\" srcset=\"https:\/\/cidadecult.com.br\/wp-content\/uploads\/2026\/03\/Dentro-1-106-1024x682.jpg 1024w, https:\/\/cidadecult.com.br\/wp-content\/uploads\/2026\/03\/Dentro-1-106-300x200.jpg 300w, https:\/\/cidadecult.com.br\/wp-content\/uploads\/2026\/03\/Dentro-1-106-768x512.jpg 768w, https:\/\/cidadecult.com.br\/wp-content\/uploads\/2026\/03\/Dentro-1-106-750x500.jpg 750w, https:\/\/cidadecult.com.br\/wp-content\/uploads\/2026\/03\/Dentro-1-106-1140x760.jpg 1140w, https:\/\/cidadecult.com.br\/wp-content\/uploads\/2026\/03\/Dentro-1-106.jpg 1181w\" sizes=\"auto, (max-width: 1024px) 100vw, 1024px\" \/><figcaption class=\"wp-element-caption\">De 2019 para c\u00e1, o n\u00famero de alunos da rede p\u00fablica de ensino que usam transporte escolar cresceu 20% | Fotos: Joel Rodrigues\/Ag\u00eancia Bras\u00edlia<\/figcaption><\/figure>\n\n\n\n<hr class=\"wp-block-separator has-alpha-channel-opacity\"\/>\n\n\n\n<h2 class=\"wp-block-heading\">Novo modelo de gest\u00e3o<\/h2>\n\n\n\n<p>A coordena\u00e7\u00e3o do sistema \u00e9 realizada pela <strong>Sociedade de Transportes Coletivos de Bras\u00edlia (TCB)<\/strong>, que reformulou o modelo de contrata\u00e7\u00e3o e passou a incentivar a utiliza\u00e7\u00e3o de ve\u00edculos mais novos.<\/p>\n\n\n\n<p>De acordo com <strong>Maria Cec\u00edlia Lafet\u00e1<\/strong>, diretora-presidente da TCB, a mudan\u00e7a come\u00e7ou pela revis\u00e3o da estrutura de custos e dos crit\u00e9rios t\u00e9cnicos.<\/p>\n\n\n\n<blockquote class=\"wp-block-quote is-layout-flow wp-block-quote-is-layout-flow\">\n<p>\u201cEm 2019 reformulamos a planilha de custos e criamos est\u00edmulo real para a frota mais nova. A remunera\u00e7\u00e3o passou a considerar a idade dos ve\u00edculos, o que tornou vi\u00e1vel a renova\u00e7\u00e3o gradual\u201d, afirma.<\/p>\n<\/blockquote>\n\n\n\n<p>Segundo ela, o novo modelo tamb\u00e9m contribuiu para melhorar a regularidade do servi\u00e7o.<\/p>\n\n\n\n<blockquote class=\"wp-block-quote is-layout-flow wp-block-quote-is-layout-flow\">\n<p>\u201cAt\u00e9 2019 o transporte escolar era frequentemente alvo de reclama\u00e7\u00f5es. Hoje a incid\u00eancia de problemas \u00e9 muito menor, resultado de gest\u00e3o t\u00e9cnica e acompanhamento permanente.\u201d<\/p>\n<\/blockquote>\n\n\n\n<p>No modelo atual, a TCB atua na <strong>gest\u00e3o e monitoramento do sistema<\/strong>, enquanto as empresas contratadas s\u00e3o respons\u00e1veis pelos <strong>motoristas e monitores<\/strong>.<\/p>\n\n\n\n<hr class=\"wp-block-separator has-alpha-channel-opacity\"\/>\n\n\n\n<h2 class=\"wp-block-heading\">Transporte como parte da pol\u00edtica educacional<\/h2>\n\n\n\n<p>Para <strong>Fernanda Mateus<\/strong>, o transporte escolar \u00e9 uma pe\u00e7a fundamental para garantir a perman\u00eancia dos alunos na rede p\u00fablica.<\/p>\n\n\n\n<figure class=\"wp-block-image size-large\"><img loading=\"lazy\" decoding=\"async\" width=\"1024\" height=\"682\" src=\"https:\/\/cidadecult.com.br\/wp-content\/uploads\/2026\/03\/Fernanda-Mateus-1024x682.jpg\" alt=\"\" class=\"wp-image-16927\" srcset=\"https:\/\/cidadecult.com.br\/wp-content\/uploads\/2026\/03\/Fernanda-Mateus-1024x682.jpg 1024w, https:\/\/cidadecult.com.br\/wp-content\/uploads\/2026\/03\/Fernanda-Mateus-300x200.jpg 300w, https:\/\/cidadecult.com.br\/wp-content\/uploads\/2026\/03\/Fernanda-Mateus-768x512.jpg 768w, https:\/\/cidadecult.com.br\/wp-content\/uploads\/2026\/03\/Fernanda-Mateus-750x500.jpg 750w, https:\/\/cidadecult.com.br\/wp-content\/uploads\/2026\/03\/Fernanda-Mateus-1140x760.jpg 1140w, https:\/\/cidadecult.com.br\/wp-content\/uploads\/2026\/03\/Fernanda-Mateus.jpg 1181w\" sizes=\"auto, (max-width: 1024px) 100vw, 1024px\" \/><figcaption class=\"wp-element-caption\">Fernanda Mateus:\u00a0\u201cEstamos falando de mais de 70 mil estudantes atendidos diariamente. \u00c9 uma estrutura robusta, que exige planejamento permanente&#8221;<\/figcaption><\/figure>\n\n\n\n<blockquote class=\"wp-block-quote is-layout-flow wp-block-quote-is-layout-flow\">\n<p>\u201cN\u00e3o \u00e9 apenas deslocamento. Estamos transportando diariamente o que as fam\u00edlias t\u00eam de mais valioso. Seguran\u00e7a e conforto s\u00e3o premissas do servi\u00e7o.\u201d<\/p>\n<\/blockquote>\n\n\n\n<p>Ela destaca que a regularidade do transporte influencia diretamente na frequ\u00eancia escolar, especialmente para estudantes que moram longe das unidades de ensino.<\/p>\n\n\n\n<p>Outra medida adotada pela rede \u00e9 a <strong>manuten\u00e7\u00e3o dos mesmos monitores nas rotas<\/strong>, sempre que poss\u00edvel, criando v\u00ednculo com os estudantes e permitindo acompanhamento mais pr\u00f3ximo das necessidades de cada crian\u00e7a.<\/p>\n\n\n\n<hr class=\"wp-block-separator has-alpha-channel-opacity\"\/>\n\n\n\n<h2 class=\"wp-block-heading\">Frota distribu\u00edda conforme a demanda<\/h2>\n\n\n\n<p>A distribui\u00e7\u00e3o dos \u00f4nibus acompanha a quantidade de estudantes atendidos em cada regi\u00e3o administrativa.<\/p>\n\n\n\n<p>As \u00e1reas com maior n\u00famero de ve\u00edculos s\u00e3o:<\/p>\n\n\n\n<ul class=\"wp-block-list\">\n<li><strong>Planaltina:<\/strong> 126 \u00f4nibus<\/li>\n\n\n\n<li><strong>Sobradinho:<\/strong> 115<\/li>\n\n\n\n<li><strong>Guar\u00e1\/Estrutural:<\/strong> 112<\/li>\n\n\n\n<li><strong>S\u00e3o Sebasti\u00e3o:<\/strong> 102<\/li>\n\n\n\n<li><strong>N\u00facleo Bandeirante:<\/strong> 85<\/li>\n\n\n\n<li><strong>Ceil\u00e2ndia:<\/strong> 72<\/li>\n\n\n\n<li><strong>Itapo\u00e3:<\/strong> 72<\/li>\n\n\n\n<li><strong>Parano\u00e1:<\/strong> 68<\/li>\n\n\n\n<li><strong>Plano Piloto\/Cruzeiro:<\/strong> 63<\/li>\n\n\n\n<li><strong>Brazl\u00e2ndia:<\/strong> 54<\/li>\n\n\n\n<li><strong>Gama:<\/strong> 51<\/li>\n\n\n\n<li><strong>Taguatinga:<\/strong> 46<\/li>\n\n\n\n<li><strong>Recanto das Emas:<\/strong> 35<\/li>\n\n\n\n<li><strong>Samambaia:<\/strong> 24<\/li>\n\n\n\n<li><strong>Santa Maria:<\/strong> 17<\/li>\n<\/ul>\n\n\n\n<hr class=\"wp-block-separator has-alpha-channel-opacity\"\/>\n\n\n\n<h2 class=\"wp-block-heading\">Mais conforto para os estudantes<\/h2>\n\n\n\n<p>Entre as melhorias percebidas pelos alunos est\u00e1 o <strong>aumento do conforto durante os trajetos<\/strong>, j\u00e1 que parte dos ve\u00edculos mais novos conta com <strong>ar-condicionado e bancos mais ergon\u00f4micos<\/strong>.<\/p>\n\n\n\n<p>A estudante <strong>Rafaela de Paiva<\/strong>, de 13 anos, que utiliza o transporte escolar desde os primeiros anos do ensino fundamental, percebeu a diferen\u00e7a.<\/p>\n\n\n\n<blockquote class=\"wp-block-quote is-layout-flow wp-block-quote-is-layout-flow\">\n<p>\u201cOs bancos s\u00e3o melhores e agora tem ar-condicionado. A gente chega menos cansado na escola, principalmente quem mora longe.\u201d<\/p>\n<\/blockquote>\n\n\n\n<figure class=\"wp-block-image size-large\"><img loading=\"lazy\" decoding=\"async\" width=\"1024\" height=\"682\" src=\"https:\/\/cidadecult.com.br\/wp-content\/uploads\/2026\/03\/Rafaela-de-Paiva-1024x682.jpg\" alt=\"\" class=\"wp-image-16926\" srcset=\"https:\/\/cidadecult.com.br\/wp-content\/uploads\/2026\/03\/Rafaela-de-Paiva-1024x682.jpg 1024w, https:\/\/cidadecult.com.br\/wp-content\/uploads\/2026\/03\/Rafaela-de-Paiva-300x200.jpg 300w, https:\/\/cidadecult.com.br\/wp-content\/uploads\/2026\/03\/Rafaela-de-Paiva-768x512.jpg 768w, https:\/\/cidadecult.com.br\/wp-content\/uploads\/2026\/03\/Rafaela-de-Paiva-750x500.jpg 750w, https:\/\/cidadecult.com.br\/wp-content\/uploads\/2026\/03\/Rafaela-de-Paiva-1140x760.jpg 1140w, https:\/\/cidadecult.com.br\/wp-content\/uploads\/2026\/03\/Rafaela-de-Paiva.jpg 1181w\" sizes=\"auto, (max-width: 1024px) 100vw, 1024px\" \/><figcaption class=\"wp-element-caption\">Rafaela de Paiva aprovou os novos \u00f4nibus: &#8220;Os bancos s\u00e3o melhores e agora tem ar-condicionado<\/figcaption><\/figure>\n\n\n\n<p>Com <strong>mais de 800 ve\u00edculos circulando diariamente<\/strong>, o sistema garante o deslocamento regular de estudantes que vivem em regi\u00f5es mais distantes ou sem unidades escolares pr\u00f3ximas.<\/p>\n\n\n\n<p>A renova\u00e7\u00e3o da frota consolida o transporte escolar como <strong>infraestrutura essencial da pol\u00edtica educacional do Distrito Federal<\/strong>, combinando expans\u00e3o do atendimento, moderniza\u00e7\u00e3o do servi\u00e7o e maior seguran\u00e7a para os estudantes.<\/p>\n","protected":false},"excerpt":{"rendered":"<p>O Governo do Distrito Federal renovou 69,39% da frota do transporte escolar p\u00fablico desde 2021, incorporando 723 novos \u00f4nibus ao sistema. A moderniza\u00e7\u00e3o ampliou o atendimento e hoje beneficia mais de 70 mil estudantes da rede p\u00fablica em 455 escolas do Distrito Federal. Segundo a Secretaria de Educa\u00e7\u00e3o do Distrito Federal, atualmente 70.191 alunos utilizam [&hellip;]<\/p>\n","protected":false},"author":777,"featured_media":16928,"comment_status":"open","ping_status":"open","sticky":false,"template":"","format":"standard","meta":{"_monsterinsights_skip_tracking":false,"_monsterinsights_sitenote_active":false,"_monsterinsights_sitenote_note":"","_monsterinsights_sitenote_category":0,"footnotes":""},"categories":[290],"tags":[7102,7098,7100,7103,7099,7101],"class_list":["post-16925","post","type-post","status-publish","format-standard","has-post-thumbnail","hentry","category-educacao","tag-educacao-distrito-federal","tag-gdf-educacao","tag-onibus-escolar-brasilia","tag-secretaria-de-educacao-df","tag-transporte-escolar-df","tag-transporte-escolar-publico"],"_links":{"self":[{"href":"https:\/\/cidadecult.com.br\/index.php?rest_route=\/wp\/v2\/posts\/16925","targetHints":{"allow":["GET"]}}],"collection":[{"href":"https:\/\/cidadecult.com.br\/index.php?rest_route=\/wp\/v2\/posts"}],"about":[{"href":"https:\/\/cidadecult.com.br\/index.php?rest_route=\/wp\/v2\/types\/post"}],"author":[{"embeddable":true,"href":"https:\/\/cidadecult.com.br\/index.php?rest_route=\/wp\/v2\/users\/777"}],"replies":[{"embeddable":true,"href":"https:\/\/cidadecult.com.br\/index.php?rest_route=%2Fwp%2Fv2%2Fcomments&post=16925"}],"version-history":[{"count":1,"href":"https:\/\/cidadecult.com.br\/index.php?rest_route=\/wp\/v2\/posts\/16925\/revisions"}],"predecessor-version":[{"id":16929,"href":"https:\/\/cidadecult.com.br\/index.php?rest_route=\/wp\/v2\/posts\/16925\/revisions\/16929"}],"wp:featuredmedia":[{"embeddable":true,"href":"https:\/\/cidadecult.com.br\/index.php?rest_route=\/wp\/v2\/media\/16928"}],"wp:attachment":[{"href":"https:\/\/cidadecult.com.br\/index.php?rest_route=%2Fwp%2Fv2%2Fmedia&parent=16925"}],"wp:term":[{"taxonomy":"category","embeddable":true,"href":"https:\/\/cidadecult.com.br\/index.php?rest_route=%2Fwp%2Fv2%2Fcategories&post=16925"},{"taxonomy":"post_tag","embeddable":true,"href":"https:\/\/cidadecult.com.br\/index.php?rest_route=%2Fwp%2Fv2%2Ftags&post=16925"}],"curies":[{"name":"wp","href":"https:\/\/api.w.org\/{rel}","templated":true}]}}