{"id":16919,"date":"2026-03-11T06:00:00","date_gmt":"2026-03-11T09:00:00","guid":{"rendered":"https:\/\/cidadecult.com.br\/?p=16919"},"modified":"2026-03-10T18:05:59","modified_gmt":"2026-03-10T21:05:59","slug":"titas-celebram-40-anos-de-cabeca-dinossauro-com-turne-especial-em-2026","status":"publish","type":"post","link":"https:\/\/cidadecult.com.br\/?p=16919","title":{"rendered":"Tit\u00e3s celebram 40 anos de \u201cCabe\u00e7a Dinossauro\u201d com turn\u00ea especial em 2026"},"content":{"rendered":"\n<p>Quatro d\u00e9cadas depois de seu lan\u00e7amento, o \u00e1lbum <strong>Cabe\u00e7a Dinossauro<\/strong> continua sendo um dos discos mais impactantes da hist\u00f3ria do rock brasileiro. Para marcar os <strong>40 anos do trabalho<\/strong>, a banda <strong>Tit\u00e3s<\/strong> anunciou uma turn\u00ea comemorativa que come\u00e7a em <strong>28 de mar\u00e7o<\/strong>, em S\u00e3o Paulo, e passa por outras tr\u00eas capitais brasileiras.<\/p>\n\n\n\n<p>Atualmente formado por <strong>Branco Mello<\/strong>, <strong>Sergio Britto<\/strong> e <strong>Tony Bellotto<\/strong>, o grupo revisita um \u00e1lbum considerado por cr\u00edticos e f\u00e3s como um divisor de \u00e1guas no rock nacional.<\/p>\n\n\n\n<p>Lan\u00e7ado em 1986, <em>Cabe\u00e7a Dinossauro<\/em> marcou uma mudan\u00e7a radical na sonoridade da banda. Ap\u00f3s dois discos com forte presen\u00e7a de pop e reggae, os Tit\u00e3s apresentaram um trabalho mais <strong>cru, agressivo e direto<\/strong>, com guitarras pesadas, vocais gritados e letras que criticavam institui\u00e7\u00f5es e comportamentos da sociedade brasileira.<\/p>\n\n\n\n<hr class=\"wp-block-separator has-alpha-channel-opacity\"\/>\n\n\n\n<h2 class=\"wp-block-heading\">Um disco que marcou o rock brasileiro<\/h2>\n\n\n\n<p>Quando o \u00e1lbum foi gravado, os Tit\u00e3s eram um octeto. Al\u00e9m do trio que permanece hoje, tamb\u00e9m integravam a banda <strong>Paulo Miklos<\/strong>, <strong>Nando Reis<\/strong>, <strong>Arnaldo Antunes<\/strong>, <strong>Marcelo Fromer<\/strong> e <strong>Charles Gavin<\/strong>.<\/p>\n\n\n\n<p>O \u00e1lbum trouxe can\u00e7\u00f5es que se tornaram cl\u00e1ssicos, como <strong>Pol\u00edcia<\/strong>, <strong>Homem Primata<\/strong> e <strong>Fam\u00edlia<\/strong>. As m\u00fasicas apresentavam letras curtas e incisivas, muitas vezes estruturadas como slogans ou provoca\u00e7\u00f5es diretas.<\/p>\n\n\n\n<p>As faixas criticavam temas como abuso de poder, valores familiares tradicionais e institui\u00e7\u00f5es religiosas \u2014 reflexo do clima pol\u00edtico e social do Brasil na fase inicial da redemocratiza\u00e7\u00e3o.<\/p>\n\n\n\n<p>Segundo Sergio Britto, essa abordagem explica por que o disco continua atual.<\/p>\n\n\n\n<blockquote class=\"wp-block-quote is-layout-flow wp-block-quote-is-layout-flow\">\n<p>\u201cOs temas transcendem o momento hist\u00f3rico. Quest\u00f5es como abuso de poder ou a l\u00f3gica do lucro acima de tudo continuam gerando tens\u00e3o no mundo.\u201d<\/p>\n<\/blockquote>\n\n\n\n<p>Tony Bellotto destaca que o \u00e1lbum n\u00e3o se resume apenas \u00e0 cr\u00edtica social. Para ele, h\u00e1 tamb\u00e9m um lado ir\u00f4nico e bem-humorado, presente em m\u00fasicas como <em>Fam\u00edlia<\/em>, que retrata de forma divertida uma institui\u00e7\u00e3o central da sociedade.<\/p>\n\n\n\n<hr class=\"wp-block-separator has-alpha-channel-opacity\"\/>\n\n\n\n<h2 class=\"wp-block-heading\">Est\u00e9tica agressiva e identidade pr\u00f3pria<\/h2>\n\n\n\n<p>O \u00e1lbum tamb\u00e9m marcou uma mudan\u00e7a est\u00e9tica importante para a banda. At\u00e9 ent\u00e3o, os Tit\u00e3s eram vistos como um grupo pop com forte influ\u00eancia do new wave. Em <em>Cabe\u00e7a Dinossauro<\/em>, a banda abra\u00e7ou uma sonoridade mais <strong>visceral e minimalista<\/strong>.<\/p>\n\n\n\n<p>Uma das caracter\u00edsticas mais marcantes do disco \u00e9 o uso de <strong>vocais coletivos gritados<\/strong>, resultado do fato de que a banda contava com cinco cantores diferentes.<\/p>\n\n\n\n<p>Segundo Branco Mello, essa mistura ajudou a criar uma identidade sonora \u00fanica no rock brasileiro.<\/p>\n\n\n\n<blockquote class=\"wp-block-quote is-layout-flow wp-block-quote-is-layout-flow\">\n<p>\u201cAquela massa vocal gritada acabou virando uma assinatura dos Tit\u00e3s.\u201d<\/p>\n<\/blockquote>\n\n\n\n<p>A pr\u00f3pria capa do disco tamb\u00e9m chamou aten\u00e7\u00e3o na \u00e9poca: em vez de uma foto da banda, a arte traz um desenho inspirado em um estudo anat\u00f4mico de <strong>Leonardo da Vinci<\/strong>, refor\u00e7ando o car\u00e1ter ousado do projeto.<\/p>\n\n\n\n<hr class=\"wp-block-separator has-alpha-channel-opacity\"\/>\n\n\n\n<h2 class=\"wp-block-heading\">Como ser\u00e1 a turn\u00ea de 40 anos<\/h2>\n\n\n\n<p>Nos shows comemorativos, os Tit\u00e3s pretendem apresentar <strong>todas as m\u00fasicas de <em>Cabe\u00e7a Dinossauro<\/em> na ordem original do \u00e1lbum<\/strong>. Na segunda parte do show, o repert\u00f3rio incluir\u00e1 can\u00e7\u00f5es de outros discos que dialogam com o esp\u00edrito do \u00e1lbum.<\/p>\n\n\n\n<p>Al\u00e9m do trio principal, a banda contar\u00e1 com:<\/p>\n\n\n\n<ul class=\"wp-block-list\">\n<li><strong>Mario Fabre<\/strong> \u2013 bateria<\/li>\n\n\n\n<li><strong>Beto Lee<\/strong> \u2013 guitarra<\/li>\n\n\n\n<li><strong>Alexandre de Orio<\/strong> \u2013 guitarra adicional<\/li>\n<\/ul>\n\n\n\n<p>A presen\u00e7a de uma segunda guitarra no palco ajuda a reproduzir os arranjos mais densos do \u00e1lbum original.<\/p>\n\n\n\n<hr class=\"wp-block-separator has-alpha-channel-opacity\"\/>\n\n\n\n<h2 class=\"wp-block-heading\">Datas da turn\u00ea<\/h2>\n\n\n\n<p>\ud83d\udccd <strong>S\u00e3o Paulo<\/strong> \u2013 28 de mar\u00e7o \u2013 Espa\u00e7o Unimed<br>\ud83d\udccd <strong>Belo Horizonte<\/strong> \u2013 25 de abril<br>\ud83d\udccd <strong>Rio de Janeiro<\/strong> \u2013 9 de maio<br>\ud83d\udccd <strong>Curitiba<\/strong> \u2013 18 de julho<\/p>\n\n\n\n<p>Novas datas podem ser anunciadas ao longo do ano.<\/p>\n","protected":false},"excerpt":{"rendered":"<p>Quatro d\u00e9cadas depois de seu lan\u00e7amento, o \u00e1lbum Cabe\u00e7a Dinossauro continua sendo um dos discos mais impactantes da hist\u00f3ria do rock brasileiro. Para marcar os 40 anos do trabalho, a banda Tit\u00e3s anunciou uma turn\u00ea comemorativa que come\u00e7a em 28 de mar\u00e7o, em S\u00e3o Paulo, e passa por outras tr\u00eas capitais brasileiras. Atualmente formado por [&hellip;]<\/p>\n","protected":false},"author":777,"featured_media":16920,"comment_status":"open","ping_status":"open","sticky":false,"template":"","format":"standard","meta":{"_monsterinsights_skip_tracking":false,"_monsterinsights_sitenote_active":false,"_monsterinsights_sitenote_note":"","_monsterinsights_sitenote_category":0,"footnotes":""},"categories":[1],"tags":[],"class_list":["post-16919","post","type-post","status-publish","format-standard","has-post-thumbnail","hentry","category-sem-categoria"],"_links":{"self":[{"href":"https:\/\/cidadecult.com.br\/index.php?rest_route=\/wp\/v2\/posts\/16919","targetHints":{"allow":["GET"]}}],"collection":[{"href":"https:\/\/cidadecult.com.br\/index.php?rest_route=\/wp\/v2\/posts"}],"about":[{"href":"https:\/\/cidadecult.com.br\/index.php?rest_route=\/wp\/v2\/types\/post"}],"author":[{"embeddable":true,"href":"https:\/\/cidadecult.com.br\/index.php?rest_route=\/wp\/v2\/users\/777"}],"replies":[{"embeddable":true,"href":"https:\/\/cidadecult.com.br\/index.php?rest_route=%2Fwp%2Fv2%2Fcomments&post=16919"}],"version-history":[{"count":1,"href":"https:\/\/cidadecult.com.br\/index.php?rest_route=\/wp\/v2\/posts\/16919\/revisions"}],"predecessor-version":[{"id":16921,"href":"https:\/\/cidadecult.com.br\/index.php?rest_route=\/wp\/v2\/posts\/16919\/revisions\/16921"}],"wp:featuredmedia":[{"embeddable":true,"href":"https:\/\/cidadecult.com.br\/index.php?rest_route=\/wp\/v2\/media\/16920"}],"wp:attachment":[{"href":"https:\/\/cidadecult.com.br\/index.php?rest_route=%2Fwp%2Fv2%2Fmedia&parent=16919"}],"wp:term":[{"taxonomy":"category","embeddable":true,"href":"https:\/\/cidadecult.com.br\/index.php?rest_route=%2Fwp%2Fv2%2Fcategories&post=16919"},{"taxonomy":"post_tag","embeddable":true,"href":"https:\/\/cidadecult.com.br\/index.php?rest_route=%2Fwp%2Fv2%2Ftags&post=16919"}],"curies":[{"name":"wp","href":"https:\/\/api.w.org\/{rel}","templated":true}]}}