{"id":16912,"date":"2026-03-10T17:58:29","date_gmt":"2026-03-10T20:58:29","guid":{"rendered":"https:\/\/cidadecult.com.br\/?p=16912"},"modified":"2026-03-10T18:00:42","modified_gmt":"2026-03-10T21:00:42","slug":"peca-tres-mulheres-baixas-volta-aos-palcos-com-humor-e-reflexoes-sobre-a-maturidade-feminina","status":"publish","type":"post","link":"https:\/\/cidadecult.com.br\/?p=16912","title":{"rendered":"Pe\u00e7a \u201cTr\u00eas Mulheres Baixas\u201d volta aos palcos com humor e reflex\u00f5es sobre a maturidade feminina"},"content":{"rendered":"\n<p>A pe\u00e7a <strong>Tr\u00eas Mulheres Baixas<\/strong> retorna aos palcos com uma montagem renovada que mistura humor, cr\u00edtica social e reflex\u00f5es sobre a vida de mulheres maduras. O espet\u00e1culo ser\u00e1 apresentado <strong>em sess\u00e3o \u00fanica no dia 15 de mar\u00e7o, \u00e0s 19h<\/strong>, no <strong>Espa\u00e7o Multicultural Casa dos Quatro<\/strong>, em Bras\u00edlia.<\/p>\n\n\n\n<p>Criada originalmente em 2018 pelo dramaturgo <strong>Alexandre Ribondi<\/strong>, a pe\u00e7a nasceu a partir da conviv\u00eancia do autor com mulheres com mais de 40 anos que buscavam o teatro como forma de autoconhecimento \u2014 e acabaram se tornando atrizes. O espet\u00e1culo tamb\u00e9m dialoga com cl\u00e1ssicos como <strong>Three Tall Women<\/strong> e <strong>The Three Sisters<\/strong>, trazendo uma abordagem contempor\u00e2nea sobre amizade, envelhecimento e identidade feminina.<\/p>\n\n\n\n<p>Oito anos depois da estreia, as personagens voltam aos palcos mais maduras \u2014 agora na faixa dos 50 anos \u2014 abordando novos temas com o mesmo tom irreverente caracter\u00edstico do universo de Ribondi.<\/p>\n\n\n\n<figure class=\"wp-block-image size-large\"><img loading=\"lazy\" decoding=\"async\" width=\"576\" height=\"1024\" src=\"https:\/\/cidadecult.com.br\/wp-content\/uploads\/2026\/03\/fotos_isabelafranca6-576x1024.jpeg\" alt=\"\" class=\"wp-image-16913\" srcset=\"https:\/\/cidadecult.com.br\/wp-content\/uploads\/2026\/03\/fotos_isabelafranca6-576x1024.jpeg 576w, https:\/\/cidadecult.com.br\/wp-content\/uploads\/2026\/03\/fotos_isabelafranca6-169x300.jpeg 169w, https:\/\/cidadecult.com.br\/wp-content\/uploads\/2026\/03\/fotos_isabelafranca6-768x1365.jpeg 768w, https:\/\/cidadecult.com.br\/wp-content\/uploads\/2026\/03\/fotos_isabelafranca6-750x1333.jpeg 750w, https:\/\/cidadecult.com.br\/wp-content\/uploads\/2026\/03\/fotos_isabelafranca6.jpeg 844w\" sizes=\"auto, (max-width: 576px) 100vw, 576px\" \/><figcaption class=\"wp-element-caption\">Cr\u00e9dito: Isabela Fran\u00e7a \/ Divulga\u00e7\u00e3o<\/figcaption><\/figure>\n\n\n\n<hr class=\"wp-block-separator has-alpha-channel-opacity\"\/>\n\n\n\n<h2 class=\"wp-block-heading\">Amizade, menopausa e liberdade feminina<\/h2>\n\n\n\n<p>A trama acompanha <strong>Alzira, Gertrudes e Iolanda<\/strong>, tr\u00eas amigas que decidem passar um fim de semana juntas em uma casa de praia. O encontro, inicialmente leve e descontra\u00eddo, acaba se transformando em um espa\u00e7o para conversas profundas \u2014 sempre permeadas por humor e ironia.<\/p>\n\n\n\n<p>Entre os temas que surgem nas conversas est\u00e3o:<\/p>\n\n\n\n<ul class=\"wp-block-list\">\n<li><strong>perimenopausa e menopausa<\/strong><\/li>\n\n\n\n<li>a rela\u00e7\u00e3o com o corpo e o envelhecimento<\/li>\n\n\n\n<li>maternidade e rela\u00e7\u00e3o com os filhos<\/li>\n\n\n\n<li>o cuidado com pais idosos<\/li>\n\n\n\n<li>press\u00f5es sociais sobre o comportamento feminino<\/li>\n\n\n\n<li>os direitos das mulheres e o debate sobre aborto legal<\/li>\n\n\n\n<li>novas formas de viver o amor<\/li>\n<\/ul>\n\n\n\n<p>A com\u00e9dia revela, com leveza e deboche, as complexidades da vida feminina ap\u00f3s os 40 e 50 anos, explorando os desafios e transforma\u00e7\u00f5es dessa fase.<\/p>\n\n\n\n<hr class=\"wp-block-separator has-alpha-channel-opacity\"\/>\n\n\n\n<h2 class=\"wp-block-heading\">Elenco re\u00fane atrizes de diferentes trajet\u00f3rias<\/h2>\n\n\n\n<figure class=\"wp-block-image size-large\"><img loading=\"lazy\" decoding=\"async\" width=\"1024\" height=\"683\" src=\"https:\/\/cidadecult.com.br\/wp-content\/uploads\/2026\/03\/tresbaixas_isabelafrancacomIA1-1024x683.png\" alt=\"\" class=\"wp-image-16915\" srcset=\"https:\/\/cidadecult.com.br\/wp-content\/uploads\/2026\/03\/tresbaixas_isabelafrancacomIA1-1024x683.png 1024w, https:\/\/cidadecult.com.br\/wp-content\/uploads\/2026\/03\/tresbaixas_isabelafrancacomIA1-300x200.png 300w, https:\/\/cidadecult.com.br\/wp-content\/uploads\/2026\/03\/tresbaixas_isabelafrancacomIA1-768x512.png 768w, https:\/\/cidadecult.com.br\/wp-content\/uploads\/2026\/03\/tresbaixas_isabelafrancacomIA1-750x500.png 750w, https:\/\/cidadecult.com.br\/wp-content\/uploads\/2026\/03\/tresbaixas_isabelafrancacomIA1-1140x760.png 1140w, https:\/\/cidadecult.com.br\/wp-content\/uploads\/2026\/03\/tresbaixas_isabelafrancacomIA1.png 1536w\" sizes=\"auto, (max-width: 1024px) 100vw, 1024px\" \/><figcaption class=\"wp-element-caption\">Cr\u00e9dito: Isabela Fran\u00e7a \/ Divulga\u00e7\u00e3o<\/figcaption><\/figure>\n\n\n\n<p>Nesta temporada, o espet\u00e1culo \u00e9 protagonizado pelas atrizes <strong>Helen Cris<\/strong>, <strong>Irina Buss<\/strong> e <strong>Monique Alvarenga<\/strong>.<\/p>\n\n\n\n<p>Helen Cris e Monique Alvarenga participaram das montagens anteriores da pe\u00e7a, enquanto Irina Buss estreia como atriz profissional no espet\u00e1culo. Para ela, o processo tem sido tamb\u00e9m uma experi\u00eancia pessoal.<\/p>\n\n\n\n<blockquote class=\"wp-block-quote is-layout-flow wp-block-quote-is-layout-flow\">\n<p>\u201cO aprendizado \u00e9 imenso, tanto como mulher do teatro quanto como mulher madura, atravessando uma transforma\u00e7\u00e3o do corpo que parece brusca, mas que perdura no tempo.\u201d<\/p>\n<\/blockquote>\n\n\n\n<p>Monique Alvarenga tamb\u00e9m contribuiu com a dramaturgia de alguns quadros da pe\u00e7a, ampliando a conex\u00e3o entre o texto e as experi\u00eancias reais das atrizes.<\/p>\n\n\n\n<hr class=\"wp-block-separator has-alpha-channel-opacity\"\/>\n\n\n\n<h2 class=\"wp-block-heading\">Nova montagem dialoga com o presente<\/h2>\n\n\n\n<p>A nova vers\u00e3o do espet\u00e1culo \u00e9 dirigida por <strong>Morillo Carvalho<\/strong>, que tamb\u00e9m assina parte da dramaturgia. Segundo ele, atualizar o texto foi um desafio necess\u00e1rio para manter viva a proposta original de Ribondi.<\/p>\n\n\n\n<p>O diretor explica que o espet\u00e1culo de 2018 nasceu de conversas entre o dramaturgo e as atrizes. Agora, a equipe buscou repetir o processo, incorporando novas experi\u00eancias vividas ao longo dos anos.<\/p>\n\n\n\n<p>Nesta temporada, por exemplo, a <strong>menopausa se torna um tema central<\/strong>, algo que n\u00e3o estava presente na montagem original porque as pr\u00f3prias atrizes ainda n\u00e3o haviam passado por essa fase da vida.<\/p>\n\n\n\n<figure class=\"wp-block-image size-large\"><img loading=\"lazy\" decoding=\"async\" width=\"600\" height=\"1024\" src=\"https:\/\/cidadecult.com.br\/wp-content\/uploads\/2026\/03\/irina_buss_isabelafrancacomIA-600x1024.jpg\" alt=\"\" class=\"wp-image-16914\" srcset=\"https:\/\/cidadecult.com.br\/wp-content\/uploads\/2026\/03\/irina_buss_isabelafrancacomIA-600x1024.jpg 600w, https:\/\/cidadecult.com.br\/wp-content\/uploads\/2026\/03\/irina_buss_isabelafrancacomIA-176x300.jpg 176w, https:\/\/cidadecult.com.br\/wp-content\/uploads\/2026\/03\/irina_buss_isabelafrancacomIA-768x1310.jpg 768w, https:\/\/cidadecult.com.br\/wp-content\/uploads\/2026\/03\/irina_buss_isabelafrancacomIA-900x1536.jpg 900w, https:\/\/cidadecult.com.br\/wp-content\/uploads\/2026\/03\/irina_buss_isabelafrancacomIA-1201x2048.jpg 1201w, https:\/\/cidadecult.com.br\/wp-content\/uploads\/2026\/03\/irina_buss_isabelafrancacomIA-750x1279.jpg 750w, https:\/\/cidadecult.com.br\/wp-content\/uploads\/2026\/03\/irina_buss_isabelafrancacomIA-1140x1945.jpg 1140w, https:\/\/cidadecult.com.br\/wp-content\/uploads\/2026\/03\/irina_buss_isabelafrancacomIA-scaled.jpg 1501w\" sizes=\"auto, (max-width: 600px) 100vw, 600px\" \/><figcaption class=\"wp-element-caption\">Cr\u00e9dito: Isabela Fran\u00e7a \/ Divulga\u00e7\u00e3o<\/figcaption><\/figure>\n\n\n\n<hr class=\"wp-block-separator has-alpha-channel-opacity\"\/>\n\n\n\n<h2 class=\"wp-block-heading\">Legado da Cia Ruiva<\/h2>\n\n\n\n<p>O espet\u00e1culo \u00e9 produzido pela <strong>Cia Ruiva<\/strong>, grupo fundado em 2016 por Alexandre Ribondi e seus atores. A companhia mant\u00e9m vivo o legado do dramaturgo, que atuou no teatro de Bras\u00edlia por mais de cinco d\u00e9cadas, entre 1972 e 2023.<\/p>\n\n\n\n<p>Al\u00e9m de <em>Tr\u00eas Mulheres Baixas<\/em>, o grupo tamb\u00e9m montou pe\u00e7as como <strong>Liberdade, Liberdade<\/strong>, <strong>Dicion\u00e1rio das Coisas que Nunca Existiram<\/strong> e <strong>Tiros na Catedral<\/strong>.<\/p>\n\n\n\n<hr class=\"wp-block-separator has-alpha-channel-opacity\"\/>\n\n\n\n<h2 class=\"wp-block-heading\">Servi\u00e7o<\/h2>\n\n\n\n<p><strong>Espet\u00e1culo:<\/strong> Tr\u00eas Mulheres Baixas<br>\ud83d\udccd Local: Espa\u00e7o Multicultural Casa dos Quatro \u2013 SCLRN 708 Bloco F Loja 02<br>\ud83d\udcc5 Data: 15 de mar\u00e7o de 2026<br>\u23f0 Hor\u00e1rio: 19h<\/p>\n\n\n\n<p>\ud83c\udf9f <strong>Ingressos:<\/strong><br>R$ 25 (meia)<br>R$ 50 (inteira)<\/p>\n\n\n\n<p>Vendas: <a href=\"https:\/\/bit.ly\/3Baixas\">https:\/\/bit.ly\/3Baixas<\/a><\/p>\n","protected":false},"excerpt":{"rendered":"<p>A pe\u00e7a Tr\u00eas Mulheres Baixas retorna aos palcos com uma montagem renovada que mistura humor, cr\u00edtica social e reflex\u00f5es sobre a vida de mulheres maduras. O espet\u00e1culo ser\u00e1 apresentado em sess\u00e3o \u00fanica no dia 15 de mar\u00e7o, \u00e0s 19h, no Espa\u00e7o Multicultural Casa dos Quatro, em Bras\u00edlia. Criada originalmente em 2018 pelo dramaturgo Alexandre Ribondi, [&hellip;]<\/p>\n","protected":false},"author":777,"featured_media":16915,"comment_status":"open","ping_status":"open","sticky":false,"template":"","format":"standard","meta":{"_monsterinsights_skip_tracking":false,"_monsterinsights_sitenote_active":false,"_monsterinsights_sitenote_note":"","_monsterinsights_sitenote_category":0,"footnotes":""},"categories":[401],"tags":[7085,7088,7089,7087,7090,7091,7086,7084],"class_list":["post-16912","post","type-post","status-publish","format-standard","has-post-thumbnail","hentry","category-teatro","tag-alexandre-ribondi","tag-cia-ruiva","tag-morillo-carvalho","tag-mulheres-maduras","tag-peca-sobre-menopausa","tag-teatro-brasiliense","tag-teatro-em-brasilia","tag-tres-mulheres-baixas"],"_links":{"self":[{"href":"https:\/\/cidadecult.com.br\/index.php?rest_route=\/wp\/v2\/posts\/16912","targetHints":{"allow":["GET"]}}],"collection":[{"href":"https:\/\/cidadecult.com.br\/index.php?rest_route=\/wp\/v2\/posts"}],"about":[{"href":"https:\/\/cidadecult.com.br\/index.php?rest_route=\/wp\/v2\/types\/post"}],"author":[{"embeddable":true,"href":"https:\/\/cidadecult.com.br\/index.php?rest_route=\/wp\/v2\/users\/777"}],"replies":[{"embeddable":true,"href":"https:\/\/cidadecult.com.br\/index.php?rest_route=%2Fwp%2Fv2%2Fcomments&post=16912"}],"version-history":[{"count":2,"href":"https:\/\/cidadecult.com.br\/index.php?rest_route=\/wp\/v2\/posts\/16912\/revisions"}],"predecessor-version":[{"id":16917,"href":"https:\/\/cidadecult.com.br\/index.php?rest_route=\/wp\/v2\/posts\/16912\/revisions\/16917"}],"wp:featuredmedia":[{"embeddable":true,"href":"https:\/\/cidadecult.com.br\/index.php?rest_route=\/wp\/v2\/media\/16915"}],"wp:attachment":[{"href":"https:\/\/cidadecult.com.br\/index.php?rest_route=%2Fwp%2Fv2%2Fmedia&parent=16912"}],"wp:term":[{"taxonomy":"category","embeddable":true,"href":"https:\/\/cidadecult.com.br\/index.php?rest_route=%2Fwp%2Fv2%2Fcategories&post=16912"},{"taxonomy":"post_tag","embeddable":true,"href":"https:\/\/cidadecult.com.br\/index.php?rest_route=%2Fwp%2Fv2%2Ftags&post=16912"}],"curies":[{"name":"wp","href":"https:\/\/api.w.org\/{rel}","templated":true}]}}