{"id":16901,"date":"2026-03-10T17:41:22","date_gmt":"2026-03-10T20:41:22","guid":{"rendered":"https:\/\/cidadecult.com.br\/?p=16901"},"modified":"2026-03-10T17:41:22","modified_gmt":"2026-03-10T20:41:22","slug":"animale-apresenta-colecao-de-inverno-2026-inspirada-na-cultura-musical-dos-anos-70","status":"publish","type":"post","link":"https:\/\/cidadecult.com.br\/?p=16901","title":{"rendered":"Animale apresenta cole\u00e7\u00e3o de Inverno 2026 inspirada na cultura musical dos anos 70"},"content":{"rendered":"\n<p>A <strong>Animale<\/strong> apresenta <strong>On Tour<\/strong>, sua cole\u00e7\u00e3o de <strong>Inverno 2026<\/strong>, inspirada na liberdade e no esp\u00edrito itinerante de mulheres que est\u00e3o sempre em movimento. A nova linha busca refer\u00eancias na <strong>cultura musical dos anos 1970<\/strong>, combinando est\u00e9tica folk, toque psicod\u00e9lico e uma leitura contempor\u00e2nea da moda boho.<\/p>\n\n\n\n<p>A proposta da cole\u00e7\u00e3o traduz a ideia de uma mulher que atravessa cidades, paisagens e experi\u00eancias, conectando passado e presente com naturalidade. O resultado \u00e9 um guarda-roupa que valoriza <strong>autenticidade, conforto e express\u00e3o pessoal<\/strong>, alinhado ao estilo de vida din\u00e2mico e cosmopolita.<\/p>\n\n\n\n<p>Segundo <strong>Bel Yunes<\/strong>, diretora criativa e de estilo da marca, a cole\u00e7\u00e3o traduz esse esp\u00edrito de liberdade.<\/p>\n\n\n\n<blockquote class=\"wp-block-quote is-layout-flow wp-block-quote-is-layout-flow\">\n<p>\u201cOn Tour fala sobre a mulher que n\u00e3o pertence a um \u00fanico lugar, mas ao mundo. A cole\u00e7\u00e3o traduz essa busca por liberdade e autenticidade em pe\u00e7as com atitude e identidade.\u201d<\/p>\n<\/blockquote>\n\n\n\n<hr class=\"wp-block-separator has-alpha-channel-opacity\"\/>\n\n\n\n<h2 class=\"wp-block-heading\">Est\u00e9tica folk e refer\u00eancias da estrada<\/h2>\n\n\n\n<p>Entre os principais elementos da cole\u00e7\u00e3o est\u00e3o <strong>volumes amplos<\/strong>, que criam silhuetas com mais movimento e fluidez, al\u00e9m de texturas marcantes que refor\u00e7am o car\u00e1ter sensorial das pe\u00e7as.<\/p>\n\n\n\n<p>O universo country aparece reinterpretado por meio de uma est\u00e9tica contempor\u00e2nea. Um dos destaques \u00e9 o <strong>Deer Print<\/strong>, tamb\u00e9m associado \u00e0 tend\u00eancia <strong>\u201cBambi Core\u201d<\/strong>, que vem ganhando espa\u00e7o nas passarelas e no street style internacional.<\/p>\n\n\n\n<p>Esse padr\u00e3o surge aplicado em diferentes pe\u00e7as-chave da temporada, dialogando com uma est\u00e9tica que mistura <strong>natureza, nostalgia e esp\u00edrito livre<\/strong>.<\/p>\n\n\n\n<p>Outro ponto forte da cole\u00e7\u00e3o \u00e9 o uso do <strong>couro com apar\u00eancia natural<\/strong>, muitas vezes acompanhado por franjas, superf\u00edcies camur\u00e7adas e acabamentos com aspecto desgastado \u2014 refer\u00eancias sutis \u00e0 estrada, \u00e0s viagens e ao movimento constante.<\/p>\n\n\n\n<hr class=\"wp-block-separator has-alpha-channel-opacity\"\/>\n\n\n\n<h2 class=\"wp-block-heading\">Texturas, bordados e paleta terrosa<\/h2>\n\n\n\n<p>Os materiais desempenham papel central na narrativa da cole\u00e7\u00e3o. Bordados manuais, tecidos fluidos e superf\u00edcies texturizadas ajudam a construir uma atmosfera que remete ao universo boho e \u00e0s viagens inspiradas na m\u00fasica e na contracultura dos anos 70.<\/p>\n\n\n\n<p>A paleta de cores aposta em <strong>tons terrosos e invernais<\/strong>, evocando paisagens naturais e caminhos percorridos. J\u00e1 as <strong>T-shirts e estampas gr\u00e1ficas<\/strong> aparecem como registros visuais dessa jornada, refor\u00e7ando o car\u00e1ter narrativo da cole\u00e7\u00e3o.<\/p>\n\n\n\n<p>O resultado \u00e9 um guarda-roupa que transita entre o <strong>boho, o country e o urbano<\/strong>, mantendo o DNA sofisticado da marca.<\/p>\n\n\n\n<hr class=\"wp-block-separator has-alpha-channel-opacity\"\/>\n\n\n\n<h2 class=\"wp-block-heading\">Moda como express\u00e3o de liberdade<\/h2>\n\n\n\n<p>Com <strong>On Tour<\/strong>, a Animale refor\u00e7a sua vis\u00e3o de moda como extens\u00e3o do estilo de vida. As pe\u00e7as acompanham o ritmo e as escolhas de mulheres que enxergam o vestir como <strong>forma de express\u00e3o, identidade e liberdade<\/strong>.<\/p>\n\n\n\n<p>Fundada em 1991, a Animale se consolidou como uma das marcas mais reconhecidas da moda brasileira. Hoje integra o <strong>Azzas 2154<\/strong>, grupo que re\u00fane algumas das principais etiquetas do pa\u00eds, e mant\u00e9m presen\u00e7a em lojas pr\u00f3prias, e-commerce e multimarcas em todo o Brasil.<\/p>\n","protected":false},"excerpt":{"rendered":"<p>A Animale apresenta On Tour, sua cole\u00e7\u00e3o de Inverno 2026, inspirada na liberdade e no esp\u00edrito itinerante de mulheres que est\u00e3o sempre em movimento. A nova linha busca refer\u00eancias na cultura musical dos anos 1970, combinando est\u00e9tica folk, toque psicod\u00e9lico e uma leitura contempor\u00e2nea da moda boho. A proposta da cole\u00e7\u00e3o traduz a ideia de [&hellip;]<\/p>\n","protected":false},"author":777,"featured_media":16902,"comment_status":"open","ping_status":"open","sticky":false,"template":"","format":"standard","meta":{"_monsterinsights_skip_tracking":false,"_monsterinsights_sitenote_active":false,"_monsterinsights_sitenote_note":"","_monsterinsights_sitenote_category":0,"footnotes":""},"categories":[8],"tags":[7065,7072,7073,7068,7066,7069,7070,7071,7067],"class_list":["post-16901","post","type-post","status-publish","format-standard","has-post-thumbnail","hentry","category-lifestyle","tag-animale","tag-animale-inverno-2026","tag-bambi-core","tag-bel-yunes","tag-colecao-on-tour","tag-deer-print","tag-moda-anos-70","tag-moda-brasileira","tag-tendencia-boho"],"_links":{"self":[{"href":"https:\/\/cidadecult.com.br\/index.php?rest_route=\/wp\/v2\/posts\/16901","targetHints":{"allow":["GET"]}}],"collection":[{"href":"https:\/\/cidadecult.com.br\/index.php?rest_route=\/wp\/v2\/posts"}],"about":[{"href":"https:\/\/cidadecult.com.br\/index.php?rest_route=\/wp\/v2\/types\/post"}],"author":[{"embeddable":true,"href":"https:\/\/cidadecult.com.br\/index.php?rest_route=\/wp\/v2\/users\/777"}],"replies":[{"embeddable":true,"href":"https:\/\/cidadecult.com.br\/index.php?rest_route=%2Fwp%2Fv2%2Fcomments&post=16901"}],"version-history":[{"count":1,"href":"https:\/\/cidadecult.com.br\/index.php?rest_route=\/wp\/v2\/posts\/16901\/revisions"}],"predecessor-version":[{"id":16903,"href":"https:\/\/cidadecult.com.br\/index.php?rest_route=\/wp\/v2\/posts\/16901\/revisions\/16903"}],"wp:featuredmedia":[{"embeddable":true,"href":"https:\/\/cidadecult.com.br\/index.php?rest_route=\/wp\/v2\/media\/16902"}],"wp:attachment":[{"href":"https:\/\/cidadecult.com.br\/index.php?rest_route=%2Fwp%2Fv2%2Fmedia&parent=16901"}],"wp:term":[{"taxonomy":"category","embeddable":true,"href":"https:\/\/cidadecult.com.br\/index.php?rest_route=%2Fwp%2Fv2%2Fcategories&post=16901"},{"taxonomy":"post_tag","embeddable":true,"href":"https:\/\/cidadecult.com.br\/index.php?rest_route=%2Fwp%2Fv2%2Ftags&post=16901"}],"curies":[{"name":"wp","href":"https:\/\/api.w.org\/{rel}","templated":true}]}}