{"id":16895,"date":"2026-03-10T17:31:35","date_gmt":"2026-03-10T20:31:35","guid":{"rendered":"https:\/\/cidadecult.com.br\/?p=16895"},"modified":"2026-03-10T17:31:36","modified_gmt":"2026-03-10T20:31:36","slug":"joao-rock-anuncia-primeiras-atracoes-de-2026-e-abre-pre-venda-em-marco","status":"publish","type":"post","link":"https:\/\/cidadecult.com.br\/?p=16895","title":{"rendered":"Jo\u00e3o Rock anuncia primeiras atra\u00e7\u00f5es de 2026 e abre pr\u00e9-venda em mar\u00e7o"},"content":{"rendered":"\n<p>O <strong>Jo\u00e3o Rock<\/strong> j\u00e1 come\u00e7ou a desenhar sua edi\u00e7\u00e3o de 2026. O festival, marcado para <strong>1\u00ba de agosto<\/strong>, em <strong>Ribeir\u00e3o Preto (SP)<\/strong>, confirmou os primeiros nomes do line-up e refor\u00e7a sua proposta de reunir diferentes gera\u00e7\u00f5es e vertentes da m\u00fasica brasileira em uma maratona de shows. Segundo a organiza\u00e7\u00e3o, ser\u00e3o <strong>mais de 27 atra\u00e7\u00f5es distribu\u00eddas em cinco palcos<\/strong>, com <strong>mais de 14 horas ininterruptas de m\u00fasica<\/strong> ao longo de um \u00fanico dia.<\/p>\n\n\n\n<p>Entre os primeiros artistas anunciados est\u00e3o <strong>CPM 22, Detonautas, Os Paralamas do Sucesso, Armandinho, Criolo, Z\u00e9 Ramalho e Marina Sena<\/strong>. A sele\u00e7\u00e3o mistura rock, reggae, rap, MPB e nomes de forte apelo popular, mantendo a identidade do festival como vitrine da diversidade sonora do pa\u00eds.<\/p>\n\n\n\n<p>A <strong>pr\u00e9-venda de ingressos<\/strong> acontece entre os dias <strong>17 e 23 de mar\u00e7o<\/strong>, em lote especial e limitado. As entradas estar\u00e3o dispon\u00edveis para os setores <strong>Pista, Pista Premium, Camarote Jo\u00e3o Rock e Camarote Eisen<\/strong>, com vendas realizadas <strong>exclusivamente pelo site oficial do festival<\/strong> e possibilidade de parcelamento em at\u00e9 seis vezes, segundo a divulga\u00e7\u00e3o do evento.<\/p>\n\n\n\n<h3 class=\"wp-block-heading\">Primeiros nomes refor\u00e7am a identidade do festival<\/h3>\n\n\n\n<p>A primeira leva de atra\u00e7\u00f5es evidencia uma curadoria que cruza artistas hist\u00f3ricos e nomes de diferentes fases da m\u00fasica brasileira. O <strong>CPM 22<\/strong>, por exemplo, retorna como uma das bandas mais ligadas \u00e0 trajet\u00f3ria do Jo\u00e3o Rock. De acordo com a organiza\u00e7\u00e3o, o grupo \u00e9 o que mais vezes subiu aos palcos do festival, somando <strong>13 participa\u00e7\u00f5es<\/strong>.<\/p>\n\n\n\n<p>Em declara\u00e7\u00e3o divulgada pela organiza\u00e7\u00e3o, <strong>Badau\u00ed<\/strong>, vocalista da banda, afirmou que o grupo prepara um show com clima nost\u00e1lgico para a edi\u00e7\u00e3o de 2026. A expectativa ajuda a alimentar o apelo afetivo do festival junto a um p\u00fablico que acompanha o evento h\u00e1 anos.<\/p>\n\n\n\n<p>Tamb\u00e9m confirmados, <strong>Detonautas<\/strong> e <strong>Os Paralamas do Sucesso<\/strong> refor\u00e7am o peso do rock nacional no line-up. J\u00e1 <strong>Criolo<\/strong> amplia o espectro da programa\u00e7\u00e3o ao levar ao festival uma trajet\u00f3ria que transita entre rap, samba e MPB. Segundo a divulga\u00e7\u00e3o, esta ser\u00e1 a <strong>sexta participa\u00e7\u00e3o<\/strong> do artista no Jo\u00e3o Rock, entre shows e apari\u00e7\u00f5es especiais.<\/p>\n\n\n\n<p>No campo da diversidade musical, o festival ainda traz <strong>Armandinho<\/strong>, um dos nomes mais conhecidos do reggae nacional, <strong>Z\u00e9 Ramalho<\/strong>, refer\u00eancia que conecta tradi\u00e7\u00e3o nordestina, folk e rock, e <strong>Marina Sena<\/strong>, representante da cena pop brasileira contempor\u00e2nea, confirmada para sua terceira participa\u00e7\u00e3o no evento.<\/p>\n\n\n\n<h3 class=\"wp-block-heading\">Palco Brasil ter\u00e1 tema \u201cDe Norte a Sul\u201d<\/h3>\n\n\n\n<p>Outro destaque j\u00e1 confirmado pela organiza\u00e7\u00e3o \u00e9 o <strong>Palco Brasil<\/strong>, que em 2026 ter\u00e1 como tema <strong>\u201cDe Norte a Sul\u201d<\/strong>. A proposta refor\u00e7a a voca\u00e7\u00e3o do Jo\u00e3o Rock de celebrar a pluralidade musical brasileira e de transformar o festival em um espa\u00e7o de encontro entre estilos, sotaques e gera\u00e7\u00f5es.<\/p>\n\n\n\n<p>Realizado anualmente desde 2002, o Jo\u00e3o Rock se consolidou como um dos principais festivais do pa\u00eds dedicados \u00e0 m\u00fasica brasileira. Ao antecipar parte das atra\u00e7\u00f5es antes mesmo da abertura das vendas, o evento cria expectativa e fortalece a conex\u00e3o com um p\u00fablico que acompanha, a cada edi\u00e7\u00e3o, a combina\u00e7\u00e3o entre nomes consagrados e artistas em ascens\u00e3o. Essa estrat\u00e9gia tamb\u00e9m amplia o interesse em torno da pr\u00e9-venda, que costuma movimentar os f\u00e3s logo nos primeiros lotes.<\/p>\n","protected":false},"excerpt":{"rendered":"<p>O Jo\u00e3o Rock j\u00e1 come\u00e7ou a desenhar sua edi\u00e7\u00e3o de 2026. O festival, marcado para 1\u00ba de agosto, em Ribeir\u00e3o Preto (SP), confirmou os primeiros nomes do line-up e refor\u00e7a sua proposta de reunir diferentes gera\u00e7\u00f5es e vertentes da m\u00fasica brasileira em uma maratona de shows. Segundo a organiza\u00e7\u00e3o, ser\u00e3o mais de 27 atra\u00e7\u00f5es distribu\u00eddas [&hellip;]<\/p>\n","protected":false},"author":777,"featured_media":16896,"comment_status":"open","ping_status":"open","sticky":false,"template":"","format":"standard","meta":{"_monsterinsights_skip_tracking":false,"_monsterinsights_sitenote_active":false,"_monsterinsights_sitenote_note":"","_monsterinsights_sitenote_category":0,"footnotes":""},"categories":[6],"tags":[7052,7053,1453,7054,7050,7048,7049,7055,7057,7051,7056],"class_list":["post-16895","post","type-post","status-publish","format-standard","has-post-thumbnail","hentry","category-music","tag-armandinho","tag-cpm-22","tag-criolo","tag-detonautas","tag-festival-joao-rock","tag-joao-rock","tag-joao-rock-2026","tag-line-up-joao-rock","tag-marina-sena","tag-os-paralamas-do-sucesso","tag-ze-ramalho-2"],"_links":{"self":[{"href":"https:\/\/cidadecult.com.br\/index.php?rest_route=\/wp\/v2\/posts\/16895","targetHints":{"allow":["GET"]}}],"collection":[{"href":"https:\/\/cidadecult.com.br\/index.php?rest_route=\/wp\/v2\/posts"}],"about":[{"href":"https:\/\/cidadecult.com.br\/index.php?rest_route=\/wp\/v2\/types\/post"}],"author":[{"embeddable":true,"href":"https:\/\/cidadecult.com.br\/index.php?rest_route=\/wp\/v2\/users\/777"}],"replies":[{"embeddable":true,"href":"https:\/\/cidadecult.com.br\/index.php?rest_route=%2Fwp%2Fv2%2Fcomments&post=16895"}],"version-history":[{"count":1,"href":"https:\/\/cidadecult.com.br\/index.php?rest_route=\/wp\/v2\/posts\/16895\/revisions"}],"predecessor-version":[{"id":16897,"href":"https:\/\/cidadecult.com.br\/index.php?rest_route=\/wp\/v2\/posts\/16895\/revisions\/16897"}],"wp:featuredmedia":[{"embeddable":true,"href":"https:\/\/cidadecult.com.br\/index.php?rest_route=\/wp\/v2\/media\/16896"}],"wp:attachment":[{"href":"https:\/\/cidadecult.com.br\/index.php?rest_route=%2Fwp%2Fv2%2Fmedia&parent=16895"}],"wp:term":[{"taxonomy":"category","embeddable":true,"href":"https:\/\/cidadecult.com.br\/index.php?rest_route=%2Fwp%2Fv2%2Fcategories&post=16895"},{"taxonomy":"post_tag","embeddable":true,"href":"https:\/\/cidadecult.com.br\/index.php?rest_route=%2Fwp%2Fv2%2Ftags&post=16895"}],"curies":[{"name":"wp","href":"https:\/\/api.w.org\/{rel}","templated":true}]}}