{"id":16881,"date":"2026-03-10T17:04:40","date_gmt":"2026-03-10T20:04:40","guid":{"rendered":"https:\/\/cidadecult.com.br\/?p=16881"},"modified":"2026-03-11T18:24:33","modified_gmt":"2026-03-11T21:24:33","slug":"opiniao-discute-o-poder-da-amizade-entre-mulheres-nesta-sexta-13amizade-entre-mulheres-e-tema-do-programa-opiniao-na-tv-cultura-nesta-sexta-13opiniao-discute-o-poder-da-amizade-entre-mulheres-nest","status":"publish","type":"post","link":"https:\/\/cidadecult.com.br\/?p=16881","title":{"rendered":"Opini\u00e3o discute o poder da amizade entre mulheres nesta sexta (13)"},"content":{"rendered":"\n<p>No m\u00eas dedicado \u00e0s mulheres, o programa <strong>Opini\u00e3o<\/strong>, da <strong>TV Cultura<\/strong>, traz uma reflex\u00e3o sens\u00edvel e necess\u00e1ria sobre uma for\u00e7a muitas vezes subestimada: <strong>a amizade entre mulheres<\/strong>. A edi\u00e7\u00e3o in\u00e9dita vai ao ar <strong>nesta sexta-feira (13), \u00e0s 20h30<\/strong>, com apresenta\u00e7\u00e3o da jornalista <strong>Andresa Boni<\/strong>.<\/p>\n\n\n\n<p>No est\u00fadio, participam do debate a soci\u00f3loga e psicanalista <strong>Ingrid Gerolimich<\/strong> e a professora da Casa do Saber, empreendedora social e diretora-executiva da <strong>Feira Preta<\/strong>, <strong>Adriana Barbosa<\/strong>. A conversa tamb\u00e9m conta com participa\u00e7\u00f5es remotas da psic\u00f3loga <strong>Lili de Grammont<\/strong> e da antrop\u00f3loga <strong>Mirian Goldenberg<\/strong>.<\/p>\n\n\n\n<p>A discuss\u00e3o prop\u00f5e olhar para al\u00e9m da afinidade entre amigas. Em muitos casos, as rela\u00e7\u00f5es femininas se transformam em <strong>verdadeiras redes de apoio<\/strong>, fundamentais em momentos decisivos da vida \u2014 do puerp\u00e9rio ao luto, da busca por oportunidades profissionais ao enfrentamento de rela\u00e7\u00f5es abusivas.<\/p>\n\n\n\n<p>Lili de Grammont traz \u00e0 conversa sua hist\u00f3ria pessoal: ela \u00e9 filha da cantora <strong>Eliane de Grammont<\/strong>, assassinada pelo ex-marido, o cantor <strong>Lindomar Castilho<\/strong>, em 1981 \u2014 um caso emblem\u00e1tico de viol\u00eancia contra a mulher no Brasil. J\u00e1 Mirian Goldenberg amplia o debate ao abordar <strong>a import\u00e2ncia da amizade feminina na maturidade e na velhice<\/strong>, quando esses v\u00ednculos podem se tornar ainda mais essenciais para o bem-estar emocional.<\/p>\n\n\n\n<p>Pesquisas recentes indicam que <strong>amizades entre mulheres t\u00eam impacto direto na sa\u00fade mental e at\u00e9 na longevidade<\/strong>, refor\u00e7ando a import\u00e2ncia dessas conex\u00f5es na vida cotidiana. O programa tamb\u00e9m levanta uma quest\u00e3o provocadora: quando uma mulher ajuda outra a crescer, estamos falando apenas de apoio individual ou de <strong>um movimento capaz de gerar transforma\u00e7\u00f5es sociais mais amplas<\/strong>?<\/p>\n\n\n\n<p>Em um mundo ainda marcado por desigualdades de g\u00eanero, esses la\u00e7os podem funcionar como <strong>estruturas de acolhimento, prote\u00e7\u00e3o e fortalecimento coletivo<\/strong> \u2014 uma rede silenciosa, mas poderosa, que atravessa gera\u00e7\u00f5es.<\/p>\n\n\n\n<p>O <strong>Opini\u00e3o<\/strong> vai ao ar <strong>nesta sexta-feira (13\/3), \u00e0s 20h30, na TV Cultura<\/strong>.<\/p>\n\n\n\n<p>A realiza\u00e7\u00e3o \u00e9 da <strong>TV Cultura<\/strong>, com apoio da <strong>Lei Rouanet de Incentivo a Projetos Culturais<\/strong>, do <strong>Minist\u00e9rio da Cultura<\/strong> e do <strong>Governo Federal<\/strong>.<\/p>\n\n\n\n<p><em>Realiza\u00e7\u00e3o: TV Cultura, Lei Rouanet de Incentivo a Projetos Culturais, Minist\u00e9rio da Cultura e Governo Federal.<\/em><\/p>\n","protected":false},"excerpt":{"rendered":"<p>No m\u00eas dedicado \u00e0s mulheres, o programa Opini\u00e3o, da TV Cultura, traz uma reflex\u00e3o sens\u00edvel e necess\u00e1ria sobre uma for\u00e7a muitas vezes subestimada: a amizade entre mulheres. A edi\u00e7\u00e3o in\u00e9dita vai ao ar nesta sexta-feira (13), \u00e0s 20h30, com apresenta\u00e7\u00e3o da jornalista Andresa Boni. No est\u00fadio, participam do debate a soci\u00f3loga e psicanalista Ingrid Gerolimich [&hellip;]<\/p>\n","protected":false},"author":777,"featured_media":16882,"comment_status":"open","ping_status":"open","sticky":false,"template":"","format":"standard","meta":{"_monsterinsights_skip_tracking":false,"_monsterinsights_sitenote_active":false,"_monsterinsights_sitenote_note":"","_monsterinsights_sitenote_category":0,"footnotes":""},"categories":[3],"tags":[7015,7016,7019,7013,6772,7020,7017,7018,7021,7014,6201],"class_list":["post-16881","post","type-post","status-publish","format-standard","has-post-thumbnail","hentry","category-entertainment","tag-adriana-barbosa","tag-amizade-entre-mulheres","tag-andresa-boni","tag-debate-feminino","tag-feminismo","tag-ingrid-gerolimich","tag-lili-de-grammont","tag-mes-das-mulheres","tag-mirian-goldenberg","tag-opiniao-tv-cultura","tag-tv-cultura"],"_links":{"self":[{"href":"https:\/\/cidadecult.com.br\/index.php?rest_route=\/wp\/v2\/posts\/16881","targetHints":{"allow":["GET"]}}],"collection":[{"href":"https:\/\/cidadecult.com.br\/index.php?rest_route=\/wp\/v2\/posts"}],"about":[{"href":"https:\/\/cidadecult.com.br\/index.php?rest_route=\/wp\/v2\/types\/post"}],"author":[{"embeddable":true,"href":"https:\/\/cidadecult.com.br\/index.php?rest_route=\/wp\/v2\/users\/777"}],"replies":[{"embeddable":true,"href":"https:\/\/cidadecult.com.br\/index.php?rest_route=%2Fwp%2Fv2%2Fcomments&post=16881"}],"version-history":[{"count":2,"href":"https:\/\/cidadecult.com.br\/index.php?rest_route=\/wp\/v2\/posts\/16881\/revisions"}],"predecessor-version":[{"id":17044,"href":"https:\/\/cidadecult.com.br\/index.php?rest_route=\/wp\/v2\/posts\/16881\/revisions\/17044"}],"wp:featuredmedia":[{"embeddable":true,"href":"https:\/\/cidadecult.com.br\/index.php?rest_route=\/wp\/v2\/media\/16882"}],"wp:attachment":[{"href":"https:\/\/cidadecult.com.br\/index.php?rest_route=%2Fwp%2Fv2%2Fmedia&parent=16881"}],"wp:term":[{"taxonomy":"category","embeddable":true,"href":"https:\/\/cidadecult.com.br\/index.php?rest_route=%2Fwp%2Fv2%2Fcategories&post=16881"},{"taxonomy":"post_tag","embeddable":true,"href":"https:\/\/cidadecult.com.br\/index.php?rest_route=%2Fwp%2Fv2%2Ftags&post=16881"}],"curies":[{"name":"wp","href":"https:\/\/api.w.org\/{rel}","templated":true}]}}