{"id":16878,"date":"2026-03-10T16:55:29","date_gmt":"2026-03-10T19:55:29","guid":{"rendered":"https:\/\/cidadecult.com.br\/?p=16878"},"modified":"2026-03-10T16:55:30","modified_gmt":"2026-03-10T19:55:30","slug":"barbara-carine-lanca-raca-social-livro-que-aprofunda-o-debate-sobre-identidade-racial-no-brasil","status":"publish","type":"post","link":"https:\/\/cidadecult.com.br\/?p=16878","title":{"rendered":"B\u00e1rbara Carine lan\u00e7a \u201cRa\u00e7a Social\u201d, livro que aprofunda o debate sobre identidade racial no Brasil"},"content":{"rendered":"\n<p>A escritora, professora e influenciadora <strong>B\u00e1rbara Carine<\/strong>, vencedora do <strong>Pr\u00eamio Jabuti de Educa\u00e7\u00e3o 2024<\/strong>, lan\u00e7a pela <strong>Editora Planeta<\/strong> o livro <strong>\u201cRa\u00e7a Social\u201d<\/strong>, obra que amplia o debate sobre identidade racial no Brasil e prop\u00f5e reflex\u00f5es urgentes sobre os rumos das pautas antirracistas no pa\u00eds.<\/p>\n\n\n\n<p>Conhecida por t\u00edtulos como <em>Como ser um educador antirracista<\/em>, <em>Querido estudante negro<\/em>, <em>Educando crian\u00e7as antirracistas<\/em> e <em>E eu, n\u00e3o sou intelectual?<\/em>, B\u00e1rbara apresenta agora aquele que define como seu trabalho mais pol\u00edtico. Em <strong>\u201cRa\u00e7a Social\u201d<\/strong>, a autora articula hist\u00f3ria, cr\u00edtica social e pensamento contempor\u00e2neo para analisar como o Brasil construiu \u2014 e ainda disputa \u2014 as no\u00e7\u00f5es de ra\u00e7a, pertencimento e repara\u00e7\u00e3o.<\/p>\n\n\n\n<h3 class=\"wp-block-heading\">Um livro sobre identidade, disputa e consci\u00eancia racial<\/h3>\n\n\n\n<p>A nova obra se debru\u00e7a sobre temas centrais do debate p\u00fablico atual, como os ataques \u00e0s <strong>cotas raciais<\/strong>, as disputas em torno da autodeclara\u00e7\u00e3o e o avan\u00e7o de discursos ligados ao chamado movimento dos <strong>\u201cNeoPardos\u201d<\/strong>, al\u00e9m de inserir a quest\u00e3o da <strong>identidade ind\u00edgena<\/strong> em uma conversa mais ampla sobre racializa\u00e7\u00e3o e direitos.<\/p>\n\n\n\n<p>Com linguagem acess\u00edvel, mas densidade pol\u00edtica, o livro busca aprofundar discuss\u00f5es que atravessam educa\u00e7\u00e3o, representatividade e justi\u00e7a social. Ao refletir sobre a forma\u00e7\u00e3o hist\u00f3rica do Brasil e os caminhos do movimento antirracista, B\u00e1rbara Carine convida o leitor a compreender que a luta contra o racismo exige reconhecimento, responsabilidade e a\u00e7\u00e3o coletiva.<\/p>\n\n\n\n<p>Em texto sobre a obra, a escritora, psic\u00f3loga e ativista ind\u00edgena <strong>Geni N\u00fa\u00f1ez<\/strong> destaca a relev\u00e2ncia do debate proposto:<\/p>\n\n\n\n<blockquote class=\"wp-block-quote is-layout-flow wp-block-quote-is-layout-flow\">\n<p>\u201cUm dos preciosos convites que B\u00e1rbara Carine faz \u00e9 para que cada pessoa \u2013 ind\u00edgena, negra, branca ou amarela \u2013, desde seu lugar, possa contribuir e somar para a luta antirracista. Pois sem reconhecimento n\u00e3o h\u00e1 repara\u00e7\u00e3o.\u201d<\/p>\n<\/blockquote>\n\n\n\n<h3 class=\"wp-block-heading\">Projeto editorial re\u00fane nomes importantes do debate contempor\u00e2neo<\/h3>\n\n\n\n<p>Publicado pela <strong>Editora Planeta<\/strong>, o livro ganha for\u00e7a tamb\u00e9m pela rede de vozes que o acompanha. A edi\u00e7\u00e3o traz <strong>pref\u00e1cio de Helio Santos<\/strong>, professor e ativista hist\u00f3rico do movimento negro; <strong>posf\u00e1cio de \u00c9rico Andrade<\/strong>, psicanalista e fil\u00f3sofo; e textos de orelha assinados por <strong>L\u00edvia Sant\u2019Anna Vaz<\/strong> e <strong>Geni N\u00fa\u00f1ez<\/strong>.<\/p>\n\n\n\n<p>A capa foi desenvolvida a partir da obra <strong>\u201cMadalena\u201d<\/strong>, do artista mineiro <strong>Desali<\/strong>, refor\u00e7ando o di\u00e1logo entre literatura, arte e identidade.<\/p>\n\n\n\n<h3 class=\"wp-block-heading\">Trajet\u00f3ria de destaque na educa\u00e7\u00e3o e no pensamento antirracista<\/h3>\n\n\n\n<p>B\u00e1rbara Carine \u00e9 professora adjunta do Instituto de Qu\u00edmica da <strong>UFBA<\/strong>, formada em <strong>Qu\u00edmica<\/strong> e <strong>Filosofia<\/strong>, com mestrado e doutorado em <strong>Ensino de Qu\u00edmica<\/strong> pela UFBA\/UEFS. Tamb\u00e9m realizou est\u00e1gio de p\u00f3s-doutorado na <strong>C\u00e1tedra de Educa\u00e7\u00e3o B\u00e1sica do IEA\/USP<\/strong>.<\/p>\n\n\n\n<p>Al\u00e9m da produ\u00e7\u00e3o acad\u00eamica e liter\u00e1ria, \u00e9 idealizadora, s\u00f3cia e consultora pedag\u00f3gica da <strong>Escola Maria Felipa<\/strong>, reconhecida como a primeira escola afro-brasileira do pa\u00eds, hoje com duas unidades. Nas redes sociais, onde re\u00fane quase <strong>700 mil seguidores<\/strong>, tornou-se refer\u00eancia em debates sobre educa\u00e7\u00e3o, intelectualidade negra e antirracismo, sob o perfil <strong>@uma_intelectual_diferentona<\/strong>.<\/p>\n\n\n\n<h3 class=\"wp-block-heading\">Lan\u00e7amento em S\u00e3o Paulo<\/h3>\n\n\n\n<p>O lan\u00e7amento de <strong>\u201cRa\u00e7a Social\u201d<\/strong> em S\u00e3o Paulo ser\u00e1 realizado no dia <strong>7 de abril<\/strong>, \u00e0s <strong>19h<\/strong>, na <strong>Megafauna<\/strong>, com bate-papo e sess\u00e3o de aut\u00f3grafos. A media\u00e7\u00e3o ser\u00e1 de <strong>Geni N\u00fa\u00f1ez<\/strong>.<\/p>\n\n\n\n<h3 class=\"wp-block-heading\">Servi\u00e7o<\/h3>\n\n\n\n<p><strong>Lan\u00e7amento do livro \u201cRa\u00e7a Social\u201d<\/strong><br><strong>Autora:<\/strong> B\u00e1rbara Carine<br><strong>Data:<\/strong> 7 de abril<br><strong>Hor\u00e1rio:<\/strong> 19h<br><strong>Local:<\/strong> Megafauna<br><strong>Endere\u00e7o:<\/strong> Rua Nestor Pestana, 196 \u2013 Consola\u00e7\u00e3o, S\u00e3o Paulo<\/p>\n\n\n\n<h3 class=\"wp-block-heading\">Ficha t\u00e9cnica<\/h3>\n\n\n\n<p><strong>T\u00edtulo:<\/strong> Ra\u00e7a Social<br><strong>Autora:<\/strong> B\u00e1rbara Carine<br><strong>Editora:<\/strong> Planeta<br><strong>ISBN:<\/strong> 978-85-422-4017-7<br><strong>P\u00e1ginas:<\/strong> 192<br><strong>Pre\u00e7o:<\/strong> R$ 59,90<\/p>\n","protected":false},"excerpt":{"rendered":"<p>A escritora, professora e influenciadora B\u00e1rbara Carine, vencedora do Pr\u00eamio Jabuti de Educa\u00e7\u00e3o 2024, lan\u00e7a pela Editora Planeta o livro \u201cRa\u00e7a Social\u201d, obra que amplia o debate sobre identidade racial no Brasil e prop\u00f5e reflex\u00f5es urgentes sobre os rumos das pautas antirracistas no pa\u00eds. Conhecida por t\u00edtulos como Como ser um educador antirracista, Querido estudante [&hellip;]<\/p>\n","protected":false},"author":777,"featured_media":16879,"comment_status":"open","ping_status":"open","sticky":false,"template":"","format":"standard","meta":{"_monsterinsights_skip_tracking":false,"_monsterinsights_sitenote_active":false,"_monsterinsights_sitenote_note":"","_monsterinsights_sitenote_category":0,"footnotes":""},"categories":[300],"tags":[7011,7002,7003,7007,7005,7009,7004,7012,7008,7006,5354,7010],"class_list":["post-16878","post","type-post","status-publish","format-standard","has-post-thumbnail","hentry","category-literatura","tag-antirracismo","tag-barbara-carine","tag-cotas-raciais","tag-editora-planeta","tag-educacao-antirracista","tag-geni-nunez","tag-identidade-racial","tag-lancamento-de-livro","tag-literatura-brasileira","tag-movimento-negro","tag-premio-jabuti","tag-raca-social"],"_links":{"self":[{"href":"https:\/\/cidadecult.com.br\/index.php?rest_route=\/wp\/v2\/posts\/16878","targetHints":{"allow":["GET"]}}],"collection":[{"href":"https:\/\/cidadecult.com.br\/index.php?rest_route=\/wp\/v2\/posts"}],"about":[{"href":"https:\/\/cidadecult.com.br\/index.php?rest_route=\/wp\/v2\/types\/post"}],"author":[{"embeddable":true,"href":"https:\/\/cidadecult.com.br\/index.php?rest_route=\/wp\/v2\/users\/777"}],"replies":[{"embeddable":true,"href":"https:\/\/cidadecult.com.br\/index.php?rest_route=%2Fwp%2Fv2%2Fcomments&post=16878"}],"version-history":[{"count":1,"href":"https:\/\/cidadecult.com.br\/index.php?rest_route=\/wp\/v2\/posts\/16878\/revisions"}],"predecessor-version":[{"id":16880,"href":"https:\/\/cidadecult.com.br\/index.php?rest_route=\/wp\/v2\/posts\/16878\/revisions\/16880"}],"wp:featuredmedia":[{"embeddable":true,"href":"https:\/\/cidadecult.com.br\/index.php?rest_route=\/wp\/v2\/media\/16879"}],"wp:attachment":[{"href":"https:\/\/cidadecult.com.br\/index.php?rest_route=%2Fwp%2Fv2%2Fmedia&parent=16878"}],"wp:term":[{"taxonomy":"category","embeddable":true,"href":"https:\/\/cidadecult.com.br\/index.php?rest_route=%2Fwp%2Fv2%2Fcategories&post=16878"},{"taxonomy":"post_tag","embeddable":true,"href":"https:\/\/cidadecult.com.br\/index.php?rest_route=%2Fwp%2Fv2%2Ftags&post=16878"}],"curies":[{"name":"wp","href":"https:\/\/api.w.org\/{rel}","templated":true}]}}