{"id":16872,"date":"2026-03-09T18:57:02","date_gmt":"2026-03-09T21:57:02","guid":{"rendered":"https:\/\/cidadecult.com.br\/?p=16872"},"modified":"2026-03-09T18:57:03","modified_gmt":"2026-03-09T21:57:03","slug":"o-agente-secreto-leva-comitiva-de-30-pessoas-ao-oscar-sem-presenca-de-tania-maria","status":"publish","type":"post","link":"https:\/\/cidadecult.com.br\/?p=16872","title":{"rendered":"\u201cO Agente Secreto\u201d leva comitiva de 30 pessoas ao Oscar, sem presen\u00e7a de T\u00e2nia Maria"},"content":{"rendered":"\n<p>O filme <strong>O Agente Secreto<\/strong> ser\u00e1 representado no <strong>Oscar<\/strong> por uma comitiva de cerca de <strong>30 integrantes da equipe e do elenco<\/strong>. A cerim\u00f4nia acontece no dia <strong>15 de mar\u00e7o<\/strong>, no <strong>Dolby Theatre<\/strong>, reunindo nomes ligados \u00e0 produ\u00e7\u00e3o indicada em quatro categorias.<\/p>\n\n\n\n<p>Entre os representantes confirmados est\u00e3o o diretor <strong>Kleber Mendon\u00e7a Filho<\/strong>, o ator <strong>Wagner Moura<\/strong>, indicado ao pr\u00eamio de <strong>Melhor Ator<\/strong>, e a produtora <strong>Emilie Lesclaux<\/strong>, que representa o longa na disputa por <strong>Melhor Filme<\/strong>.<\/p>\n\n\n\n<p>O longa tamb\u00e9m concorre nas categorias de <strong>Melhor Filme Internacional<\/strong> e <strong>Melhor Dire\u00e7\u00e3o de Elenco<\/strong>, pelo trabalho de <strong>Gabriel Domingues<\/strong>.<\/p>\n\n\n\n<figure class=\"wp-block-image size-full\"><img loading=\"lazy\" decoding=\"async\" width=\"341\" height=\"500\" src=\"https:\/\/cidadecult.com.br\/wp-content\/uploads\/2026\/03\/O_Agente_Secreto_Cartaz_brasileiro.jpg\" alt=\"\" class=\"wp-image-16873\" srcset=\"https:\/\/cidadecult.com.br\/wp-content\/uploads\/2026\/03\/O_Agente_Secreto_Cartaz_brasileiro.jpg 341w, https:\/\/cidadecult.com.br\/wp-content\/uploads\/2026\/03\/O_Agente_Secreto_Cartaz_brasileiro-205x300.jpg 205w\" sizes=\"auto, (max-width: 341px) 100vw, 341px\" \/><\/figure>\n\n\n\n<h3 class=\"wp-block-heading\">Elenco e equipe acompanham a premia\u00e7\u00e3o<\/h3>\n\n\n\n<p>Al\u00e9m dos principais nomes da produ\u00e7\u00e3o, parte do elenco tamb\u00e9m estar\u00e1 presente na cerim\u00f4nia. Entre os atores confirmados est\u00e3o:<\/p>\n\n\n\n<ul class=\"wp-block-list\">\n<li><strong>Alice Carvalho<\/strong><\/li>\n\n\n\n<li><strong>Carlos Francisco<\/strong><\/li>\n\n\n\n<li><strong>Gabriel Leone<\/strong><\/li>\n\n\n\n<li><strong>Geane Albuquerque<\/strong><\/li>\n\n\n\n<li><strong>Isab\u00e9l Zuaa<\/strong><\/li>\n\n\n\n<li><strong>Isadora Ruppert<\/strong><\/li>\n\n\n\n<li><strong>Laura Luf\u00e9si<\/strong><\/li>\n\n\n\n<li><strong>Maria Fernanda C\u00e2ndido<\/strong><\/li>\n\n\n\n<li><strong>Rob\u00e9rio Di\u00f3genes<\/strong><\/li>\n\n\n\n<li><strong>Thom\u00e1s Aquino<\/strong><\/li>\n<\/ul>\n\n\n\n<p>Tamb\u00e9m acompanhar\u00e3o o evento integrantes da equipe t\u00e9cnica, como os diretores assistentes <strong>Felipe Fernandes<\/strong> e <strong>Leonardo Lacca<\/strong>, o diretor de arte <strong>Thales Junqueira<\/strong>, a figurinista <strong>Rita Azevedo<\/strong>, a diretora de fotografia <strong>Evgenia Alexandrova<\/strong> e a diretora de produ\u00e7\u00e3o <strong>Dora Amorim<\/strong>.<\/p>\n\n\n\n<h3 class=\"wp-block-heading\">T\u00e2nia Maria ficar\u00e1 no Brasil<\/h3>\n\n\n\n<p>Uma aus\u00eancia confirmada \u00e9 a de <strong>T\u00e2nia Maria<\/strong>, de 79 anos, que ganhou grande repercuss\u00e3o nas redes sociais ap\u00f3s sua participa\u00e7\u00e3o no filme.<\/p>\n\n\n\n<p>A artista informou que <strong>n\u00e3o viajar\u00e1 para Los Angeles por recomenda\u00e7\u00f5es m\u00e9dicas<\/strong>, j\u00e1 que est\u00e1 em tratamento de <strong>doen\u00e7a pulmonar obstrutiva cr\u00f4nica (DPOC)<\/strong>.<\/p>\n\n\n\n<h3 class=\"wp-block-heading\">Brasil tamb\u00e9m concorre em fotografia<\/h3>\n\n\n\n<p>Al\u00e9m de <em>O Agente Secreto<\/em>, o Brasil tamb\u00e9m aparece entre os indicados ao Oscar com o fot\u00f3grafo <strong>Adolpho Veloso<\/strong>, que concorre na categoria <strong>Melhor Fotografia<\/strong> pelo filme <strong>Sonhos de Trem<\/strong>.<\/p>\n\n\n\n<h3 class=\"wp-block-heading\">Como assistir ao Oscar<\/h3>\n\n\n\n<p>A cerim\u00f4nia do Oscar acontece no <strong>domingo, 15 de mar\u00e7o<\/strong>, a partir das <strong>20h (hor\u00e1rio de Bras\u00edlia)<\/strong>.<\/p>\n\n\n\n<p>\ud83d\udcfa <strong>Transmiss\u00e3o no Brasil:<\/strong><\/p>\n\n\n\n<ul class=\"wp-block-list\">\n<li>TV Globo<\/li>\n\n\n\n<li>TNT<\/li>\n\n\n\n<li>Streaming: <strong>HBO Max<\/strong> e <strong>Globoplay<\/strong><\/li>\n<\/ul>\n","protected":false},"excerpt":{"rendered":"<p>O filme O Agente Secreto ser\u00e1 representado no Oscar por uma comitiva de cerca de 30 integrantes da equipe e do elenco. A cerim\u00f4nia acontece no dia 15 de mar\u00e7o, no Dolby Theatre, reunindo nomes ligados \u00e0 produ\u00e7\u00e3o indicada em quatro categorias. Entre os representantes confirmados est\u00e3o o diretor Kleber Mendon\u00e7a Filho, o ator Wagner [&hellip;]<\/p>\n","protected":false},"author":777,"featured_media":16874,"comment_status":"open","ping_status":"open","sticky":false,"template":"","format":"standard","meta":{"_monsterinsights_skip_tracking":false,"_monsterinsights_sitenote_active":false,"_monsterinsights_sitenote_note":"","_monsterinsights_sitenote_category":0,"footnotes":""},"categories":[232],"tags":[6391,6999,7001,6389,7000,6387,6393,6998,6388],"class_list":["post-16872","post","type-post","status-publish","format-standard","has-post-thumbnail","hentry","category-cinema","tag-cinema-brasileiro","tag-filme-brasileiro-no-oscar","tag-gabriel-leone","tag-kleber-mendonca-filho","tag-maria-fernanda-candido","tag-o-agente-secreto","tag-oscar-2026","tag-tania-maria","tag-wagner-moura"],"_links":{"self":[{"href":"https:\/\/cidadecult.com.br\/index.php?rest_route=\/wp\/v2\/posts\/16872","targetHints":{"allow":["GET"]}}],"collection":[{"href":"https:\/\/cidadecult.com.br\/index.php?rest_route=\/wp\/v2\/posts"}],"about":[{"href":"https:\/\/cidadecult.com.br\/index.php?rest_route=\/wp\/v2\/types\/post"}],"author":[{"embeddable":true,"href":"https:\/\/cidadecult.com.br\/index.php?rest_route=\/wp\/v2\/users\/777"}],"replies":[{"embeddable":true,"href":"https:\/\/cidadecult.com.br\/index.php?rest_route=%2Fwp%2Fv2%2Fcomments&post=16872"}],"version-history":[{"count":1,"href":"https:\/\/cidadecult.com.br\/index.php?rest_route=\/wp\/v2\/posts\/16872\/revisions"}],"predecessor-version":[{"id":16875,"href":"https:\/\/cidadecult.com.br\/index.php?rest_route=\/wp\/v2\/posts\/16872\/revisions\/16875"}],"wp:featuredmedia":[{"embeddable":true,"href":"https:\/\/cidadecult.com.br\/index.php?rest_route=\/wp\/v2\/media\/16874"}],"wp:attachment":[{"href":"https:\/\/cidadecult.com.br\/index.php?rest_route=%2Fwp%2Fv2%2Fmedia&parent=16872"}],"wp:term":[{"taxonomy":"category","embeddable":true,"href":"https:\/\/cidadecult.com.br\/index.php?rest_route=%2Fwp%2Fv2%2Fcategories&post=16872"},{"taxonomy":"post_tag","embeddable":true,"href":"https:\/\/cidadecult.com.br\/index.php?rest_route=%2Fwp%2Fv2%2Ftags&post=16872"}],"curies":[{"name":"wp","href":"https:\/\/api.w.org\/{rel}","templated":true}]}}