{"id":16866,"date":"2026-03-09T18:44:46","date_gmt":"2026-03-09T21:44:46","guid":{"rendered":"https:\/\/cidadecult.com.br\/?p=16866"},"modified":"2026-03-09T18:44:47","modified_gmt":"2026-03-09T21:44:47","slug":"john-malkovich-traz-ao-brasil-espetaculo-inspirado-em-conto-de-roberto-bolano","status":"publish","type":"post","link":"https:\/\/cidadecult.com.br\/?p=16866","title":{"rendered":"John Malkovich traz ao Brasil espet\u00e1culo inspirado em conto de Roberto Bola\u00f1o"},"content":{"rendered":"\n<p>O ator <strong>John Malkovich<\/strong> desembarca no Brasil no fim de mar\u00e7o com o espet\u00e1culo <strong>The Infamous Ram\u00edrez Hoffman<\/strong>, uma produ\u00e7\u00e3o que mistura <strong>mon\u00f3logo e concerto musical<\/strong> baseada em um conto do escritor chileno <strong>Roberto Bola\u00f1o<\/strong>.<\/p>\n\n\n\n<p>A apresenta\u00e7\u00e3o chega primeiro ao <strong>Theatro Municipal do Rio de Janeiro<\/strong>, no dia <strong>29 de mar\u00e7o<\/strong>, e depois segue para a <strong>Sala S\u00e3o Paulo<\/strong>.<\/p>\n\n\n\n<h3 class=\"wp-block-heading\">Uma obra sobre arte, poder e moral<\/h3>\n\n\n\n<p>No espet\u00e1culo, Malkovich narra a hist\u00f3ria de <strong>Ram\u00edrez Hoffman<\/strong>, um escritor fict\u00edcio ligado \u00e0 extrema direita e defensor da ideia de que a arte pode existir independentemente de qualquer limite moral.<\/p>\n\n\n\n<p>A montagem mistura <strong>narrativa liter\u00e1ria, m\u00fasica e interpreta\u00e7\u00e3o<\/strong>, criando uma atmosfera que explora temas recorrentes na obra do ator: autoritarismo, poder e a complexidade psicol\u00f3gica de figuras controversas.<\/p>\n\n\n\n<p>Conhecido por interpretar personagens intensos e amb\u00edguos no cinema, Malkovich tamb\u00e9m j\u00e1 levou ao palco outras produ\u00e7\u00f5es com tem\u00e1tica semelhante, como <strong>Just Call Me God<\/strong>, em que encarna um ditador prestes a ser deposto.<\/p>\n\n\n\n<h3 class=\"wp-block-heading\">Paralelo com o cinema brasileiro<\/h3>\n\n\n\n<p>Antes da viagem ao pa\u00eds, Malkovich assistiu ao filme <strong>O Agente Secreto<\/strong>, de <strong>Kleber Mendon\u00e7a Filho<\/strong>, indicado ao <strong>Oscar<\/strong> em quatro categorias em 2026.<\/p>\n\n\n\n<p>Segundo o ator, h\u00e1 uma curiosa proximidade tem\u00e1tica entre o longa e sua apresenta\u00e7\u00e3o teatral.<\/p>\n\n\n\n<blockquote class=\"wp-block-quote is-layout-flow wp-block-quote-is-layout-flow\">\n<p>\u201cAcredito que o filme \u00e9 uma esp\u00e9cie de primo distante da minha apresenta\u00e7\u00e3o\u201d, afirmou Malkovich.<\/p>\n<\/blockquote>\n\n\n\n<p>Na trama do filme brasileiro, o personagem interpretado por <strong>Wagner Moura<\/strong> \u00e9 um professor universit\u00e1rio que precisa fugir ap\u00f3s entrar em conflito com um empres\u00e1rio poderoso. Ambientada durante a ditadura militar, a hist\u00f3ria aborda quest\u00f5es como poder, persegui\u00e7\u00e3o pol\u00edtica e viol\u00eancia.<\/p>\n\n\n\n<h3 class=\"wp-block-heading\">Fasc\u00ednio pela Am\u00e9rica do Sul<\/h3>\n\n\n\n<p>Malkovich afirma ter grande interesse pela cultura e pela literatura da Am\u00e9rica Latina. Entre os autores que cita como refer\u00eancia est\u00e3o Roberto Bola\u00f1o e <strong>Mario Vargas Llosa<\/strong>.<\/p>\n\n\n\n<p>Para o ator, a regi\u00e3o possui uma tradi\u00e7\u00e3o liter\u00e1ria rica e singular.<\/p>\n\n\n\n<blockquote class=\"wp-block-quote is-layout-flow wp-block-quote-is-layout-flow\">\n<p>\u201cA hist\u00f3ria parece ter esquecido que este j\u00e1 foi o \u2018novo mundo\u2019. \u00c9 um lugar com hist\u00f3rias muito ricas e cujos autores parecem ter criado outro planeta.\u201d<\/p>\n<\/blockquote>\n\n\n\n<h3 class=\"wp-block-heading\">Servi\u00e7o<\/h3>\n\n\n\n<p><strong>The Infamous Ram\u00edrez Hoffman<\/strong><br>\ud83c\udfad Com: John Malkovich<\/p>\n\n\n\n<p>\ud83d\udccd <strong>Rio de Janeiro<\/strong><br>Local: Theatro Municipal do Rio de Janeiro<br>Data: 29 de mar\u00e7o<br>Hor\u00e1rio: 17h<\/p>\n\n\n\n<p>\ud83d\udccd <strong>S\u00e3o Paulo<\/strong><br>Local: Sala S\u00e3o Paulo<br>Datas: fim de mar\u00e7o (datas adicionais na programa\u00e7\u00e3o)<\/p>\n\n\n\n<p>\ud83c\udf9f <strong>Ingressos:<\/strong> de R$ 200 a R$ 800<br>\ud83d\udc64 <strong>Classifica\u00e7\u00e3o:<\/strong> 10 anos<\/p>\n","protected":false},"excerpt":{"rendered":"<p>O ator John Malkovich desembarca no Brasil no fim de mar\u00e7o com o espet\u00e1culo The Infamous Ram\u00edrez Hoffman, uma produ\u00e7\u00e3o que mistura mon\u00f3logo e concerto musical baseada em um conto do escritor chileno Roberto Bola\u00f1o. A apresenta\u00e7\u00e3o chega primeiro ao Theatro Municipal do Rio de Janeiro, no dia 29 de mar\u00e7o, e depois segue para [&hellip;]<\/p>\n","protected":false},"author":777,"featured_media":16867,"comment_status":"open","ping_status":"open","sticky":false,"template":"","format":"standard","meta":{"_monsterinsights_skip_tracking":false,"_monsterinsights_sitenote_active":false,"_monsterinsights_sitenote_note":"","_monsterinsights_sitenote_category":0,"footnotes":""},"categories":[401],"tags":[6986,6988,6982,6985,6989,6987,6983,6984],"class_list":["post-16866","post","type-post","status-publish","format-standard","has-post-thumbnail","hentry","category-teatro","tag-cultura-internacional","tag-espetaculo-john-malkovich-brasil","tag-john-malkovich","tag-roberto-bolano","tag-sala-sao-paulo","tag-teatro-internacional","tag-the-infamous-ramirez-hoffman","tag-theatro-municipal-do-rio"],"_links":{"self":[{"href":"https:\/\/cidadecult.com.br\/index.php?rest_route=\/wp\/v2\/posts\/16866","targetHints":{"allow":["GET"]}}],"collection":[{"href":"https:\/\/cidadecult.com.br\/index.php?rest_route=\/wp\/v2\/posts"}],"about":[{"href":"https:\/\/cidadecult.com.br\/index.php?rest_route=\/wp\/v2\/types\/post"}],"author":[{"embeddable":true,"href":"https:\/\/cidadecult.com.br\/index.php?rest_route=\/wp\/v2\/users\/777"}],"replies":[{"embeddable":true,"href":"https:\/\/cidadecult.com.br\/index.php?rest_route=%2Fwp%2Fv2%2Fcomments&post=16866"}],"version-history":[{"count":1,"href":"https:\/\/cidadecult.com.br\/index.php?rest_route=\/wp\/v2\/posts\/16866\/revisions"}],"predecessor-version":[{"id":16868,"href":"https:\/\/cidadecult.com.br\/index.php?rest_route=\/wp\/v2\/posts\/16866\/revisions\/16868"}],"wp:featuredmedia":[{"embeddable":true,"href":"https:\/\/cidadecult.com.br\/index.php?rest_route=\/wp\/v2\/media\/16867"}],"wp:attachment":[{"href":"https:\/\/cidadecult.com.br\/index.php?rest_route=%2Fwp%2Fv2%2Fmedia&parent=16866"}],"wp:term":[{"taxonomy":"category","embeddable":true,"href":"https:\/\/cidadecult.com.br\/index.php?rest_route=%2Fwp%2Fv2%2Fcategories&post=16866"},{"taxonomy":"post_tag","embeddable":true,"href":"https:\/\/cidadecult.com.br\/index.php?rest_route=%2Fwp%2Fv2%2Ftags&post=16866"}],"curies":[{"name":"wp","href":"https:\/\/api.w.org\/{rel}","templated":true}]}}