{"id":16862,"date":"2026-03-09T18:38:19","date_gmt":"2026-03-09T21:38:19","guid":{"rendered":"https:\/\/cidadecult.com.br\/?p=16862"},"modified":"2026-03-09T18:38:20","modified_gmt":"2026-03-09T21:38:20","slug":"casa-de-tomie-ohtake-se-transforma-em-centro-cultural-e-abre-ao-publico-em-sao-paulo","status":"publish","type":"post","link":"https:\/\/cidadecult.com.br\/?p=16862","title":{"rendered":"Casa de Tomie Ohtake se transforma em centro cultural e abre ao p\u00fablico em S\u00e3o Paulo"},"content":{"rendered":"\n<p>A hist\u00f3rica resid\u00eancia onde <strong>Tomie Ohtake<\/strong> viveu por 45 anos, no bairro do <strong>Campo Belo<\/strong>, em S\u00e3o Paulo, passa agora a receber o p\u00fablico como <strong>centro cultural<\/strong>. O im\u00f3vel, projetado por <strong>Ruy Ohtake<\/strong>, filho da artista e um dos nomes mais importantes da arquitetura brasileira, inaugura sua nova fase com a mostra <strong>\u201cPercursos do Habitar\u201d<\/strong>, dedicada a projetos residenciais assinados pelo arquiteto.<\/p>\n\n\n\n<p>Mais do que abrir as portas de uma casa emblem\u00e1tica, a iniciativa revela ao visitante uma experi\u00eancia rara: entrar em um espa\u00e7o que sintetiza arte, arquitetura, mem\u00f3ria e modos de viver.<\/p>\n\n\n\n<h3 class=\"wp-block-heading\">Uma casa que traduz a ideia de conviv\u00eancia<\/h3>\n\n\n\n<p>Projetada para ser mais do que uma resid\u00eancia convencional, a casa de Tomie Ohtake foi concebida a partir de um conceito central na obra de Ruy Ohtake: o da <strong>\u201ccasa-pra\u00e7a\u201d<\/strong>. Em vez de ambientes r\u00edgidos e compartimentados, o arquiteto pensou o im\u00f3vel como um grande espa\u00e7o de conviv\u00eancia, com salas amplas, percursos fluidos e uma rela\u00e7\u00e3o org\u00e2nica entre interior e exterior.<\/p>\n\n\n\n<p>A constru\u00e7\u00e3o, de concreto aparente e cores marcantes, foi habitada por Tomie entre <strong>1970 e 2015<\/strong>, ano de sua morte. Ao longo das d\u00e9cadas, o endere\u00e7o se tornou um ponto de encontro importante para a cena cultural paulistana, recebendo artistas, arquitetos e intelectuais.<\/p>\n\n\n\n<p>Agora, o im\u00f3vel passa a funcionar como uma extens\u00e3o do <strong>Instituto Tomie Ohtake<\/strong>, em Pinheiros, refor\u00e7ando o legado da artista e ampliando o acesso do p\u00fablico a um patrim\u00f4nio afetivo e arquitet\u00f4nico de grande valor.<\/p>\n\n\n\n<h3 class=\"wp-block-heading\">Mostra inaugural destaca resid\u00eancias de Ruy Ohtake<\/h3>\n\n\n\n<p>A exposi\u00e7\u00e3o de abertura re\u00fane <strong>fotos, maquetes, plantas e desenhos<\/strong> de cinco resid\u00eancias projetadas por Ruy Ohtake entre as d\u00e9cadas de 1960 e 2000. Entre elas, est\u00e1 a pr\u00f3pria casa-ateli\u00ea de Tomie, al\u00e9m de outros projetos que ajudam a compreender a evolu\u00e7\u00e3o de sua linguagem arquitet\u00f4nica.<\/p>\n\n\n\n<p>A mostra tamb\u00e9m inclui materiais sobre o conjunto habitacional de <strong>Heli\u00f3polis<\/strong>, conhecido pelos edif\u00edcios apelidados de <strong>\u201credondinhos\u201d<\/strong>, projeto que evidencia o interesse do arquiteto por solu\u00e7\u00f5es urbanas e sociais. O visitante encontra desenhos e estudos que mostram como forma, luz, ventila\u00e7\u00e3o e qualidade de vida estavam no centro do pensamento de Ruy.<\/p>\n\n\n\n<h3 class=\"wp-block-heading\">O grande destaque \u00e9 a pr\u00f3pria casa<\/h3>\n\n\n\n<p>Mais do que os documentos expositivos, o que torna a visita especial \u00e9 a pr\u00f3pria experi\u00eancia de circular pela resid\u00eancia. Ao caminhar por ambientes que alternam \u00e1reas iluminadas e espa\u00e7os mais introspectivos, o p\u00fablico percebe a for\u00e7a do projeto arquitet\u00f4nico e entende, na pr\u00e1tica, a ideia de casa como lugar de encontro.<\/p>\n\n\n\n<p>Os quartos s\u00e3o pequenos e discretos, enquanto a vida se expande nas salas, na biblioteca, no jardim com piscina e no ateli\u00ea. Parte dos objetos de Tomie foi preservada, como livros, maquetes de obras p\u00fablicas, tintas, pinc\u00e9is e estudos de pintura, criando uma aproxima\u00e7\u00e3o delicada com o universo da artista.<\/p>\n\n\n\n<p>Tamb\u00e9m permanecem no espa\u00e7o obras de sua cole\u00e7\u00e3o particular, incluindo trabalhos de nomes como <strong>Volpi<\/strong>, <strong>Anna Bella Geiger<\/strong> e <strong>Le Corbusier<\/strong>.<\/p>\n\n\n\n<h3 class=\"wp-block-heading\">Patrim\u00f4nio preservado em meio \u00e0 cidade em transforma\u00e7\u00e3o<\/h3>\n\n\n\n<p>Quando a casa foi constru\u00edda, o Campo Belo tinha um perfil essencialmente residencial e tranquilo. Com o passar do tempo, o bairro mudou, ganhou pr\u00e9dios, tr\u00e2nsito intenso e o ru\u00eddo constante dos avi\u00f5es devido \u00e0 proximidade com Congonhas. Ainda assim, a resid\u00eancia preserva sua for\u00e7a simb\u00f3lica e arquitet\u00f4nica.<\/p>\n\n\n\n<p>Tombado pelo <strong>Conpresp<\/strong> desde 2013, o im\u00f3vel tem sua integridade protegida, o que garante ao p\u00fablico a oportunidade de conhecer a obra praticamente como foi imaginada. Em tempos de transforma\u00e7\u00f5es urbanas aceleradas, a abertura da casa como centro cultural devolve \u00e0 cidade uma joia rara da arquitetura paulistana.<\/p>\n\n\n\n<h3 class=\"wp-block-heading\">Servi\u00e7o<\/h3>\n\n\n\n<p><strong>Exposi\u00e7\u00e3o \u201cPercursos do Habitar\u201d na Casa-ateli\u00ea Tomie Ohtake<\/strong><br><strong>Quando:<\/strong> de 7 de mar\u00e7o a 31 de maio<br><strong>Visita\u00e7\u00e3o:<\/strong> de quinta a domingo, das 10h \u00e0s 17h<br><strong>Onde:<\/strong> Rua Ant\u00f4nio de Macedo Soares, 1800, S\u00e3o Paulo<br><strong>Ingresso:<\/strong> R$ 50 (inteira)<br><strong>Classifica\u00e7\u00e3o:<\/strong> livre<br><strong>Curadoria:<\/strong> Catalina Bergues e Sabrina Fontenele<\/p>\n","protected":false},"excerpt":{"rendered":"<p>A hist\u00f3rica resid\u00eancia onde Tomie Ohtake viveu por 45 anos, no bairro do Campo Belo, em S\u00e3o Paulo, passa agora a receber o p\u00fablico como centro cultural. O im\u00f3vel, projetado por Ruy Ohtake, filho da artista e um dos nomes mais importantes da arquitetura brasileira, inaugura sua nova fase com a mostra \u201cPercursos do Habitar\u201d, [&hellip;]<\/p>\n","protected":false},"author":777,"featured_media":16864,"comment_status":"open","ping_status":"open","sticky":false,"template":"","format":"standard","meta":{"_monsterinsights_skip_tracking":false,"_monsterinsights_sitenote_active":false,"_monsterinsights_sitenote_note":"","_monsterinsights_sitenote_category":0,"footnotes":""},"categories":[1],"tags":[],"class_list":["post-16862","post","type-post","status-publish","format-standard","has-post-thumbnail","hentry","category-sem-categoria"],"_links":{"self":[{"href":"https:\/\/cidadecult.com.br\/index.php?rest_route=\/wp\/v2\/posts\/16862","targetHints":{"allow":["GET"]}}],"collection":[{"href":"https:\/\/cidadecult.com.br\/index.php?rest_route=\/wp\/v2\/posts"}],"about":[{"href":"https:\/\/cidadecult.com.br\/index.php?rest_route=\/wp\/v2\/types\/post"}],"author":[{"embeddable":true,"href":"https:\/\/cidadecult.com.br\/index.php?rest_route=\/wp\/v2\/users\/777"}],"replies":[{"embeddable":true,"href":"https:\/\/cidadecult.com.br\/index.php?rest_route=%2Fwp%2Fv2%2Fcomments&post=16862"}],"version-history":[{"count":1,"href":"https:\/\/cidadecult.com.br\/index.php?rest_route=\/wp\/v2\/posts\/16862\/revisions"}],"predecessor-version":[{"id":16865,"href":"https:\/\/cidadecult.com.br\/index.php?rest_route=\/wp\/v2\/posts\/16862\/revisions\/16865"}],"wp:featuredmedia":[{"embeddable":true,"href":"https:\/\/cidadecult.com.br\/index.php?rest_route=\/wp\/v2\/media\/16864"}],"wp:attachment":[{"href":"https:\/\/cidadecult.com.br\/index.php?rest_route=%2Fwp%2Fv2%2Fmedia&parent=16862"}],"wp:term":[{"taxonomy":"category","embeddable":true,"href":"https:\/\/cidadecult.com.br\/index.php?rest_route=%2Fwp%2Fv2%2Fcategories&post=16862"},{"taxonomy":"post_tag","embeddable":true,"href":"https:\/\/cidadecult.com.br\/index.php?rest_route=%2Fwp%2Fv2%2Ftags&post=16862"}],"curies":[{"name":"wp","href":"https:\/\/api.w.org\/{rel}","templated":true}]}}