{"id":16858,"date":"2026-03-09T18:19:48","date_gmt":"2026-03-09T21:19:48","guid":{"rendered":"https:\/\/cidadecult.com.br\/?p=16858"},"modified":"2026-03-09T18:19:49","modified_gmt":"2026-03-09T21:19:49","slug":"ultima-semana-para-visitar-exposicao-de-sergio-camargo-no-teatro-nacional","status":"publish","type":"post","link":"https:\/\/cidadecult.com.br\/?p=16858","title":{"rendered":"\u00daltima semana para visitar exposi\u00e7\u00e3o de Sergio Camargo no Teatro Nacional"},"content":{"rendered":"\n<p>Entra na reta final a exposi\u00e7\u00e3o <strong>\u201c\u00c9 Pau, \u00c9 Pedra\u2026\u201d<\/strong>, dedicada ao escultor <strong>Sergio Camargo<\/strong>, um dos nomes mais importantes da arte brasileira do s\u00e9culo XX. Em cartaz no <strong>Teatro Nacional Cl\u00e1udio Santoro<\/strong> at\u00e9 <strong>13 de mar\u00e7o<\/strong>, a mostra gratuita j\u00e1 foi visitada por <strong>mais de 23 mil pessoas<\/strong> e re\u00fane cerca de <strong>200 obras<\/strong> do artista.<\/p>\n\n\n\n<p>Instalada no foyer da <strong>Sala Villa-Lobos<\/strong>, a exposi\u00e7\u00e3o oferece um panorama amplo da trajet\u00f3ria de Camargo, com esculturas, relevos, maquetes e objetos de ateli\u00ea que revelam sua pesquisa sobre materiais como madeira, m\u00e1rmore, gesso e pedra.<\/p>\n\n\n\n<h3 class=\"wp-block-heading\">Um dos grandes nomes da escultura brasileira<\/h3>\n\n\n\n<p>Reconhecido internacionalmente, Sergio Camargo construiu uma linguagem art\u00edstica pr\u00f3pria, marcada pela explora\u00e7\u00e3o da <strong>luz, da geometria e do volume<\/strong>. A exposi\u00e7\u00e3o permite acompanhar a evolu\u00e7\u00e3o de sua obra \u2014 desde os primeiros trabalhos figurativos at\u00e9 a consolida\u00e7\u00e3o de sua est\u00e9tica abstrata.<\/p>\n\n\n\n<p>A mostra apresenta diferentes fases de sua produ\u00e7\u00e3o, evidenciando como o artista transformou superf\u00edcies e materiais em composi\u00e7\u00f5es que dialogam diretamente com luz e sombra.<\/p>\n\n\n\n<p>A curadoria \u00e9 de <strong>Marcello Dantas<\/strong>, conhecido por projetos que aproximam arte, arquitetura, tecnologia e narrativa hist\u00f3rica.<\/p>\n\n\n\n<blockquote class=\"wp-block-quote is-layout-flow wp-block-quote-is-layout-flow\">\n<p>\u201cCamargo \u00e9 o grande escultor brasileiro. Ele cria uma linguagem imediatamente reconhec\u00edvel, que transforma a luz em volume e o volume em respira\u00e7\u00e3o\u201d, afirma Dantas.<\/p>\n\n\n\n<figure class=\"wp-block-image size-large\"><img loading=\"lazy\" decoding=\"async\" width=\"1024\" height=\"723\" src=\"https:\/\/cidadecult.com.br\/wp-content\/uploads\/2026\/03\/6-1024x723.jpg\" alt=\"\" class=\"wp-image-16860\" srcset=\"https:\/\/cidadecult.com.br\/wp-content\/uploads\/2026\/03\/6-1024x723.jpg 1024w, https:\/\/cidadecult.com.br\/wp-content\/uploads\/2026\/03\/6-300x212.jpg 300w, https:\/\/cidadecult.com.br\/wp-content\/uploads\/2026\/03\/6-768x542.jpg 768w, https:\/\/cidadecult.com.br\/wp-content\/uploads\/2026\/03\/6-1536x1085.jpg 1536w, https:\/\/cidadecult.com.br\/wp-content\/uploads\/2026\/03\/6-120x86.jpg 120w, https:\/\/cidadecult.com.br\/wp-content\/uploads\/2026\/03\/6-750x530.jpg 750w, https:\/\/cidadecult.com.br\/wp-content\/uploads\/2026\/03\/6-1140x805.jpg 1140w, https:\/\/cidadecult.com.br\/wp-content\/uploads\/2026\/03\/6.jpg 1654w\" sizes=\"auto, (max-width: 1024px) 100vw, 1024px\" \/><figcaption class=\"wp-element-caption\">Imagens: Divulga\u00e7\u00e3o<\/figcaption><\/figure>\n<\/blockquote>\n\n\n\n<h3 class=\"wp-block-heading\">Arte e arquitetura em di\u00e1logo<\/h3>\n\n\n\n<p>A exposi\u00e7\u00e3o tamb\u00e9m marcou um momento simb\u00f3lico para a capital federal: a <strong>reabertura ao p\u00fablico do foyer do Teatro Nacional<\/strong>, espa\u00e7o ic\u00f4nico que permaneceu fechado por mais de uma d\u00e9cada.<\/p>\n\n\n\n<p>O ambiente arquitet\u00f4nico dialoga diretamente com as obras do escultor e com os pain\u00e9is de <strong>Athos Bulc\u00e3o<\/strong>, criando um percurso sensorial em que arquitetura e arte se complementam.<\/p>\n\n\n\n<p>Segundo o curador, a obra de Camargo estabelece uma rela\u00e7\u00e3o especial com a pr\u00f3pria cidade de Bras\u00edlia.<\/p>\n\n\n\n<blockquote class=\"wp-block-quote is-layout-flow wp-block-quote-is-layout-flow\">\n<p>\u201cA obra de Camargo opera em uma frequ\u00eancia muito semelhante \u00e0 de Bras\u00edlia: \u00e9 feita de ordem, mas n\u00e3o \u00e9 r\u00edgida; \u00e9 geom\u00e9trica, mas n\u00e3o \u00e9 fria; \u00e9 moderna, mas profundamente humana.\u201d<\/p>\n<\/blockquote>\n\n\n\n<p>A proposta da curadoria \u00e9 que o visitante percorra o espa\u00e7o com um novo olhar sobre a mat\u00e9ria, a forma e a luz \u2014 elementos centrais na produ\u00e7\u00e3o do artista.<\/p>\n\n\n\n<h3 class=\"wp-block-heading\">Servi\u00e7o<\/h3>\n\n\n\n<p><strong>Exposi\u00e7\u00e3o:<\/strong> <em>\u00c9 Pau, \u00c9 Pedra\u2026<\/em> | Sergio Camargo<\/p>\n\n\n\n<p>\ud83d\udccd <strong>Local:<\/strong> Foyer da Sala Villa-Lobos \u2013 Teatro Nacional Cl\u00e1udio Santoro<br>\ud83d\udcc5 <strong>Per\u00edodo:<\/strong> at\u00e9 13 de mar\u00e7o de 2026<br>\u23f0 <strong>Hor\u00e1rio:<\/strong> 9h \u00e0s 22h<br>\ud83c\udf9f <strong>Entrada:<\/strong> gratuita<br>\ud83d\udc65 <strong>Classifica\u00e7\u00e3o:<\/strong> livre<\/p>\n","protected":false},"excerpt":{"rendered":"<p>Entra na reta final a exposi\u00e7\u00e3o \u201c\u00c9 Pau, \u00c9 Pedra\u2026\u201d, dedicada ao escultor Sergio Camargo, um dos nomes mais importantes da arte brasileira do s\u00e9culo XX. Em cartaz no Teatro Nacional Cl\u00e1udio Santoro at\u00e9 13 de mar\u00e7o, a mostra gratuita j\u00e1 foi visitada por mais de 23 mil pessoas e re\u00fane cerca de 200 obras [&hellip;]<\/p>\n","protected":false},"author":777,"featured_media":16859,"comment_status":"open","ping_status":"open","sticky":false,"template":"","format":"standard","meta":{"_monsterinsights_skip_tracking":false,"_monsterinsights_sitenote_active":false,"_monsterinsights_sitenote_note":"","_monsterinsights_sitenote_category":0,"footnotes":""},"categories":[17,281],"tags":[6981,6979,6670,6977,6969,6980,6976,6978],"class_list":["post-16858","post","type-post","status-publish","format-standard","has-post-thumbnail","hentry","category-bsb","category-exposicao","tag-arte-brasileira","tag-athos-bulcao","tag-cultura-brasilia","tag-escultura-brasileira","tag-exposicao-brasilia","tag-marcello-dantas","tag-sergio-camargo","tag-teatro-nacional-claudio-santoro"],"_links":{"self":[{"href":"https:\/\/cidadecult.com.br\/index.php?rest_route=\/wp\/v2\/posts\/16858","targetHints":{"allow":["GET"]}}],"collection":[{"href":"https:\/\/cidadecult.com.br\/index.php?rest_route=\/wp\/v2\/posts"}],"about":[{"href":"https:\/\/cidadecult.com.br\/index.php?rest_route=\/wp\/v2\/types\/post"}],"author":[{"embeddable":true,"href":"https:\/\/cidadecult.com.br\/index.php?rest_route=\/wp\/v2\/users\/777"}],"replies":[{"embeddable":true,"href":"https:\/\/cidadecult.com.br\/index.php?rest_route=%2Fwp%2Fv2%2Fcomments&post=16858"}],"version-history":[{"count":1,"href":"https:\/\/cidadecult.com.br\/index.php?rest_route=\/wp\/v2\/posts\/16858\/revisions"}],"predecessor-version":[{"id":16861,"href":"https:\/\/cidadecult.com.br\/index.php?rest_route=\/wp\/v2\/posts\/16858\/revisions\/16861"}],"wp:featuredmedia":[{"embeddable":true,"href":"https:\/\/cidadecult.com.br\/index.php?rest_route=\/wp\/v2\/media\/16859"}],"wp:attachment":[{"href":"https:\/\/cidadecult.com.br\/index.php?rest_route=%2Fwp%2Fv2%2Fmedia&parent=16858"}],"wp:term":[{"taxonomy":"category","embeddable":true,"href":"https:\/\/cidadecult.com.br\/index.php?rest_route=%2Fwp%2Fv2%2Fcategories&post=16858"},{"taxonomy":"post_tag","embeddable":true,"href":"https:\/\/cidadecult.com.br\/index.php?rest_route=%2Fwp%2Fv2%2Ftags&post=16858"}],"curies":[{"name":"wp","href":"https:\/\/api.w.org\/{rel}","templated":true}]}}