{"id":16855,"date":"2026-03-09T18:16:29","date_gmt":"2026-03-09T21:16:29","guid":{"rendered":"https:\/\/cidadecult.com.br\/?p=16855"},"modified":"2026-03-09T18:16:30","modified_gmt":"2026-03-09T21:16:30","slug":"exposicao-a-mulher-em-sua-essencia-ocupa-o-espaco-lucio-costa-em-brasilia","status":"publish","type":"post","link":"https:\/\/cidadecult.com.br\/?p=16855","title":{"rendered":"Exposi\u00e7\u00e3o \u201cA Mulher em Sua Ess\u00eancia\u201d ocupa o Espa\u00e7o L\u00facio Costa em Bras\u00edlia"},"content":{"rendered":"\n<p>A exposi\u00e7\u00e3o <strong>\u201cA Mulher em Sua Ess\u00eancia\u201d<\/strong>, da artista <strong>Valeria Teixeira Lima<\/strong>, est\u00e1 em cartaz durante os meses de mar\u00e7o e abril no <strong>Espa\u00e7o L\u00facio Costa<\/strong>, localizado no <strong>Conjunto Cultural Tr\u00eas Poderes<\/strong>. A visita\u00e7\u00e3o acontece de ter\u00e7a a domingo, reunindo cerca de <strong>25 obras<\/strong> que convidam o p\u00fablico a refletir sobre identidade, protagonismo feminino e enfrentamento \u00e0 viol\u00eancia contra a mulher.<\/p>\n\n\n\n<p>A mostra prop\u00f5e um percurso sens\u00edvel que atravessa temas como <strong>diversidade cultural, territ\u00f3rio, mem\u00f3ria e representatividade feminina<\/strong>, conectando arte e reflex\u00e3o social em um dos espa\u00e7os culturais mais emblem\u00e1ticos de Bras\u00edlia.<\/p>\n\n\n\n<h3 class=\"wp-block-heading\">Arte que conecta corpo, natureza e mem\u00f3ria<\/h3>\n\n\n\n<p>Um dos elementos mais marcantes da produ\u00e7\u00e3o de Valeria Teixeira Lima \u00e9 o uso de <strong>flores secas do Cerrado<\/strong>, incorporadas \u00e0s obras como parte de sua t\u00e9cnica autoral. A artista cria composi\u00e7\u00f5es que aproximam <strong>corpo, natureza e mem\u00f3ria<\/strong>, trazendo representa\u00e7\u00f5es de mulheres de diferentes culturas.<\/p>\n\n\n\n<p>Entre os trabalhos apresentados, h\u00e1 refer\u00eancias simb\u00f3licas \u00e0 pintora mexicana <strong>Frida Kahlo<\/strong> e tamb\u00e9m tr\u00eas obras dedicadas \u00e0 mem\u00f3ria de <strong>Sarah Kubitschek<\/strong>, figura hist\u00f3rica ligada \u00e0 constru\u00e7\u00e3o de Bras\u00edlia.<\/p>\n\n\n\n<p>Em parte das obras, o <strong>\u00fatero surge como s\u00edmbolo central<\/strong>, representando vida, cria\u00e7\u00e3o e pot\u00eancia feminina \u2014 elementos que dialogam com o eixo tem\u00e1tico da exposi\u00e7\u00e3o.<\/p>\n\n\n\n<h3 class=\"wp-block-heading\">Arte como instrumento de reflex\u00e3o social<\/h3>\n\n\n\n<p>A exposi\u00e7\u00e3o j\u00e1 passou por importantes espa\u00e7os culturais da capital federal, como o <strong>Museu Vivo da Mem\u00f3ria Candanga<\/strong> e o <strong>Museu de Arte de Bras\u00edlia<\/strong>, al\u00e9m de integrar a\u00e7\u00f5es da <strong>Secretaria da Mulher do Distrito Federal<\/strong>.<\/p>\n\n\n\n<p>Agora instalada na <strong>Pra\u00e7a dos Tr\u00eas Poderes<\/strong>, a mostra amplia o debate sobre <strong>representatividade feminina em espa\u00e7os historicamente ligados ao poder pol\u00edtico<\/strong>.<\/p>\n\n\n\n<p>A proposta \u00e9 utilizar a arte como ferramenta de <strong>conscientiza\u00e7\u00e3o e preven\u00e7\u00e3o da viol\u00eancia contra a mulher<\/strong>, estimulando o respeito, a dignidade e a igualdade de g\u00eanero.<\/p>\n\n\n\n<p>Para o secret\u00e1rio de Cultura e Economia Criativa do DF, <strong>Claudio Abrantes<\/strong>, iniciativas como essa refor\u00e7am o papel social da cultura:<\/p>\n\n\n\n<blockquote class=\"wp-block-quote is-layout-flow wp-block-quote-is-layout-flow\">\n<p>\u201cAo abrir espa\u00e7o para uma exposi\u00e7\u00e3o que trata do protagonismo feminino em um local de grande relev\u00e2ncia hist\u00f3rica e pol\u00edtica, refor\u00e7amos o compromisso do poder p\u00fablico com a valoriza\u00e7\u00e3o das mulheres e com o enfrentamento \u00e0 viol\u00eancia de g\u00eanero.\u201d<\/p>\n<\/blockquote>\n\n\n\n<h3 class=\"wp-block-heading\">Servi\u00e7o<\/h3>\n\n\n\n<p><strong>Exposi\u00e7\u00e3o:<\/strong> <em>A Mulher em Sua Ess\u00eancia<\/em><br><strong>Artista:<\/strong> Valeria Teixeira Lima<\/p>\n\n\n\n<p>\ud83d\udccd <strong>Local:<\/strong> Espa\u00e7o L\u00facio Costa \u2013 Conjunto Cultural Tr\u00eas Poderes<br>\ud83d\udcc5 <strong>Per\u00edodo:<\/strong> mar\u00e7o e abril<br>\ud83d\udd58 <strong>Hor\u00e1rio:<\/strong><\/p>\n\n\n\n<ul class=\"wp-block-list\">\n<li>Ter\u00e7a a sexta: 9h \u00e0s 18h<\/li>\n\n\n\n<li>S\u00e1bado e domingo: 9h \u00e0s 17h<\/li>\n<\/ul>\n","protected":false},"excerpt":{"rendered":"<p>A exposi\u00e7\u00e3o \u201cA Mulher em Sua Ess\u00eancia\u201d, da artista Valeria Teixeira Lima, est\u00e1 em cartaz durante os meses de mar\u00e7o e abril no Espa\u00e7o L\u00facio Costa, localizado no Conjunto Cultural Tr\u00eas Poderes. A visita\u00e7\u00e3o acontece de ter\u00e7a a domingo, reunindo cerca de 25 obras que convidam o p\u00fablico a refletir sobre identidade, protagonismo feminino e [&hellip;]<\/p>\n","protected":false},"author":777,"featured_media":16856,"comment_status":"open","ping_status":"open","sticky":false,"template":"","format":"standard","meta":{"_monsterinsights_skip_tracking":false,"_monsterinsights_sitenote_active":false,"_monsterinsights_sitenote_note":"","_monsterinsights_sitenote_category":0,"footnotes":""},"categories":[17,281],"tags":[6974,6971,6972,6556,6975,6969,6973,6679,6970],"class_list":["post-16855","post","type-post","status-publish","format-standard","has-post-thumbnail","hentry","category-bsb","category-exposicao","tag-a-mulher-em-sua-essencia","tag-arte-do-cerrado","tag-arte-feminina","tag-cultura-df","tag-espaco-lucio-costa","tag-exposicao-brasilia","tag-flores-secas-do-cerrado","tag-protagonismo-feminino","tag-valeria-teixeira-lima"],"_links":{"self":[{"href":"https:\/\/cidadecult.com.br\/index.php?rest_route=\/wp\/v2\/posts\/16855","targetHints":{"allow":["GET"]}}],"collection":[{"href":"https:\/\/cidadecult.com.br\/index.php?rest_route=\/wp\/v2\/posts"}],"about":[{"href":"https:\/\/cidadecult.com.br\/index.php?rest_route=\/wp\/v2\/types\/post"}],"author":[{"embeddable":true,"href":"https:\/\/cidadecult.com.br\/index.php?rest_route=\/wp\/v2\/users\/777"}],"replies":[{"embeddable":true,"href":"https:\/\/cidadecult.com.br\/index.php?rest_route=%2Fwp%2Fv2%2Fcomments&post=16855"}],"version-history":[{"count":1,"href":"https:\/\/cidadecult.com.br\/index.php?rest_route=\/wp\/v2\/posts\/16855\/revisions"}],"predecessor-version":[{"id":16857,"href":"https:\/\/cidadecult.com.br\/index.php?rest_route=\/wp\/v2\/posts\/16855\/revisions\/16857"}],"wp:featuredmedia":[{"embeddable":true,"href":"https:\/\/cidadecult.com.br\/index.php?rest_route=\/wp\/v2\/media\/16856"}],"wp:attachment":[{"href":"https:\/\/cidadecult.com.br\/index.php?rest_route=%2Fwp%2Fv2%2Fmedia&parent=16855"}],"wp:term":[{"taxonomy":"category","embeddable":true,"href":"https:\/\/cidadecult.com.br\/index.php?rest_route=%2Fwp%2Fv2%2Fcategories&post=16855"},{"taxonomy":"post_tag","embeddable":true,"href":"https:\/\/cidadecult.com.br\/index.php?rest_route=%2Fwp%2Fv2%2Ftags&post=16855"}],"curies":[{"name":"wp","href":"https:\/\/api.w.org\/{rel}","templated":true}]}}