{"id":16852,"date":"2026-03-09T18:14:09","date_gmt":"2026-03-09T21:14:09","guid":{"rendered":"https:\/\/cidadecult.com.br\/?p=16852"},"modified":"2026-03-09T18:14:10","modified_gmt":"2026-03-09T21:14:10","slug":"2o-premio-candango-de-literatura-promove-live-com-vencedores-da-categoria-incentivo-a-leitura","status":"publish","type":"post","link":"https:\/\/cidadecult.com.br\/?p=16852","title":{"rendered":"2\u00ba Pr\u00eamio Candango de Literatura promove live com vencedores da categoria Incentivo \u00e0 Leitura"},"content":{"rendered":"\n<p>A <strong>2\u00aa edi\u00e7\u00e3o do Pr\u00eamio Candango de Literatura<\/strong> segue desdobrando a\u00e7\u00f5es voltadas \u00e0 valoriza\u00e7\u00e3o do livro, da leitura e da forma\u00e7\u00e3o de leitores. No pr\u00f3ximo <strong>12 de mar\u00e7o<\/strong>, \u00e0s <strong>19h30<\/strong>, o projeto realiza a live <strong>\u201cConversas sobre leituras encruzilhadas\u201d<\/strong>, reunindo representantes do <strong>Sarau da Dalva<\/strong> e da <strong>Estreloteca \u2013 Biblioteca Comunit\u00e1ria<\/strong>, vencedores da categoria <strong>Projeto de Incentivo \u00e0 Leitura<\/strong>.<\/p>\n\n\n\n<p>Aberto ao p\u00fablico, o encontro virtual ser\u00e1 transmitido pelo Instagram oficial do pr\u00eamio, <strong>@premiocandangodeliteratura<\/strong>, e prop\u00f5e uma reflex\u00e3o sobre <strong>leitura, territ\u00f3rio e transforma\u00e7\u00e3o social<\/strong>, al\u00e9m de apresentar os pr\u00f3ximos passos das iniciativas reconhecidas pela premia\u00e7\u00e3o.<\/p>\n\n\n\n<h3 class=\"wp-block-heading\">Leitura como rede, pertencimento e transforma\u00e7\u00e3o<\/h3>\n\n\n\n<p>Participam da conversa <strong>Sabrina Sanfelice<\/strong> e <strong>Rafa Carvalho<\/strong>, representantes do Sarau da Dalva e da Estreloteca. A media\u00e7\u00e3o ser\u00e1 da escritora <strong>M\u00e1rcia Lages<\/strong>, com participa\u00e7\u00f5es de <strong>Iris Borges<\/strong>, presidente da <strong>Casa de Autores<\/strong>, institui\u00e7\u00e3o cultural respons\u00e1vel pela organiza\u00e7\u00e3o do pr\u00eamio, e do escritor <strong>Jo\u00e3o Anzanello Carrascoza<\/strong>, curador da premia\u00e7\u00e3o.<\/p>\n\n\n\n<p>A proposta do encontro \u00e9 ampliar o debate sobre o papel da leitura na forma\u00e7\u00e3o de v\u00ednculos comunit\u00e1rios e no fortalecimento dos territ\u00f3rios, especialmente em projetos que fazem da literatura uma experi\u00eancia coletiva e transformadora.<\/p>\n\n\n\n<p>Al\u00e9m da conversa, a live tamb\u00e9m vai atualizar o p\u00fablico sobre os desdobramentos do projeto vencedor, incluindo perspectivas de expans\u00e3o das a\u00e7\u00f5es impulsionadas pelo reconhecimento nacional obtido com o pr\u00eamio.<\/p>\n\n\n\n<h3 class=\"wp-block-heading\">Pr\u00eamio refor\u00e7a pol\u00edticas p\u00fablicas de leitura<\/h3>\n\n\n\n<p>Mais do que reconhecer obras e iniciativas, o <strong>Pr\u00eamio Candango de Literatura<\/strong> se consolida como uma plataforma de valoriza\u00e7\u00e3o de pol\u00edticas p\u00fablicas ligadas ao livro e \u00e0 leitura. A premia\u00e7\u00e3o destaca experi\u00eancias que fortalecem bibliotecas comunit\u00e1rias, criam redes de afeto e conhecimento e ampliam o acesso \u00e0 cultura.<\/p>\n\n\n\n<p>Para o secret\u00e1rio de Cultura e Economia Criativa do Distrito Federal, <strong>Claudio Abrantes<\/strong>, a iniciativa est\u00e1 alinhada a uma vis\u00e3o ampla de cidadania:<\/p>\n\n\n\n<blockquote class=\"wp-block-quote is-layout-flow wp-block-quote-is-layout-flow\">\n<p>\u201cO Pr\u00eamio Candango de Literatura integra uma estrat\u00e9gia mais ampla de fortalecimento do livro, da leitura e das bibliotecas no Distrito Federal. Ao reconhecer projetos como o Sarau da Dalva e a Estreloteca, reafirmamos que investir em leitura \u00e9 investir em forma\u00e7\u00e3o cr\u00edtica, pertencimento e transforma\u00e7\u00e3o social.\u201d<\/p>\n<\/blockquote>\n\n\n\n<h3 class=\"wp-block-heading\">Uma premia\u00e7\u00e3o de alcance nacional e internacional<\/h3>\n\n\n\n<p>Realizada em <strong>31 de outubro de 2025<\/strong>, a segunda edi\u00e7\u00e3o do Pr\u00eamio Candango de Literatura recebeu <strong>quase 3 mil inscri\u00e7\u00f5es<\/strong>, com participantes do Brasil e de outros <strong>17 pa\u00edses<\/strong>, distribu\u00eddos em <strong>quatro continentes<\/strong>. Ao todo, foram concedidos <strong>R$ 195 mil em pr\u00eamios<\/strong> em sete categorias.<\/p>\n\n\n\n<p>A estrutura da premia\u00e7\u00e3o foi dividida em tr\u00eas eixos: <strong>pedag\u00f3gico, liter\u00e1rio e editorial<\/strong>.<\/p>\n\n\n\n<p>No eixo pedag\u00f3gico, a categoria <strong>Projeto de Incentivo \u00e0 Leitura<\/strong> concedeu <strong>R$ 15 mil<\/strong> a <strong>Sabrina Sanfelice<\/strong>, pelo projeto <strong>Sarau da Dalva e Estreloteca<\/strong>.<\/p>\n\n\n\n<p>No eixo liter\u00e1rio, com <strong>R$ 35 mil por categoria<\/strong>, foram premiados:<\/p>\n\n\n\n<ul class=\"wp-block-list\">\n<li><strong>Giovanna Ramundo<\/strong>, em Melhor Romance, por <em>Sorriso Sorvete de Cereja<\/em><\/li>\n\n\n\n<li><strong>Lu\u00eds Pimentel<\/strong>, em Melhor Livro de Contos, por <em>A Viagem e Outros Contos<\/em><\/li>\n\n\n\n<li><strong>Ricardo Gil Soeiro<\/strong>, de Portugal, em Melhor Livro de Poesia, por <em>Li\u00e7\u00f5es da Miragem<\/em><\/li>\n\n\n\n<li><strong>Juliana Monteiro<\/strong>, vencedora do Pr\u00eamio Bras\u00edlia, por <em>Nada L\u00e1 Fora e Aqui Dentro<\/em><\/li>\n<\/ul>\n\n\n\n<p>No segmento editorial, com <strong>R$ 20 mil por categoria<\/strong>, foram reconhecidos:<\/p>\n\n\n\n<ul class=\"wp-block-list\">\n<li><strong>Leonardo Iaccarino<\/strong>, em Melhor Capa, por <em>Cavalos no Escuro<\/em>, de Rafael Gallo<\/li>\n\n\n\n<li><strong>Jeferson Barbosa<\/strong>, em Melhor Projeto Gr\u00e1fico, por <em>Verso Horizonte<\/em>, de Ax\u00e9 Silva e F\u00e1bio Teixeira<\/li>\n<\/ul>\n\n\n\n<h3 class=\"wp-block-heading\">Sarau da Dalva e Estreloteca: literatura enraizada na comunidade<\/h3>\n\n\n\n<p>O projeto vencedor na categoria Incentivo \u00e0 Leitura \u00e9 idealizado pelo <strong>Coletivo Cultural Comunit\u00e1rio Encruzilhada Estrela Dalva<\/strong>, que atua h\u00e1 15 anos na periferia da zona leste de <strong>Campinas (SP)<\/strong>. Formado majoritariamente por <strong>mulheres e pessoas negras<\/strong>, o coletivo desenvolve a\u00e7\u00f5es culturais, pedag\u00f3gicas e art\u00edsticas voltadas ao fortalecimento da identidade e \u00e0 amplia\u00e7\u00e3o do acesso \u00e0 cultura.<\/p>\n\n\n\n<p>Reconhecido como <strong>Ponto de Cultura<\/strong> pelo Minist\u00e9rio da Cultura, o grupo mant\u00e9m uma biblioteca comunit\u00e1ria ativa, promove saraus, encontros liter\u00e1rios e forma\u00e7\u00f5es, articulando arte, educa\u00e7\u00e3o e cidadania. O conceito de <strong>\u201cpoesia expandida\u201d<\/strong> adotado pelo coletivo traduz uma pr\u00e1tica que ultrapassa o livro e se manifesta no cotidiano, na conviv\u00eancia e na constru\u00e7\u00e3o coletiva de saberes.<\/p>\n\n\n\n<h3 class=\"wp-block-heading\">Servi\u00e7o<\/h3>\n\n\n\n<p><strong>Pr\u00eamio Candango de Literatura<\/strong><br><strong>Live:<\/strong> <em>Conversas sobre leituras encruzilhadas<\/em><br><strong>Data:<\/strong> 12 de mar\u00e7o<br><strong>Hor\u00e1rio:<\/strong> 19h30<br><strong>Instagram:<\/strong> @premiocandangodeliteratura<br><br><em>Com informa\u00e7\u00f5es da Secretaria de Cultura e Economia Criativa do DF (GDF)<\/em><\/p>\n\n\n\n<p><\/p>\n","protected":false},"excerpt":{"rendered":"<p>A 2\u00aa edi\u00e7\u00e3o do Pr\u00eamio Candango de Literatura segue desdobrando a\u00e7\u00f5es voltadas \u00e0 valoriza\u00e7\u00e3o do livro, da leitura e da forma\u00e7\u00e3o de leitores. No pr\u00f3ximo 12 de mar\u00e7o, \u00e0s 19h30, o projeto realiza a live \u201cConversas sobre leituras encruzilhadas\u201d, reunindo representantes do Sarau da Dalva e da Estreloteca \u2013 Biblioteca Comunit\u00e1ria, vencedores da categoria Projeto [&hellip;]<\/p>\n","protected":false},"author":777,"featured_media":16853,"comment_status":"open","ping_status":"open","sticky":false,"template":"","format":"standard","meta":{"_monsterinsights_skip_tracking":false,"_monsterinsights_sitenote_active":false,"_monsterinsights_sitenote_note":"","_monsterinsights_sitenote_category":0,"footnotes":""},"categories":[300],"tags":[6964,6968,6960,6963,6961,6966,6959,5352,6958,6967,6962,6965],"class_list":["post-16852","post","type-post","status-publish","format-standard","has-post-thumbnail","hentry","category-literatura","tag-bibliotecas-comunitarias","tag-campinas","tag-casa-de-autores","tag-estreloteca","tag-incentivo-a-leitura","tag-joao-anzanello-carrascoza","tag-leitura-e-transformacao-social","tag-literatura-2","tag-premio-candango-de-literatura","tag-sabrina-sanfelice","tag-sarau-da-dalva","tag-secretaria-de-cultura-do-df"],"_links":{"self":[{"href":"https:\/\/cidadecult.com.br\/index.php?rest_route=\/wp\/v2\/posts\/16852","targetHints":{"allow":["GET"]}}],"collection":[{"href":"https:\/\/cidadecult.com.br\/index.php?rest_route=\/wp\/v2\/posts"}],"about":[{"href":"https:\/\/cidadecult.com.br\/index.php?rest_route=\/wp\/v2\/types\/post"}],"author":[{"embeddable":true,"href":"https:\/\/cidadecult.com.br\/index.php?rest_route=\/wp\/v2\/users\/777"}],"replies":[{"embeddable":true,"href":"https:\/\/cidadecult.com.br\/index.php?rest_route=%2Fwp%2Fv2%2Fcomments&post=16852"}],"version-history":[{"count":1,"href":"https:\/\/cidadecult.com.br\/index.php?rest_route=\/wp\/v2\/posts\/16852\/revisions"}],"predecessor-version":[{"id":16854,"href":"https:\/\/cidadecult.com.br\/index.php?rest_route=\/wp\/v2\/posts\/16852\/revisions\/16854"}],"wp:featuredmedia":[{"embeddable":true,"href":"https:\/\/cidadecult.com.br\/index.php?rest_route=\/wp\/v2\/media\/16853"}],"wp:attachment":[{"href":"https:\/\/cidadecult.com.br\/index.php?rest_route=%2Fwp%2Fv2%2Fmedia&parent=16852"}],"wp:term":[{"taxonomy":"category","embeddable":true,"href":"https:\/\/cidadecult.com.br\/index.php?rest_route=%2Fwp%2Fv2%2Fcategories&post=16852"},{"taxonomy":"post_tag","embeddable":true,"href":"https:\/\/cidadecult.com.br\/index.php?rest_route=%2Fwp%2Fv2%2Ftags&post=16852"}],"curies":[{"name":"wp","href":"https:\/\/api.w.org\/{rel}","templated":true}]}}