{"id":16849,"date":"2026-03-09T16:56:14","date_gmt":"2026-03-09T19:56:14","guid":{"rendered":"https:\/\/cidadecult.com.br\/?p=16849"},"modified":"2026-03-09T16:56:14","modified_gmt":"2026-03-09T19:56:14","slug":"boas-praticas-escolares-estreia-novo-formato-e-discute-antirracismo-nesta-quarta-11-na-tv-cultura","status":"publish","type":"post","link":"https:\/\/cidadecult.com.br\/?p=16849","title":{"rendered":"\u201cBoas Pr\u00e1ticas Escolares\u201d estreia novo formato e discute antirracismo nesta quarta (11) na TV Cultura"},"content":{"rendered":"\n<p>O programa <strong>Boas Pr\u00e1ticas Escolares<\/strong> estreia um novo formato nesta quarta-feira (11), \u00e0s 20h, na <strong>TV Cultura<\/strong>. A atra\u00e7\u00e3o, dedicada a iniciativas desenvolvidas nas escolas p\u00fablicas da cidade de S\u00e3o Paulo, passa a contar com <strong>quatro blocos<\/strong> e uma abordagem mais documental, ampliando o olhar sobre o papel da educa\u00e7\u00e3o na comunidade.<\/p>\n\n\n\n<p>A apresenta\u00e7\u00e3o \u00e9 de <strong>D\u00e9bora Velozo<\/strong> e <strong>Fl\u00e1via dos Prazeres<\/strong>, com reportagens do videorrep\u00f3rter <strong>Rodney Suguita<\/strong>.<\/p>\n\n\n\n<p>A produ\u00e7\u00e3o \u00e9 realizada em parceria com a <strong>Secretaria Municipal de Educa\u00e7\u00e3o de S\u00e3o Paulo<\/strong> e chega ao <strong>quarto ano de exibi\u00e7\u00e3o<\/strong>, refor\u00e7ando a miss\u00e3o de valorizar experi\u00eancias educativas da rede p\u00fablica e as hist\u00f3rias que acontecem dentro e fora da escola.<\/p>\n\n\n\n<h3 class=\"wp-block-heading\">Educa\u00e7\u00e3o al\u00e9m dos muros da escola<\/h3>\n\n\n\n<p>A nova fase do programa amplia o foco editorial e passa a explorar o <strong>territ\u00f3rio escolar e seu entorno<\/strong>, conectando narrativas de estudantes, educadores, gestores, fam\u00edlias e funcion\u00e1rios da rede de ensino.<\/p>\n\n\n\n<p>Mais do que apresentar pr\u00e1ticas pedag\u00f3gicas, o programa agora tamb\u00e9m destaca projetos sociais, iniciativas comunit\u00e1rias e reflex\u00f5es sobre a hist\u00f3ria da educa\u00e7\u00e3o, incluindo uma curadoria especial do acervo da TV Cultura.<\/p>\n\n\n\n<p>Entre os temas que ser\u00e3o abordados ao longo da temporada est\u00e3o:<\/p>\n\n\n\n<ul class=\"wp-block-list\">\n<li>Antirracismo<\/li>\n\n\n\n<li>Sustentabilidade<\/li>\n\n\n\n<li>M\u00eas das mulheres<\/li>\n\n\n\n<li>Migra\u00e7\u00e3o internacional<\/li>\n\n\n\n<li>Projetos comunit\u00e1rios ligados \u00e0 educa\u00e7\u00e3o<\/li>\n<\/ul>\n\n\n\n<p>Segundo <strong>Maria In\u00eas Landgraf<\/strong>, a proposta \u00e9 aproximar educa\u00e7\u00e3o e entretenimento:<\/p>\n\n\n\n<blockquote class=\"wp-block-quote is-layout-flow wp-block-quote-is-layout-flow\">\n<p>\u201cEste novo formato adota um tom mais documental e voltado ao entretenimento, integrando informa\u00e7\u00e3o e educa\u00e7\u00e3o.\u201d<\/p>\n<\/blockquote>\n\n\n\n<p>A atra\u00e7\u00e3o tem <strong>dire\u00e7\u00e3o art\u00edstica de Maur\u00edcio Valim<\/strong> e coordena\u00e7\u00e3o de conte\u00fado de <strong>Lucila Rupp<\/strong>.<\/p>\n\n\n\n<h3 class=\"wp-block-heading\">Epis\u00f3dio de estreia aborda o antirracismo<\/h3>\n\n\n\n<p>O primeiro epis\u00f3dio da nova temporada discute o <strong>antirracismo nas escolas<\/strong>, tendo como ponto de partida o <strong>Protocolo para Preven\u00e7\u00e3o e Enfrentamento ao Racismo e \u00e0 Xenofobia na Educa\u00e7\u00e3o<\/strong>, elaborado pela Secretaria Municipal de Educa\u00e7\u00e3o de S\u00e3o Paulo.<\/p>\n\n\n\n<p>O documento orienta as unidades educacionais sobre <strong>como agir diante de situa\u00e7\u00f5es de racismo ou xenofobia no ambiente escolar<\/strong>, oferecendo diretrizes para acolhimento, media\u00e7\u00e3o e encaminhamento de casos.<\/p>\n\n\n\n<p>A edi\u00e7\u00e3o re\u00fane reportagens e hist\u00f3rias que mostram como escolas e comunidades educacionais t\u00eam trabalhado o tema de forma pr\u00e1tica e cotidiana.<\/p>\n\n\n\n<h3 class=\"wp-block-heading\">Servi\u00e7o<\/h3>\n\n\n\n<p><strong>Boas Pr\u00e1ticas Escolares<\/strong><br>\ud83d\udcfa Exibi\u00e7\u00e3o: quartas-feiras<br>\u23f0 Hor\u00e1rio: 20h<br>\ud83d\udce1 Transmiss\u00e3o: TV Cultura<\/p>\n","protected":false},"excerpt":{"rendered":"<p>O programa Boas Pr\u00e1ticas Escolares estreia um novo formato nesta quarta-feira (11), \u00e0s 20h, na TV Cultura. A atra\u00e7\u00e3o, dedicada a iniciativas desenvolvidas nas escolas p\u00fablicas da cidade de S\u00e3o Paulo, passa a contar com quatro blocos e uma abordagem mais documental, ampliando o olhar sobre o papel da educa\u00e7\u00e3o na comunidade. A apresenta\u00e7\u00e3o \u00e9 [&hellip;]<\/p>\n","protected":false},"author":777,"featured_media":16850,"comment_status":"open","ping_status":"open","sticky":false,"template":"","format":"standard","meta":{"_monsterinsights_skip_tracking":false,"_monsterinsights_sitenote_active":false,"_monsterinsights_sitenote_note":"","_monsterinsights_sitenote_category":0,"footnotes":""},"categories":[290],"tags":[6957,6951,6954,6952,6953,6956,6955,6201],"class_list":["post-16849","post","type-post","status-publish","format-standard","has-post-thumbnail","hentry","category-educacao","tag-antirracismo-na-escola","tag-boas-praticas-escolares","tag-educacao-brasileira","tag-educacao-em-sao-paulo","tag-educacao-publica","tag-programas-educativos","tag-secretaria-municipal-de-educacao-de-sao-paulo","tag-tv-cultura"],"_links":{"self":[{"href":"https:\/\/cidadecult.com.br\/index.php?rest_route=\/wp\/v2\/posts\/16849","targetHints":{"allow":["GET"]}}],"collection":[{"href":"https:\/\/cidadecult.com.br\/index.php?rest_route=\/wp\/v2\/posts"}],"about":[{"href":"https:\/\/cidadecult.com.br\/index.php?rest_route=\/wp\/v2\/types\/post"}],"author":[{"embeddable":true,"href":"https:\/\/cidadecult.com.br\/index.php?rest_route=\/wp\/v2\/users\/777"}],"replies":[{"embeddable":true,"href":"https:\/\/cidadecult.com.br\/index.php?rest_route=%2Fwp%2Fv2%2Fcomments&post=16849"}],"version-history":[{"count":1,"href":"https:\/\/cidadecult.com.br\/index.php?rest_route=\/wp\/v2\/posts\/16849\/revisions"}],"predecessor-version":[{"id":16851,"href":"https:\/\/cidadecult.com.br\/index.php?rest_route=\/wp\/v2\/posts\/16849\/revisions\/16851"}],"wp:featuredmedia":[{"embeddable":true,"href":"https:\/\/cidadecult.com.br\/index.php?rest_route=\/wp\/v2\/media\/16850"}],"wp:attachment":[{"href":"https:\/\/cidadecult.com.br\/index.php?rest_route=%2Fwp%2Fv2%2Fmedia&parent=16849"}],"wp:term":[{"taxonomy":"category","embeddable":true,"href":"https:\/\/cidadecult.com.br\/index.php?rest_route=%2Fwp%2Fv2%2Fcategories&post=16849"},{"taxonomy":"post_tag","embeddable":true,"href":"https:\/\/cidadecult.com.br\/index.php?rest_route=%2Fwp%2Fv2%2Ftags&post=16849"}],"curies":[{"name":"wp","href":"https:\/\/api.w.org\/{rel}","templated":true}]}}