{"id":16840,"date":"2026-03-09T16:28:11","date_gmt":"2026-03-09T19:28:11","guid":{"rendered":"https:\/\/cidadecult.com.br\/?p=16840"},"modified":"2026-03-09T16:28:12","modified_gmt":"2026-03-09T19:28:12","slug":"pedro-emilio-e-o-convidado-de-o-novo-sempre-vem-nesta-terca-10-na-tv-cultura","status":"publish","type":"post","link":"https:\/\/cidadecult.com.br\/?p=16840","title":{"rendered":"Pedro Em\u00edlio \u00e9 o convidado de O Novo Sempre Vem nesta ter\u00e7a (10) na TV Cultura"},"content":{"rendered":"\n<p>A nova gera\u00e7\u00e3o da m\u00fasica brasileira ganha destaque em mais um epis\u00f3dio da s\u00e9rie musical <strong>O Novo Sempre Vem<\/strong>, exibida nesta ter\u00e7a-feira (10), \u00e0s 23h30, na <strong>TV Cultura<\/strong>. O convidado da vez \u00e9 o cantor e compositor <strong>Pedro Em\u00edlio<\/strong>, que vem conquistando espa\u00e7o na cena contempor\u00e2nea ao misturar refer\u00eancias do R&amp;B e do pop dos anos 1980 com uma identidade marcadamente brasileira.<\/p>\n\n\n\n<p>Apresentado por <strong>Jo\u00e3o Marcello B\u00f4scoli<\/strong>, o programa segue sua proposta de revelar artistas da nova cena nacional em performances de est\u00fadio que valorizam a m\u00fasica ao vivo e a singularidade de cada int\u00e9rprete.<\/p>\n\n\n\n<h3 class=\"wp-block-heading\">Um novo nome do pop brasileiro<\/h3>\n\n\n\n<p>Pedro Em\u00edlio iniciou a carreira lan\u00e7ando singles e EPs at\u00e9 alcan\u00e7ar maior proje\u00e7\u00e3o em 2025 com o \u00e1lbum <strong>Enquanto Os Distra\u00eddos Amam<\/strong>. O trabalho re\u00fane can\u00e7\u00f5es autorais que exploram temas universais como amor, paix\u00e3o e desilus\u00e3o, sempre inspiradas por pequenas cenas do cotidiano.<\/p>\n\n\n\n<p>O disco chamou aten\u00e7\u00e3o da cr\u00edtica e rendeu ao artista uma indica\u00e7\u00e3o ao <strong>Grammy Latino<\/strong> na categoria de <strong>Melhor \u00c1lbum de Engenharia de Grava\u00e7\u00e3o<\/strong>, consolidando seu nome entre os talentos promissores da m\u00fasica brasileira atual.<\/p>\n\n\n\n<h3 class=\"wp-block-heading\">Performance ao vivo no programa<\/h3>\n\n\n\n<p>Na apresenta\u00e7\u00e3o exibida pela s\u00e9rie, Pedro Em\u00edlio interpreta algumas de suas composi\u00e7\u00f5es mais marcantes, entre elas:<\/p>\n\n\n\n<ul class=\"wp-block-list\">\n<li>Saliva<\/li>\n\n\n\n<li>Sonhava Com a Gente<\/li>\n\n\n\n<li>Corta Pra Voc\u00ea<\/li>\n\n\n\n<li>Amor Inteiro<\/li>\n\n\n\n<li>Eu, Camar\u00e3o e Ela<\/li>\n\n\n\n<li>Ponta Ponta<\/li>\n\n\n\n<li>Plano Original<\/li>\n<\/ul>\n\n\n\n<p>Acompanhado por uma banda entrosada, o artista apresenta arranjos que transitam entre o groove do R&amp;B, o brilho do pop oitentista e elementos da can\u00e7\u00e3o brasileira.<\/p>\n\n\n\n<p>Para Jo\u00e3o Marcello B\u00f4scoli, o crescimento do R&amp;B nacional nos \u00faltimos anos revela um momento criativo interessante:<\/p>\n\n\n\n<blockquote class=\"wp-block-quote is-layout-flow wp-block-quote-is-layout-flow\">\n<p>\u201cO R&amp;B feito no Brasil est\u00e1 entre os g\u00eaneros que mais cresceram na \u00faltima d\u00e9cada. H\u00e1 hoje um elenco amplo de artistas criando um som que pode ser descrito como retrofuturista.\u201d<\/p>\n<\/blockquote>\n\n\n\n<h3 class=\"wp-block-heading\">Bastidores e proposta do programa<\/h3>\n\n\n\n<p>Produzido pela <strong>Trama<\/strong> e dirigido por <strong>Luciano Cury<\/strong>, <em>O Novo Sempre Vem<\/em> apresenta sess\u00f5es musicais gravadas em est\u00fadio com capta\u00e7\u00e3o em 4K e \u00e1udio multicanal.<\/p>\n\n\n\n<p>As performances s\u00e3o registradas nos <strong>Est\u00fadios Trama NaCena<\/strong>, em S\u00e3o Paulo, com cuidado est\u00e9tico e sonoro para valorizar cada detalhe da execu\u00e7\u00e3o musical. A proposta da s\u00e9rie \u00e9 destacar novos artistas brasileiros em um formato que privilegia a curadoria art\u00edstica e a experi\u00eancia musical ao vivo.<\/p>\n\n\n\n<figure class=\"wp-block-image size-full\"><img loading=\"lazy\" decoding=\"async\" width=\"800\" height=\"563\" src=\"https:\/\/cidadecult.com.br\/wp-content\/uploads\/2026\/03\/pedroemilio.jpg\" alt=\"\" class=\"wp-image-16841\" srcset=\"https:\/\/cidadecult.com.br\/wp-content\/uploads\/2026\/03\/pedroemilio.jpg 800w, https:\/\/cidadecult.com.br\/wp-content\/uploads\/2026\/03\/pedroemilio-300x211.jpg 300w, https:\/\/cidadecult.com.br\/wp-content\/uploads\/2026\/03\/pedroemilio-768x540.jpg 768w, https:\/\/cidadecult.com.br\/wp-content\/uploads\/2026\/03\/pedroemilio-750x528.jpg 750w\" sizes=\"auto, (max-width: 800px) 100vw, 800px\" \/><figcaption class=\"wp-element-caption\">Cr\u00e9dito: Trama<\/figcaption><\/figure>\n\n\n\n<h3 class=\"wp-block-heading\">Servi\u00e7o<\/h3>\n\n\n\n<p><strong>O Novo Sempre Vem \u2014 1\u00aa temporada<\/strong><br>\ud83d\udcfa Exibi\u00e7\u00e3o: ter\u00e7as-feiras, \u00e0s 23h30<br>\ud83d\udd01 Reapresenta\u00e7\u00e3o: domingos, \u00e0s 22h<br>\ud83d\udce1 Transmiss\u00e3o: TV Cultura<\/p>\n","protected":false},"excerpt":{"rendered":"<p>A nova gera\u00e7\u00e3o da m\u00fasica brasileira ganha destaque em mais um epis\u00f3dio da s\u00e9rie musical O Novo Sempre Vem, exibida nesta ter\u00e7a-feira (10), \u00e0s 23h30, na TV Cultura. O convidado da vez \u00e9 o cantor e compositor Pedro Em\u00edlio, que vem conquistando espa\u00e7o na cena contempor\u00e2nea ao misturar refer\u00eancias do R&amp;B e do pop dos [&hellip;]<\/p>\n","protected":false},"author":777,"featured_media":16841,"comment_status":"open","ping_status":"open","sticky":false,"template":"","format":"standard","meta":{"_monsterinsights_skip_tracking":false,"_monsterinsights_sitenote_active":false,"_monsterinsights_sitenote_note":"","_monsterinsights_sitenote_category":0,"footnotes":""},"categories":[6],"tags":[6935,6257,6939,6936,6934,6920,6938,6937,6201],"class_list":["post-16840","post","type-post","status-publish","format-standard","has-post-thumbnail","hentry","category-music","tag-joao-marcello-boscoli","tag-musica-brasileira","tag-nova-cena-musical","tag-o-novo-sempre-vem","tag-pedro-emilio","tag-pop-brasileiro","tag-rb-brasileiro","tag-trama","tag-tv-cultura"],"_links":{"self":[{"href":"https:\/\/cidadecult.com.br\/index.php?rest_route=\/wp\/v2\/posts\/16840","targetHints":{"allow":["GET"]}}],"collection":[{"href":"https:\/\/cidadecult.com.br\/index.php?rest_route=\/wp\/v2\/posts"}],"about":[{"href":"https:\/\/cidadecult.com.br\/index.php?rest_route=\/wp\/v2\/types\/post"}],"author":[{"embeddable":true,"href":"https:\/\/cidadecult.com.br\/index.php?rest_route=\/wp\/v2\/users\/777"}],"replies":[{"embeddable":true,"href":"https:\/\/cidadecult.com.br\/index.php?rest_route=%2Fwp%2Fv2%2Fcomments&post=16840"}],"version-history":[{"count":1,"href":"https:\/\/cidadecult.com.br\/index.php?rest_route=\/wp\/v2\/posts\/16840\/revisions"}],"predecessor-version":[{"id":16842,"href":"https:\/\/cidadecult.com.br\/index.php?rest_route=\/wp\/v2\/posts\/16840\/revisions\/16842"}],"wp:featuredmedia":[{"embeddable":true,"href":"https:\/\/cidadecult.com.br\/index.php?rest_route=\/wp\/v2\/media\/16841"}],"wp:attachment":[{"href":"https:\/\/cidadecult.com.br\/index.php?rest_route=%2Fwp%2Fv2%2Fmedia&parent=16840"}],"wp:term":[{"taxonomy":"category","embeddable":true,"href":"https:\/\/cidadecult.com.br\/index.php?rest_route=%2Fwp%2Fv2%2Fcategories&post=16840"},{"taxonomy":"post_tag","embeddable":true,"href":"https:\/\/cidadecult.com.br\/index.php?rest_route=%2Fwp%2Fv2%2Ftags&post=16840"}],"curies":[{"name":"wp","href":"https:\/\/api.w.org\/{rel}","templated":true}]}}