{"id":16832,"date":"2026-03-06T11:19:25","date_gmt":"2026-03-06T14:19:25","guid":{"rendered":"https:\/\/cidadecult.com.br\/?p=16832"},"modified":"2026-03-06T11:19:27","modified_gmt":"2026-03-06T14:19:27","slug":"thalma-de-freitas-e-anelis-assumpcao-abrem-nova-temporada-de-palavras-permanecem-com-afeto-musica-e-debate-sobre-cultura-brasileira","status":"publish","type":"post","link":"https:\/\/cidadecult.com.br\/?p=16832","title":{"rendered":"Thalma de Freitas e Anelis Assump\u00e7\u00e3o abrem nova temporada de \u201cPalavras Permanecem\u201d com afeto, m\u00fasica e debate sobre cultura brasileira"},"content":{"rendered":"\n<p>Um reencontro de amigas \u2014 e de duas artistas centrais para entender a m\u00fasica brasileira contempor\u00e2nea \u2014 d\u00e1 o tom do primeiro epis\u00f3dio da <strong>2\u00aa temporada de \u201cPalavras Permanecem\u201d<\/strong>, s\u00e9rie original do <strong>Canal Curta!<\/strong>. <strong>Thalma de Freitas<\/strong> e <strong>Anelis Assump\u00e7\u00e3o<\/strong> conversam sobre cria\u00e7\u00e3o, heran\u00e7as, ancestralidade, feminismo negro e os caminhos (nem sempre f\u00e1ceis) de produzir arte no Brasil, em um epis\u00f3dio marcado por carinho, mem\u00f3ria e performance.<\/p>\n\n\n\n<p>A nova temporada chega com <strong>seis encontros entre artistas brasileiros<\/strong>, que compartilham processos criativos e apresentam momentos musicais exclusivos. A produ\u00e7\u00e3o \u00e9 <strong>viabilizada pelo Curta! via Fundo Setorial do Audiovisual (FSA)<\/strong> e tem dire\u00e7\u00e3o de <strong>Renata Druck<\/strong>.<\/p>\n\n\n\n<p>No epis\u00f3dio de estreia, Thalma e Anelis revisitarem trajet\u00f3rias que carregam influ\u00eancias familiares e enfrentamentos hist\u00f3ricos \u2014 e transformam tudo isso em linguagem art\u00edstica. Entre as performances, elas revisitam <strong>\u201cNega M\u00fasica\u201d<\/strong>, de <strong>Itamar Assump\u00e7\u00e3o<\/strong>, e apresentam <strong>\u201cVioleta Blue\u201d<\/strong>, composta pela dupla (conforme o material de divulga\u00e7\u00e3o).<\/p>\n\n\n\n<figure class=\"wp-block-image size-full\"><img loading=\"lazy\" decoding=\"async\" width=\"800\" height=\"450\" src=\"https:\/\/cidadecult.com.br\/wp-content\/uploads\/2026\/03\/unnamed-24-1.jpg\" alt=\"\" class=\"wp-image-16837\" srcset=\"https:\/\/cidadecult.com.br\/wp-content\/uploads\/2026\/03\/unnamed-24-1.jpg 800w, https:\/\/cidadecult.com.br\/wp-content\/uploads\/2026\/03\/unnamed-24-1-300x169.jpg 300w, https:\/\/cidadecult.com.br\/wp-content\/uploads\/2026\/03\/unnamed-24-1-768x432.jpg 768w, https:\/\/cidadecult.com.br\/wp-content\/uploads\/2026\/03\/unnamed-24-1-750x422.jpg 750w\" sizes=\"auto, (max-width: 800px) 100vw, 800px\" \/><figcaption class=\"wp-element-caption\">Anelis e Thelma compartilham o talento no epis\u00f3dio de estreia da segunda temporada (Cr\u00e9dito:Divulga\u00e7\u00e3o\/Curta!)<\/figcaption><\/figure>\n\n\n\n<p>Al\u00e9m do encontro musical, a conversa aponta para uma ideia que atravessa a s\u00e9rie: <strong>arte como perman\u00eancia<\/strong> \u2014 aquilo que fica, mesmo quando o tempo tenta apagar.<\/p>\n\n\n\n<hr class=\"wp-block-separator has-alpha-channel-opacity\"\/>\n\n\n\n<h3 class=\"wp-block-heading\">Como assistir<\/h3>\n\n\n\n<ul class=\"wp-block-list\">\n<li><strong>\u201cPalavras Permanecem\u201d (2\u00aa temporada)<\/strong>: estreia no <strong>Canal Curta!<\/strong> em <strong>12 de mar\u00e7o de 2026<\/strong>, dentro do <strong>Quintas do Pensamento<\/strong>, \u00e0s <strong>21h<\/strong> (conforme programa\u00e7\u00e3o divulgada).<\/li>\n\n\n\n<li><strong>CurtaOn \u2013 Clube de Document\u00e1rios<\/strong>: temporadas dispon\u00edveis no streaming do grupo Curta!, acess\u00edvel via <strong>Prime Video Channels<\/strong>, <strong>Claro tv+<\/strong> e tamb\u00e9m pelo site da plataforma.<\/li>\n<\/ul>\n\n\n\n<hr class=\"wp-block-separator has-alpha-channel-opacity\"\/>\n\n\n\n<h2 class=\"wp-block-heading\">Extra na programa\u00e7\u00e3o: Anita Garibaldi em foco no in\u00e9dito de \u201cComo Nascem os Her\u00f3is\u201d<\/h2>\n\n\n\n<p>Outra estreia da semana no Curta! \u00e9 o epis\u00f3dio sobre <strong>Anita Garibaldi<\/strong> na s\u00e9rie <strong>\u201cComo Nascem os Her\u00f3is\u201d<\/strong>, apresentada por <strong>Rita Von Hunty (Guilherme Terreri)<\/strong>, que investiga como figuras hist\u00f3ricas entram (e permanecem) no imagin\u00e1rio nacional. A produ\u00e7\u00e3o analisa personalidades do <strong>Livro de A\u00e7o<\/strong> do Pante\u00e3o da P\u00e1tria, em Bras\u00edlia.<\/p>\n","protected":false},"excerpt":{"rendered":"<p>Um reencontro de amigas \u2014 e de duas artistas centrais para entender a m\u00fasica brasileira contempor\u00e2nea \u2014 d\u00e1 o tom do primeiro epis\u00f3dio da 2\u00aa temporada de \u201cPalavras Permanecem\u201d, s\u00e9rie original do Canal Curta!. Thalma de Freitas e Anelis Assump\u00e7\u00e3o conversam sobre cria\u00e7\u00e3o, heran\u00e7as, ancestralidade, feminismo negro e os caminhos (nem sempre f\u00e1ceis) de produzir [&hellip;]<\/p>\n","protected":false},"author":777,"featured_media":16834,"comment_status":"open","ping_status":"open","sticky":false,"template":"","format":"standard","meta":{"_monsterinsights_skip_tracking":false,"_monsterinsights_sitenote_active":false,"_monsterinsights_sitenote_note":"","_monsterinsights_sitenote_category":0,"footnotes":""},"categories":[41],"tags":[6928,6398,6925,6384,6339,6410,6932,6931,6929,6257,6926,6933,6930,6927],"class_list":["post-16832","post","type-post","status-publish","format-standard","has-post-thumbnail","hentry","category-agenda","tag-anelis-assumpcao","tag-audiovisual-brasileiro","tag-canal-curta-2","tag-cultura-brasileira","tag-curtaon","tag-documentario-2","tag-fsa","tag-fundo-setorial-do-audiovisual","tag-itamar-assumpcao","tag-musica-brasileira","tag-palavras-permanecem","tag-programacao-curta","tag-series-documentais","tag-thalma-de-freitas"],"_links":{"self":[{"href":"https:\/\/cidadecult.com.br\/index.php?rest_route=\/wp\/v2\/posts\/16832","targetHints":{"allow":["GET"]}}],"collection":[{"href":"https:\/\/cidadecult.com.br\/index.php?rest_route=\/wp\/v2\/posts"}],"about":[{"href":"https:\/\/cidadecult.com.br\/index.php?rest_route=\/wp\/v2\/types\/post"}],"author":[{"embeddable":true,"href":"https:\/\/cidadecult.com.br\/index.php?rest_route=\/wp\/v2\/users\/777"}],"replies":[{"embeddable":true,"href":"https:\/\/cidadecult.com.br\/index.php?rest_route=%2Fwp%2Fv2%2Fcomments&post=16832"}],"version-history":[{"count":1,"href":"https:\/\/cidadecult.com.br\/index.php?rest_route=\/wp\/v2\/posts\/16832\/revisions"}],"predecessor-version":[{"id":16838,"href":"https:\/\/cidadecult.com.br\/index.php?rest_route=\/wp\/v2\/posts\/16832\/revisions\/16838"}],"wp:featuredmedia":[{"embeddable":true,"href":"https:\/\/cidadecult.com.br\/index.php?rest_route=\/wp\/v2\/media\/16834"}],"wp:attachment":[{"href":"https:\/\/cidadecult.com.br\/index.php?rest_route=%2Fwp%2Fv2%2Fmedia&parent=16832"}],"wp:term":[{"taxonomy":"category","embeddable":true,"href":"https:\/\/cidadecult.com.br\/index.php?rest_route=%2Fwp%2Fv2%2Fcategories&post=16832"},{"taxonomy":"post_tag","embeddable":true,"href":"https:\/\/cidadecult.com.br\/index.php?rest_route=%2Fwp%2Fv2%2Ftags&post=16832"}],"curies":[{"name":"wp","href":"https:\/\/api.w.org\/{rel}","templated":true}]}}