{"id":16829,"date":"2026-03-06T10:53:42","date_gmt":"2026-03-06T13:53:42","guid":{"rendered":"https:\/\/cidadecult.com.br\/?p=16829"},"modified":"2026-03-06T10:53:45","modified_gmt":"2026-03-06T13:53:45","slug":"tom-ribeira-reune-afetos-e-identidade-artistica-em-seu-primeiro-ep-pedaco","status":"publish","type":"post","link":"https:\/\/cidadecult.com.br\/?p=16829","title":{"rendered":"Tom Ribeira re\u00fane afetos e identidade art\u00edstica em seu primeiro EP \u201cPeda\u00e7o\u201d"},"content":{"rendered":"\n<p><strong>Tom Ribeira<\/strong> estreia oficialmente nas plataformas digitais nesta <strong>sexta-feira, 6 de mar\u00e7o<\/strong>, com o EP <strong>\u201cPeda\u00e7o\u201d<\/strong> \u2014 um trabalho curto no formato, mas amplo na emo\u00e7\u00e3o. O lan\u00e7amento marca o fim de um per\u00edodo de <strong>um ano de imers\u00e3o criativa<\/strong> e apresenta um artista que transforma mem\u00f3rias pessoais em can\u00e7\u00f5es com voca\u00e7\u00e3o para o coletivo: hist\u00f3rias pequenas, sentimentos grandes, e uma MPB que pulsa com sotaques contempor\u00e2neos.<\/p>\n\n\n\n<p>Nascido em <strong>Botucatu (SP)<\/strong>, Tom constr\u00f3i seu universo musical tendo a <strong>MPB como fio condutor<\/strong>, enquanto <strong>samba, bossa nova e pop<\/strong> desenham paisagens sonoras atuais. \u00c9 um disco de chegada e tamb\u00e9m de origem: as composi\u00e7\u00f5es partem da geografia do afeto, atravessam saudade, pertencimento e encontros \u2014 e voltam para o mesmo lugar: a can\u00e7\u00e3o como abrigo.<\/p>\n\n\n\n<p>No centro do EP est\u00e1 a faixa-t\u00edtulo, <strong>\u201cPeda\u00e7o\u201d<\/strong>, que d\u00e1 nome ao projeto e revela a ess\u00eancia do artista: um canto suave e direto, com versos que falam de gente, conviv\u00eancia e aquela sensa\u00e7\u00e3o de levar (e deixar) um pouco de si pelo caminho. J\u00e1 <strong>\u201cBotucatu\u201d<\/strong> funciona como um mapa afetivo: a cidade natal vira personagem, com imagens que evocam interior, paisagem e identidade \u2014 um retrato \u00edntimo que tamb\u00e9m conversa com a experi\u00eancia latino-americana de beleza e resist\u00eancia.<\/p>\n\n\n\n<p>Al\u00e9m dessas, o EP destaca faixas como <strong>\u201cJuba\u201d<\/strong>, <strong>\u201cV\u00eanus ou Urano\u201d<\/strong> e <strong>\u201cBai\u00e3o de Dois\u201d<\/strong>, em que Tom transita entre arranjos acolhedores e escolhas r\u00edtmicas que aproximam tradi\u00e7\u00e3o e frescor. As refer\u00eancias passam por nomes como <strong>Dorival Caymmi, Cartola e Adoniran Barbosa<\/strong>, dialogando tamb\u00e9m com a inventividade de <strong>Itamar Assump\u00e7\u00e3o<\/strong> e a suavidade de <strong>Gal Costa<\/strong> \u2014 sem virar \u201ccita\u00e7\u00e3o\u201d: a influ\u00eancia aparece como linguagem, n\u00e3o como molde.<\/p>\n\n\n\n<p>Tom tamb\u00e9m chega com presen\u00e7a j\u00e1 consolidada fora do est\u00fadio: desde os 18 anos, construiu uma comunidade expressiva nas redes com interpreta\u00e7\u00f5es autorais e repert\u00f3rio popular, somando <strong>mais de 400 mil seguidores<\/strong>. E sua trajet\u00f3ria recente acrescenta outra camada ao EP: em 2022, saiu de Botucatu para um mochil\u00e3o e, meses depois, se apresentou em palcos hist\u00f3ricos de <strong>Paris<\/strong>, ampliando o alcance do seu trabalho.<\/p>\n\n\n\n<p>Para celebrar o lan\u00e7amento, Tom faz show no dia <strong>15 de mar\u00e7o<\/strong>, no <strong>Na Rotina (S\u00e3o Paulo)<\/strong> \u2014 com <strong>ingressos esgotados<\/strong>. A proposta da turn\u00ea de \u201cPeda\u00e7o\u201d segue a mesma l\u00f3gica do EP: <strong>um encontro intimista<\/strong>, com arranjos quentes e espa\u00e7o para as in\u00e9ditas conversarem com can\u00e7\u00f5es que formaram o artista.<\/p>\n\n\n\n<hr class=\"wp-block-separator has-alpha-channel-opacity\"\/>\n\n\n\n<h3 class=\"wp-block-heading\">Servi\u00e7o<\/h3>\n\n\n\n<ul class=\"wp-block-list\">\n<li><strong>Lan\u00e7amento do EP \u201cPeda\u00e7o\u201d (digital):<\/strong> 06\/03<\/li>\n\n\n\n<li><strong>Show de lan\u00e7amento:<\/strong> 15\/03 \u2014 Na Rotina (SP) \u2014 <strong>esgotado<\/strong><\/li>\n\n\n\n<li><strong>Faixas:<\/strong> Peda\u00e7o \u2022 V\u00eanus ou Urano \u2022 Botucatu \u2022 Juba \u2022 Bai\u00e3o de Dois \u2022 Marroquina<\/li>\n<\/ul>\n","protected":false},"excerpt":{"rendered":"<p>Tom Ribeira estreia oficialmente nas plataformas digitais nesta sexta-feira, 6 de mar\u00e7o, com o EP \u201cPeda\u00e7o\u201d \u2014 um trabalho curto no formato, mas amplo na emo\u00e7\u00e3o. O lan\u00e7amento marca o fim de um per\u00edodo de um ano de imers\u00e3o criativa e apresenta um artista que transforma mem\u00f3rias pessoais em can\u00e7\u00f5es com voca\u00e7\u00e3o para o coletivo: [&hellip;]<\/p>\n","protected":false},"author":777,"featured_media":16830,"comment_status":"open","ping_status":"open","sticky":false,"template":"","format":"standard","meta":{"_monsterinsights_skip_tracking":false,"_monsterinsights_sitenote_active":false,"_monsterinsights_sitenote_note":"","_monsterinsights_sitenote_category":0,"footnotes":""},"categories":[6],"tags":[6376,6922,6921,6924,6917,6918,6104,6257,6923,6919,6920,517,6486,6916],"class_list":["post-16829","post","type-post","status-publish","format-standard","has-post-thumbnail","hentry","category-music","tag-artistas-brasileiros","tag-bossa-nova","tag-botucatu","tag-cena-musical-brasileira","tag-ep-pedaco","tag-lancamento-musical","tag-mpb-2","tag-musica-brasileira","tag-na-rotina","tag-nova-mpb","tag-pop-brasileiro","tag-samba","tag-show-em-sao-paulo","tag-tom-ribeira"],"_links":{"self":[{"href":"https:\/\/cidadecult.com.br\/index.php?rest_route=\/wp\/v2\/posts\/16829","targetHints":{"allow":["GET"]}}],"collection":[{"href":"https:\/\/cidadecult.com.br\/index.php?rest_route=\/wp\/v2\/posts"}],"about":[{"href":"https:\/\/cidadecult.com.br\/index.php?rest_route=\/wp\/v2\/types\/post"}],"author":[{"embeddable":true,"href":"https:\/\/cidadecult.com.br\/index.php?rest_route=\/wp\/v2\/users\/777"}],"replies":[{"embeddable":true,"href":"https:\/\/cidadecult.com.br\/index.php?rest_route=%2Fwp%2Fv2%2Fcomments&post=16829"}],"version-history":[{"count":1,"href":"https:\/\/cidadecult.com.br\/index.php?rest_route=\/wp\/v2\/posts\/16829\/revisions"}],"predecessor-version":[{"id":16831,"href":"https:\/\/cidadecult.com.br\/index.php?rest_route=\/wp\/v2\/posts\/16829\/revisions\/16831"}],"wp:featuredmedia":[{"embeddable":true,"href":"https:\/\/cidadecult.com.br\/index.php?rest_route=\/wp\/v2\/media\/16830"}],"wp:attachment":[{"href":"https:\/\/cidadecult.com.br\/index.php?rest_route=%2Fwp%2Fv2%2Fmedia&parent=16829"}],"wp:term":[{"taxonomy":"category","embeddable":true,"href":"https:\/\/cidadecult.com.br\/index.php?rest_route=%2Fwp%2Fv2%2Fcategories&post=16829"},{"taxonomy":"post_tag","embeddable":true,"href":"https:\/\/cidadecult.com.br\/index.php?rest_route=%2Fwp%2Fv2%2Ftags&post=16829"}],"curies":[{"name":"wp","href":"https:\/\/api.w.org\/{rel}","templated":true}]}}