{"id":16816,"date":"2026-03-04T18:27:49","date_gmt":"2026-03-04T21:27:49","guid":{"rendered":"https:\/\/cidadecult.com.br\/?p=16816"},"modified":"2026-03-04T18:27:51","modified_gmt":"2026-03-04T21:27:51","slug":"exposicao-marias-abre-no-trt-10-e-lanca-luz-sobre-a-superacao-da-violencia-domestica-em-brasilia","status":"publish","type":"post","link":"https:\/\/cidadecult.com.br\/?p=16816","title":{"rendered":"Exposi\u00e7\u00e3o \u201cMarias\u201d abre no TRT-10 e lan\u00e7a luz sobre a supera\u00e7\u00e3o da viol\u00eancia dom\u00e9stica em Bras\u00edlia"},"content":{"rendered":"\n<p>Foi aberta nesta <strong>ter\u00e7a-feira (4\/3)<\/strong>, no <strong>Edif\u00edcio-Sede do Tribunal Regional do Trabalho da 10\u00aa Regi\u00e3o (TRT-10)<\/strong>, em Bras\u00edlia, a exposi\u00e7\u00e3o fotogr\u00e1fica <strong>\u201cMarias\u201d<\/strong>, assinada pela jornalista e fot\u00f3grafa <strong>\u00cdsis Dantas<\/strong>. Integrando as a\u00e7\u00f5es institucionais do <strong>M\u00eas da Mulher<\/strong>, a mostra segue em cartaz <strong>at\u00e9 19 de mar\u00e7o<\/strong>, no <strong>Sagu\u00e3o do Pleno<\/strong>, com <strong>visita\u00e7\u00e3o p\u00fablica<\/strong> de segunda a sexta-feira, das <strong>9h \u00e0s 19h<\/strong>.<\/p>\n\n\n\n<figure class=\"wp-block-image size-large\"><img loading=\"lazy\" decoding=\"async\" width=\"1024\" height=\"762\" src=\"https:\/\/cidadecult.com.br\/wp-content\/uploads\/2026\/03\/nwdn_file_temp_1606616282281-1024x762.jpg\" alt=\"\" class=\"wp-image-16818\" srcset=\"https:\/\/cidadecult.com.br\/wp-content\/uploads\/2026\/03\/nwdn_file_temp_1606616282281-1024x762.jpg 1024w, https:\/\/cidadecult.com.br\/wp-content\/uploads\/2026\/03\/nwdn_file_temp_1606616282281-300x223.jpg 300w, https:\/\/cidadecult.com.br\/wp-content\/uploads\/2026\/03\/nwdn_file_temp_1606616282281-768x572.jpg 768w, https:\/\/cidadecult.com.br\/wp-content\/uploads\/2026\/03\/nwdn_file_temp_1606616282281-1536x1144.jpg 1536w, https:\/\/cidadecult.com.br\/wp-content\/uploads\/2026\/03\/nwdn_file_temp_1606616282281-2048x1525.jpg 2048w, https:\/\/cidadecult.com.br\/wp-content\/uploads\/2026\/03\/nwdn_file_temp_1606616282281-750x558.jpg 750w, https:\/\/cidadecult.com.br\/wp-content\/uploads\/2026\/03\/nwdn_file_temp_1606616282281-1140x849.jpg 1140w\" sizes=\"auto, (max-width: 1024px) 100vw, 1024px\" \/><figcaption class=\"wp-element-caption\">\u00cdsis Dantas<\/figcaption><\/figure>\n\n\n\n<p>Em sua vers\u00e3o integral, \u201cMarias\u201d re\u00fane <strong>43 quadros<\/strong> com retratos e hist\u00f3rias de mulheres que conseguiram <strong>romper o ciclo da viol\u00eancia dom\u00e9stica<\/strong>. As imagens transformam viv\u00eancias marcadas pela dor em narrativas de <strong>resist\u00eancia, reconstru\u00e7\u00e3o e esperan\u00e7a<\/strong>, destacando o papel das <strong>redes de apoio<\/strong> na retomada da autonomia e da autoestima.<\/p>\n\n\n\n<p>Mais do que uma exposi\u00e7\u00e3o, a proposta funciona como um convite \u00e0 conversa: por meio de fotografia e relato, \u201cMarias\u201d amplia a compreens\u00e3o sobre a viol\u00eancia de g\u00eanero como um <strong>grave problema de direitos humanos<\/strong>, e provoca o olhar do p\u00fablico para al\u00e9m do campo jur\u00eddico, alcan\u00e7ando uma dimens\u00e3o <strong>cultural e educativa<\/strong> \u2014 essencial para conscientiza\u00e7\u00e3o e preven\u00e7\u00e3o.<\/p>\n\n\n\n<h3 class=\"wp-block-heading\">Por que essa reflex\u00e3o \u00e9 urgente<\/h3>\n\n\n\n<figure class=\"wp-block-image size-large\"><img loading=\"lazy\" decoding=\"async\" width=\"683\" height=\"1024\" src=\"https:\/\/cidadecult.com.br\/wp-content\/uploads\/2026\/03\/IMG_1431-2-683x1024.png\" alt=\"\" class=\"wp-image-16823\" srcset=\"https:\/\/cidadecult.com.br\/wp-content\/uploads\/2026\/03\/IMG_1431-2-683x1024.png 683w, https:\/\/cidadecult.com.br\/wp-content\/uploads\/2026\/03\/IMG_1431-2-200x300.png 200w, https:\/\/cidadecult.com.br\/wp-content\/uploads\/2026\/03\/IMG_1431-2-768x1152.png 768w, https:\/\/cidadecult.com.br\/wp-content\/uploads\/2026\/03\/IMG_1431-2-1024x1536.png 1024w, https:\/\/cidadecult.com.br\/wp-content\/uploads\/2026\/03\/IMG_1431-2-1365x2048.png 1365w, https:\/\/cidadecult.com.br\/wp-content\/uploads\/2026\/03\/IMG_1431-2-750x1125.png 750w, https:\/\/cidadecult.com.br\/wp-content\/uploads\/2026\/03\/IMG_1431-2-1140x1710.png 1140w, https:\/\/cidadecult.com.br\/wp-content\/uploads\/2026\/03\/IMG_1431-2-scaled.png 1707w\" sizes=\"auto, (max-width: 683px) 100vw, 683px\" \/><figcaption class=\"wp-element-caption\">Cr\u00e9dito \u00cdsis Dantas<\/figcaption><\/figure>\n\n\n\n<p>Segundo a <strong>19\u00aa edi\u00e7\u00e3o do Anu\u00e1rio Brasileiro de Seguran\u00e7a P\u00fablica<\/strong>, o Brasil registrou <strong>1.492 feminic\u00eddios em 2024<\/strong>, o maior n\u00famero desde a tipifica\u00e7\u00e3o do crime (2015), com predomin\u00e2ncia de ocorr\u00eancias em contexto dom\u00e9stico.<\/p>\n\n\n\n<p>A mostra conta com apoio do <strong>Sindicato dos Banc\u00e1rios<\/strong> e da <strong>Associa\u00e7\u00e3o dos Servidores do TRT-10<\/strong>, com curadoria do artista pl\u00e1stico e fot\u00f3grafo <strong>Rinaldo Morelli<\/strong>, e dialoga com outras a\u00e7\u00f5es do Tribunal no M\u00eas da Mulher, como o encontro <strong>\u201cCorpos, Vozes, Direitos \u2013 Ampliando a compreens\u00e3o sobre a viol\u00eancia dom\u00e9stica e seus impactos\u201d<\/strong>.<\/p>\n\n\n\n<p>As imagens e depoimentos tamb\u00e9m deram origem ao livro <strong>\u201cMarias\u201d<\/strong>, dispon\u00edvel para consulta na <strong>Biblioteca do TRT-10<\/strong>, no <strong>Foro Trabalhista de Bras\u00edlia<\/strong>.<\/p>\n\n\n\n<h3 class=\"wp-block-heading\">Servi\u00e7o<\/h3>\n\n\n\n<p><strong>Exposi\u00e7\u00e3o fotogr\u00e1fica \u201cMarias\u201d \u2014 \u00cdsis Dantas<\/strong><br>\ud83d\udcc5 <strong>At\u00e9 19 de mar\u00e7o<\/strong><br>\ud83d\udd58 <strong>Segunda a sexta, 9h \u00e0s 19h<\/strong><br>\ud83d\udccd <strong>TRT-10 (Edif\u00edcio-Sede), Sagu\u00e3o do Pleno \u2014 Bras\u00edlia<\/strong><br>\ud83c\udfab <strong>Entrada\/visita\u00e7\u00e3o p\u00fablica<\/strong><\/p>\n","protected":false},"excerpt":{"rendered":"<p>Foi aberta nesta ter\u00e7a-feira (4\/3), no Edif\u00edcio-Sede do Tribunal Regional do Trabalho da 10\u00aa Regi\u00e3o (TRT-10), em Bras\u00edlia, a exposi\u00e7\u00e3o fotogr\u00e1fica \u201cMarias\u201d, assinada pela jornalista e fot\u00f3grafa \u00cdsis Dantas. Integrando as a\u00e7\u00f5es institucionais do M\u00eas da Mulher, a mostra segue em cartaz at\u00e9 19 de mar\u00e7o, no Sagu\u00e3o do Pleno, com visita\u00e7\u00e3o p\u00fablica de segunda [&hellip;]<\/p>\n","protected":false},"author":777,"featured_media":16817,"comment_status":"open","ping_status":"open","sticky":false,"template":"","format":"standard","meta":{"_monsterinsights_skip_tracking":false,"_monsterinsights_sitenote_active":false,"_monsterinsights_sitenote_note":"","_monsterinsights_sitenote_category":0,"footnotes":""},"categories":[281],"tags":[6899,6021,6901,6893,6895,6754,5877,6894,6897,6900,6301,6896,6898,6902],"class_list":["post-16816","post","type-post","status-publish","format-standard","has-post-thumbnail","hentry","category-exposicao","tag-culturaembrasilia-2","tag-direitoshumanos-2","tag-enfrentamentoaviolencia","tag-exposicaoembrasilia","tag-exposicaomarias","tag-feminicidio-2","tag-fotografia-2","tag-isisdantas","tag-marias","tag-mesdamulher","tag-rededeapoio","tag-trt10","tag-violenciacontraamulher-2","tag-violenciadomestica"],"_links":{"self":[{"href":"https:\/\/cidadecult.com.br\/index.php?rest_route=\/wp\/v2\/posts\/16816","targetHints":{"allow":["GET"]}}],"collection":[{"href":"https:\/\/cidadecult.com.br\/index.php?rest_route=\/wp\/v2\/posts"}],"about":[{"href":"https:\/\/cidadecult.com.br\/index.php?rest_route=\/wp\/v2\/types\/post"}],"author":[{"embeddable":true,"href":"https:\/\/cidadecult.com.br\/index.php?rest_route=\/wp\/v2\/users\/777"}],"replies":[{"embeddable":true,"href":"https:\/\/cidadecult.com.br\/index.php?rest_route=%2Fwp%2Fv2%2Fcomments&post=16816"}],"version-history":[{"count":1,"href":"https:\/\/cidadecult.com.br\/index.php?rest_route=\/wp\/v2\/posts\/16816\/revisions"}],"predecessor-version":[{"id":16824,"href":"https:\/\/cidadecult.com.br\/index.php?rest_route=\/wp\/v2\/posts\/16816\/revisions\/16824"}],"wp:featuredmedia":[{"embeddable":true,"href":"https:\/\/cidadecult.com.br\/index.php?rest_route=\/wp\/v2\/media\/16817"}],"wp:attachment":[{"href":"https:\/\/cidadecult.com.br\/index.php?rest_route=%2Fwp%2Fv2%2Fmedia&parent=16816"}],"wp:term":[{"taxonomy":"category","embeddable":true,"href":"https:\/\/cidadecult.com.br\/index.php?rest_route=%2Fwp%2Fv2%2Fcategories&post=16816"},{"taxonomy":"post_tag","embeddable":true,"href":"https:\/\/cidadecult.com.br\/index.php?rest_route=%2Fwp%2Fv2%2Ftags&post=16816"}],"curies":[{"name":"wp","href":"https:\/\/api.w.org\/{rel}","templated":true}]}}