{"id":16813,"date":"2026-03-04T18:17:41","date_gmt":"2026-03-04T21:17:41","guid":{"rendered":"https:\/\/cidadecult.com.br\/?p=16813"},"modified":"2026-03-04T18:17:43","modified_gmt":"2026-03-04T21:17:43","slug":"nossa-galera-e-clima-de-montanha-estreiam-o-pagode-em-casa-no-parque-da-cidade-nesta-sexta-6-3","status":"publish","type":"post","link":"https:\/\/cidadecult.com.br\/?p=16813","title":{"rendered":"Nossa Galera e Clima de Montanha estreiam o \u201cPagode Em Casa\u201d no Parque da Cidade nesta sexta (6\/3)"},"content":{"rendered":"\n<p>Bras\u00edlia ganha um novo ponto de encontro para quem curte <strong>pagode de mesa<\/strong> e aquele clima de resenha entre amigos. Nesta <strong>sexta-feira, 6 de mar\u00e7o<\/strong>, os grupos <strong>Nossa Galera<\/strong> e <strong>Clima de Montanha<\/strong> comandam a <strong>primeira edi\u00e7\u00e3o do projeto \u201cPagode Em Casa\u201d<\/strong>, que estreia dentro do <strong>Festival Em Casa<\/strong>, no <strong>estacionamento 10 do Parque da Cidade<\/strong>.<\/p>\n\n\n\n<p>A proposta \u00e9 simples e certeira: <strong>energia de pagode raiz<\/strong>, com <strong>roda de samba<\/strong>, coro do p\u00fablico e uma atmosfera de proximidade entre artistas e plateia \u2014 tudo pensado para uma experi\u00eancia mais confort\u00e1vel e com cara de \u201ccasa\u201d, mirando especialmente o p\u00fablico <strong>entre 25 e 35 anos<\/strong>.<\/p>\n\n\n\n<p>Al\u00e9m dos shows, <strong>DJs locais<\/strong> completam o line-up, costurando a noite com sets que mant\u00eam o astral do encontro. A programa\u00e7\u00e3o come\u00e7a cedo, <strong>\u00e0s 19h<\/strong>, para quem prefere chegar com calma, e segue <strong>at\u00e9 2h<\/strong>.<\/p>\n\n\n\n<h3 class=\"wp-block-heading\">Servi\u00e7o \u2014 Pagode Em Casa (estreia)<\/h3>\n\n\n\n<p>\ud83d\udcc5 <strong>Data:<\/strong> 6 de mar\u00e7o (sexta-feira)<br>\ud83d\udd56 <strong>Hor\u00e1rio:<\/strong> a partir das 19h (at\u00e9 2h)<br>\ud83d\udccd <strong>Local:<\/strong> Festival Em Casa \u2014 Parque da Cidade (entrada pelo <strong>Estacionamento 10<\/strong>)<br>\ud83c\udfa4 <strong>Atra\u00e7\u00f5es:<\/strong> Nossa Galera, Clima de Montanha e DJs convidados<br>\ud83d\udd1e <strong>Classifica\u00e7\u00e3o:<\/strong> 18 anos<br>\u2139\ufe0f <strong>Informa\u00e7\u00f5es:<\/strong> @festivalemcasabrasilia<\/p>\n","protected":false},"excerpt":{"rendered":"<p>Bras\u00edlia ganha um novo ponto de encontro para quem curte pagode de mesa e aquele clima de resenha entre amigos. Nesta sexta-feira, 6 de mar\u00e7o, os grupos Nossa Galera e Clima de Montanha comandam a primeira edi\u00e7\u00e3o do projeto \u201cPagode Em Casa\u201d, que estreia dentro do Festival Em Casa, no estacionamento 10 do Parque da [&hellip;]<\/p>\n","protected":false},"author":777,"featured_media":16814,"comment_status":"open","ping_status":"open","sticky":false,"template":"","format":"standard","meta":{"_monsterinsights_skip_tracking":false,"_monsterinsights_sitenote_active":false,"_monsterinsights_sitenote_note":"","_monsterinsights_sitenote_category":0,"footnotes":""},"categories":[35],"tags":[6365,147,6883,6892,6889,6887,6800,6891,6886,6888,6885,6882,3432,6884,6890,517],"class_list":["post-16813","post","type-post","status-publish","format-standard","has-post-thumbnail","hentry","category-business-news365","tag-agendacultural-2","tag-brasilia-2","tag-climademontanha","tag-djslocais","tag-eventosdf","tag-festivalemcasa","tag-musicaaovivo-2","tag-noiteembrasilia","tag-nossagalera","tag-pagode","tag-pagodedemesa","tag-pagodeemcasa","tag-parquedacidade-2","tag-rodadesamba","tag-roleembrasilia","tag-samba"],"_links":{"self":[{"href":"https:\/\/cidadecult.com.br\/index.php?rest_route=\/wp\/v2\/posts\/16813","targetHints":{"allow":["GET"]}}],"collection":[{"href":"https:\/\/cidadecult.com.br\/index.php?rest_route=\/wp\/v2\/posts"}],"about":[{"href":"https:\/\/cidadecult.com.br\/index.php?rest_route=\/wp\/v2\/types\/post"}],"author":[{"embeddable":true,"href":"https:\/\/cidadecult.com.br\/index.php?rest_route=\/wp\/v2\/users\/777"}],"replies":[{"embeddable":true,"href":"https:\/\/cidadecult.com.br\/index.php?rest_route=%2Fwp%2Fv2%2Fcomments&post=16813"}],"version-history":[{"count":1,"href":"https:\/\/cidadecult.com.br\/index.php?rest_route=\/wp\/v2\/posts\/16813\/revisions"}],"predecessor-version":[{"id":16815,"href":"https:\/\/cidadecult.com.br\/index.php?rest_route=\/wp\/v2\/posts\/16813\/revisions\/16815"}],"wp:featuredmedia":[{"embeddable":true,"href":"https:\/\/cidadecult.com.br\/index.php?rest_route=\/wp\/v2\/media\/16814"}],"wp:attachment":[{"href":"https:\/\/cidadecult.com.br\/index.php?rest_route=%2Fwp%2Fv2%2Fmedia&parent=16813"}],"wp:term":[{"taxonomy":"category","embeddable":true,"href":"https:\/\/cidadecult.com.br\/index.php?rest_route=%2Fwp%2Fv2%2Fcategories&post=16813"},{"taxonomy":"post_tag","embeddable":true,"href":"https:\/\/cidadecult.com.br\/index.php?rest_route=%2Fwp%2Fv2%2Ftags&post=16813"}],"curies":[{"name":"wp","href":"https:\/\/api.w.org\/{rel}","templated":true}]}}