{"id":16808,"date":"2026-03-04T18:12:30","date_gmt":"2026-03-04T21:12:30","guid":{"rendered":"https:\/\/cidadecult.com.br\/?p=16808"},"modified":"2026-03-04T18:14:41","modified_gmt":"2026-03-04T21:14:41","slug":"radio-cultura-fm-celebra-o-dia-nacional-da-musica-classica-com-programacao-especial-nesta-quinta-5-3","status":"publish","type":"post","link":"https:\/\/cidadecult.com.br\/?p=16808","title":{"rendered":"R\u00e1dio Cultura FM celebra o Dia Nacional da M\u00fasica Cl\u00e1ssica com programa\u00e7\u00e3o especial nesta quinta (5\/3)"},"content":{"rendered":"\n<p>A R\u00e1dio Cultura FM (103,3 MHz) prepara uma programa\u00e7\u00e3o especial para o <strong>Dia Nacional da M\u00fasica Cl\u00e1ssica<\/strong>, celebrado nesta <strong>quinta-feira, 5 de mar\u00e7o<\/strong>. Ao longo do dia, os programas da emissora refor\u00e7am a divulga\u00e7\u00e3o da <strong>m\u00fasica cl\u00e1ssica brasileira<\/strong>, com repert\u00f3rio dedicado a compositores fundamentais da nossa hist\u00f3ria musical.<\/p>\n\n\n\n<p>A data tamb\u00e9m marca o anivers\u00e1rio de <strong>Heitor Villa-Lobos (1887\u20131959)<\/strong>, um dos nomes mais influentes da m\u00fasica brasileira e mundial. Al\u00e9m dele, a programa\u00e7\u00e3o destaca obras de <strong>Ronaldo Miranda, Camargo Guarnieri, Jos\u00e9 Maur\u00edcio Nunes Garcia, Carlos Gomes, Alberto Nepomuceno, Guerra-Peixe, Henrique Oswald, Francisco Mignone<\/strong> e <strong>Edmundo Villani-C\u00f4rtes<\/strong>, entre outros.<\/p>\n\n\n\n<h3 class=\"wp-block-heading\">Destaques do dia na Cultura FM<\/h3>\n\n\n\n<p><strong>14h \u2014 Tarde Cultura<\/strong><br>O programa abre a programa\u00e7\u00e3o especial com <strong>depoimentos<\/strong> sobre a import\u00e2ncia de Villa-Lobos, a riqueza do repert\u00f3rio nacional e o valor simb\u00f3lico da data. Participam: <strong>Heloisa Fischer<\/strong> (comunicadora e editora da revista <em>Viva M\u00fasica!<\/em>), o violonista e regente <strong>F\u00e1bio Zanon<\/strong>, a cantora l\u00edrica e professora <strong>Rosana Lamosa<\/strong>, os professores da USP <strong>Paulo de Tarso Salles<\/strong> e <strong>Rubens Russomanno Ricciardi<\/strong>, e a cravista <strong>Rosana Lanzelotte<\/strong>, criadora do portal <strong>Musica Brasilis<\/strong>.<\/p>\n\n\n\n<p><strong>17h \u2014 Fim de Tarde (com Julio Medaglia)<\/strong><br>O maestro <strong>Julio Medaglia<\/strong> conduz um roteiro que percorre diferentes per\u00edodos e autores, com refer\u00eancias a nomes como <strong>Lobo de Mesquita<\/strong> (barroco mineiro), <strong>D. Pedro I<\/strong>, al\u00e9m de <strong>Carlos Gomes, Nepomuceno<\/strong> e <strong>Villa-Lobos<\/strong>.<\/p>\n\n\n\n<p><strong>22h \u2014 Emp\u00f3rio Musical (com Irineu Franco Perp\u00e9tuo)<\/strong><br>\u00c0 noite, o jornalista <strong>Irineu Franco Perp\u00e9tuo<\/strong> amplia o panorama com outros destaques e lembra a origem da efem\u00e9ride: segundo ele, o <strong>Dia Nacional da M\u00fasica Cl\u00e1ssica<\/strong> surgiu ap\u00f3s uma enquete da revista <em>Viva M\u00fasica!<\/em>, em <strong>2005<\/strong>, que discutiu qual anivers\u00e1rio de compositor deveria fixar a celebra\u00e7\u00e3o (com <strong>Villa-Lobos, Carlos Gomes<\/strong> e <strong>Jos\u00e9 Maur\u00edcio<\/strong> entre as op\u00e7\u00f5es). O programa inclui ainda <strong>\u201cConstellation\u201d (2023)<\/strong>, da compositora brasileira <strong>Clarice Assad<\/strong>.<\/p>\n\n\n\n<h3 class=\"wp-block-heading\">Servi\u00e7o<\/h3>\n\n\n\n<p><strong>Dia Nacional da M\u00fasica Cl\u00e1ssica na Cultura FM<\/strong><br>\ud83d\udcc5 <strong>5 de mar\u00e7o<\/strong><br>\ud83d\udd57 <strong>das 7h \u00e0s 18h<\/strong> e <strong>das 22h \u00e0s 23h<\/strong><br>\ud83d\udcfb <strong>R\u00e1dio Cultura FM \u2014 103,3 MHz<\/strong><\/p>\n","protected":false},"excerpt":{"rendered":"<p>A R\u00e1dio Cultura FM (103,3 MHz) prepara uma programa\u00e7\u00e3o especial para o Dia Nacional da M\u00fasica Cl\u00e1ssica, celebrado nesta quinta-feira, 5 de mar\u00e7o. Ao longo do dia, os programas da emissora refor\u00e7am a divulga\u00e7\u00e3o da m\u00fasica cl\u00e1ssica brasileira, com repert\u00f3rio dedicado a compositores fundamentais da nossa hist\u00f3ria musical. A data tamb\u00e9m marca o anivers\u00e1rio de [&hellip;]<\/p>\n","protected":false},"author":777,"featured_media":16809,"comment_status":"open","ping_status":"open","sticky":false,"template":"","format":"standard","meta":{"_monsterinsights_skip_tracking":false,"_monsterinsights_sitenote_active":false,"_monsterinsights_sitenote_note":"","_monsterinsights_sitenote_category":0,"footnotes":""},"categories":[35],"tags":[6872,6865,6873,6875,134,6866,6868,6869,6870,6877,6879,6874,6880,6878,6867,6863,6881,6864,6871,5925,6876],"class_list":["post-16808","post","type-post","status-publish","format-standard","has-post-thumbnail","hentry","category-business-news365","tag-albertonepomuceno","tag-camargoguarnieri","tag-carlosgomes","tag-clariceassad","tag-cultura","tag-culturafm","tag-dianacionaldamusicaclassica","tag-franciscomignone","tag-guerrapeixe","tag-henriqueoswald","tag-irineufrancoperpetuo","tag-josemauricionunesgarcia","tag-juliomedaglia","tag-musicabrasilis","tag-musicaclassica-3","tag-musicaclassicabrasileira","tag-radio-2","tag-radioculturafm","tag-ronaldomiranda","tag-villalobos","tag-villanicortes"],"_links":{"self":[{"href":"https:\/\/cidadecult.com.br\/index.php?rest_route=\/wp\/v2\/posts\/16808","targetHints":{"allow":["GET"]}}],"collection":[{"href":"https:\/\/cidadecult.com.br\/index.php?rest_route=\/wp\/v2\/posts"}],"about":[{"href":"https:\/\/cidadecult.com.br\/index.php?rest_route=\/wp\/v2\/types\/post"}],"author":[{"embeddable":true,"href":"https:\/\/cidadecult.com.br\/index.php?rest_route=\/wp\/v2\/users\/777"}],"replies":[{"embeddable":true,"href":"https:\/\/cidadecult.com.br\/index.php?rest_route=%2Fwp%2Fv2%2Fcomments&post=16808"}],"version-history":[{"count":1,"href":"https:\/\/cidadecult.com.br\/index.php?rest_route=\/wp\/v2\/posts\/16808\/revisions"}],"predecessor-version":[{"id":16810,"href":"https:\/\/cidadecult.com.br\/index.php?rest_route=\/wp\/v2\/posts\/16808\/revisions\/16810"}],"wp:featuredmedia":[{"embeddable":true,"href":"https:\/\/cidadecult.com.br\/index.php?rest_route=\/wp\/v2\/media\/16809"}],"wp:attachment":[{"href":"https:\/\/cidadecult.com.br\/index.php?rest_route=%2Fwp%2Fv2%2Fmedia&parent=16808"}],"wp:term":[{"taxonomy":"category","embeddable":true,"href":"https:\/\/cidadecult.com.br\/index.php?rest_route=%2Fwp%2Fv2%2Fcategories&post=16808"},{"taxonomy":"post_tag","embeddable":true,"href":"https:\/\/cidadecult.com.br\/index.php?rest_route=%2Fwp%2Fv2%2Ftags&post=16808"}],"curies":[{"name":"wp","href":"https:\/\/api.w.org\/{rel}","templated":true}]}}