{"id":16788,"date":"2026-03-03T17:33:50","date_gmt":"2026-03-03T20:33:50","guid":{"rendered":"https:\/\/cidadecult.com.br\/?p=16788"},"modified":"2026-03-03T17:33:52","modified_gmt":"2026-03-03T20:33:52","slug":"rio-artes-2026-projeta-r-10-milhoes-em-negocios-e-reforca-o-peso-da-economia-criativa-no-rj","status":"publish","type":"post","link":"https:\/\/cidadecult.com.br\/?p=16788","title":{"rendered":"Rio Artes 2026 projeta R$ 10 milh\u00f5es em neg\u00f3cios e refor\u00e7a o peso da economia criativa no RJ"},"content":{"rendered":"\n<p>A <strong>Rio Artes<\/strong> chega \u00e0 <strong>18\u00aa edi\u00e7\u00e3o<\/strong> consolidada como uma das principais plataformas de <strong>capacita\u00e7\u00e3o e neg\u00f3cios<\/strong> da economia criativa fluminense. De <strong>8 a 12 de abril de 2026<\/strong>, a feira ocupa a <strong>ExpoRio Cidade Nova<\/strong>, na regi\u00e3o central do Rio, com expectativa de movimentar <strong>cerca de R$ 10 milh\u00f5es<\/strong> somando as fases de prepara\u00e7\u00e3o, realiza\u00e7\u00e3o e p\u00f3s-evento.<\/p>\n\n\n\n<p>Ao reunir <strong>artesanato, moda, decora\u00e7\u00e3o, gastronomia, bem-estar<\/strong> e uma programa\u00e7\u00e3o voltada \u00e0 <strong>forma\u00e7\u00e3o empreendedora<\/strong>, o evento amplia o que j\u00e1 \u00e9 sua marca: ser um ponto de encontro entre quem produz, quem ensina e quem compra \u2014 conectando t\u00e9cnica, tend\u00eancias e oportunidades em um mesmo ambiente.<\/p>\n\n\n\n<p>Com hist\u00f3rico de grande p\u00fablico ao longo dos anos, a Rio Artes vem apostando cada vez mais na valoriza\u00e7\u00e3o do <strong>feito \u00e0 m\u00e3o<\/strong> e do <strong>produto autoral<\/strong> \u2014 justamente em um momento em que a produ\u00e7\u00e3o automatizada cresce e o consumidor busca itens com identidade, hist\u00f3ria e prop\u00f3sito. Essa virada tamb\u00e9m se reflete na grade de atividades, que inclui t\u00e9cnicas e linguagens como pintura, cer\u00e2mica, croch\u00ea e tric\u00f4 (incluindo amigurumi), biscuit, resina, macram\u00ea, moda sustent\u00e1vel, tingimentos, desenho, aquarela, colagem, sabonetes, velas e aulas-show de confeitaria e gastronomia.<\/p>\n\n\n\n<h3 class=\"wp-block-heading\">Novidades de 2026: mais qualifica\u00e7\u00e3o e espa\u00e7o para novos talentos<\/h3>\n\n\n\n<p>A edi\u00e7\u00e3o 2026 refor\u00e7a o eixo de forma\u00e7\u00e3o com <strong>novos ambientes dedicados \u00e0 capacita\u00e7\u00e3o<\/strong>, como o <strong>Ateli\u00ea da Moda<\/strong> e o <strong>Ateli\u00ea da Confeitaria<\/strong>, al\u00e9m do <strong>Espa\u00e7o Teens<\/strong>, voltado \u00e0 nova gera\u00e7\u00e3o criativa.<\/p>\n\n\n\n<p>A feira tamb\u00e9m prev\u00ea conex\u00f5es institucionais e de mercado com a presen\u00e7a de entidades e marcas do setor, al\u00e9m de a\u00e7\u00f5es com poder p\u00fablico e iniciativas de interc\u00e2mbio, ampliando trocas culturais e comerciais no ecossistema criativo.<\/p>\n\n\n\n<hr class=\"wp-block-separator has-alpha-channel-opacity\"\/>\n\n\n\n<h2 class=\"wp-block-heading\">Servi\u00e7o<\/h2>\n\n\n\n<p><strong>Rio Artes 2026 (18\u00aa edi\u00e7\u00e3o)<\/strong><br>\ud83d\udccd <strong>Local:<\/strong> ExpoRio Cidade Nova \u2014 Cidade Nova, Rio de Janeiro (RJ)<br>\ud83d\udcc5 <strong>Data:<\/strong> <strong>08 a 12 de abril de 2026<\/strong><br>\ud83c\udf9f\ufe0f <strong>Ingressos:<\/strong> <strong>R$ 30 (inteira)<\/strong> | <strong>R$ 15 (meia)<\/strong><br>\ud83d\udc67 <strong>Classifica\u00e7\u00e3o:<\/strong> a partir de <strong>8 anos<\/strong><br>\u2139\ufe0f <strong>Mais informa\u00e7\u00f5es:<\/strong> canais oficiais da Feira Rio Artes (site e redes)<\/p>\n","protected":false},"excerpt":{"rendered":"<p>A Rio Artes chega \u00e0 18\u00aa edi\u00e7\u00e3o consolidada como uma das principais plataformas de capacita\u00e7\u00e3o e neg\u00f3cios da economia criativa fluminense. De 8 a 12 de abril de 2026, a feira ocupa a ExpoRio Cidade Nova, na regi\u00e3o central do Rio, com expectativa de movimentar cerca de R$ 10 milh\u00f5es somando as fases de prepara\u00e7\u00e3o, [&hellip;]<\/p>\n","protected":false},"author":777,"featured_media":16802,"comment_status":"open","ping_status":"open","sticky":false,"template":"","format":"standard","meta":{"_monsterinsights_skip_tracking":false,"_monsterinsights_sitenote_active":false,"_monsterinsights_sitenote_note":"","_monsterinsights_sitenote_category":0,"footnotes":""},"categories":[2577],"tags":[6852,6860,6859,6853,134,6857,6856,6855,6861,6854,366,6858,6862,6850,6851,415],"class_list":["post-16788","post","type-post","status-publish","format-standard","has-post-thumbnail","hentry","category-empreendedorismo","tag-artesanato-2","tag-ateliedaconfeitaria","tag-ateliedamoda","tag-confeitaria-2","tag-cultura","tag-decoracao-2","tag-economiacriativa-2","tag-empreendedorismocriativo","tag-exporiocidadenova","tag-feitoamao","tag-gastronomia","tag-modaautoral","tag-pequenosnegocios","tag-rioartes","tag-rioartes2026","tag-riodejaneiro"],"_links":{"self":[{"href":"https:\/\/cidadecult.com.br\/index.php?rest_route=\/wp\/v2\/posts\/16788","targetHints":{"allow":["GET"]}}],"collection":[{"href":"https:\/\/cidadecult.com.br\/index.php?rest_route=\/wp\/v2\/posts"}],"about":[{"href":"https:\/\/cidadecult.com.br\/index.php?rest_route=\/wp\/v2\/types\/post"}],"author":[{"embeddable":true,"href":"https:\/\/cidadecult.com.br\/index.php?rest_route=\/wp\/v2\/users\/777"}],"replies":[{"embeddable":true,"href":"https:\/\/cidadecult.com.br\/index.php?rest_route=%2Fwp%2Fv2%2Fcomments&post=16788"}],"version-history":[{"count":1,"href":"https:\/\/cidadecult.com.br\/index.php?rest_route=\/wp\/v2\/posts\/16788\/revisions"}],"predecessor-version":[{"id":16803,"href":"https:\/\/cidadecult.com.br\/index.php?rest_route=\/wp\/v2\/posts\/16788\/revisions\/16803"}],"wp:featuredmedia":[{"embeddable":true,"href":"https:\/\/cidadecult.com.br\/index.php?rest_route=\/wp\/v2\/media\/16802"}],"wp:attachment":[{"href":"https:\/\/cidadecult.com.br\/index.php?rest_route=%2Fwp%2Fv2%2Fmedia&parent=16788"}],"wp:term":[{"taxonomy":"category","embeddable":true,"href":"https:\/\/cidadecult.com.br\/index.php?rest_route=%2Fwp%2Fv2%2Fcategories&post=16788"},{"taxonomy":"post_tag","embeddable":true,"href":"https:\/\/cidadecult.com.br\/index.php?rest_route=%2Fwp%2Fv2%2Ftags&post=16788"}],"curies":[{"name":"wp","href":"https:\/\/api.w.org\/{rel}","templated":true}]}}