{"id":16770,"date":"2026-03-03T16:48:22","date_gmt":"2026-03-03T19:48:22","guid":{"rendered":"https:\/\/cidadecult.com.br\/?p=16770"},"modified":"2026-03-03T16:49:09","modified_gmt":"2026-03-03T19:49:09","slug":"adelia-prado-e-12-poetas-brasileiras-se-unem-em-antologia-pioneira-organizada-por-mulher-indigena","status":"publish","type":"post","link":"https:\/\/cidadecult.com.br\/?p=16770","title":{"rendered":"Ad\u00e9lia Prado e 12 poetas brasileiras se unem em antologia pioneira organizada por mulher ind\u00edgena"},"content":{"rendered":"\n<p>A poesia como gesto de resist\u00eancia, mem\u00f3ria e futuro. \u00c9 com esse esp\u00edrito que nasce <strong>\u201cTreze Mulheres Contempor\u00e2neas, Treze Poemas Cada\u201d<\/strong>, antologia que re\u00fane <strong>Ad\u00e9lia Prado<\/strong> \u2014 uma das vozes mais celebradas da literatura brasileira \u2014 e outras <strong>12 poetas contempor\u00e2neas<\/strong> de diferentes regi\u00f5es, gera\u00e7\u00f5es e identidades.<\/p>\n\n\n\n<p>O livro marca um feito in\u00e9dito no pa\u00eds: <strong>\u00e9 a primeira vez que uma antologia de poesia feminista brasileira \u00e9 organizada por uma mulher ind\u00edgena<\/strong>, a poeta e educadora <strong>M\u00e1rcia Mura<\/strong>. A publica\u00e7\u00e3o sai pela <strong>Georgois Livros<\/strong>, com edi\u00e7\u00e3o de <strong>Aaron Salles Torres<\/strong>, e ser\u00e1 lan\u00e7ada em <strong>5 de mar\u00e7o<\/strong>, \u00e0s <strong>19h<\/strong>, no <strong>Caf\u00e9 Doce Lembran\u00e7a<\/strong>, em <strong>Campo Grande (MS)<\/strong>, com <strong>entrada gratuita<\/strong>.<\/p>\n\n\n\n<figure class=\"wp-block-image size-large\"><img loading=\"lazy\" decoding=\"async\" width=\"722\" height=\"1024\" src=\"https:\/\/cidadecult.com.br\/wp-content\/uploads\/2026\/03\/Capa-do-livro-Treze-Mulheres-Treze-Poemas-Cada-722x1024.jpeg\" alt=\"\" class=\"wp-image-16781\" srcset=\"https:\/\/cidadecult.com.br\/wp-content\/uploads\/2026\/03\/Capa-do-livro-Treze-Mulheres-Treze-Poemas-Cada-722x1024.jpeg 722w, https:\/\/cidadecult.com.br\/wp-content\/uploads\/2026\/03\/Capa-do-livro-Treze-Mulheres-Treze-Poemas-Cada-212x300.jpeg 212w, https:\/\/cidadecult.com.br\/wp-content\/uploads\/2026\/03\/Capa-do-livro-Treze-Mulheres-Treze-Poemas-Cada-768x1089.jpeg 768w, https:\/\/cidadecult.com.br\/wp-content\/uploads\/2026\/03\/Capa-do-livro-Treze-Mulheres-Treze-Poemas-Cada-1083x1536.jpeg 1083w, https:\/\/cidadecult.com.br\/wp-content\/uploads\/2026\/03\/Capa-do-livro-Treze-Mulheres-Treze-Poemas-Cada-750x1064.jpeg 750w, https:\/\/cidadecult.com.br\/wp-content\/uploads\/2026\/03\/Capa-do-livro-Treze-Mulheres-Treze-Poemas-Cada.jpeg 1128w\" sizes=\"auto, (max-width: 722px) 100vw, 722px\" \/><\/figure>\n\n\n\n<h3 class=\"wp-block-heading\">Diversidade de vozes, um mesmo pulso: n\u00e3o aceitar imposi\u00e7\u00f5es<\/h3>\n\n\n\n<p>A antologia prop\u00f5e um coro de experi\u00eancias que atravessam o Brasil contempor\u00e2neo: <strong>poetas ind\u00edgenas, negras, \u00e1rabes, judias e ciganas<\/strong>, entre outras identidades e pertencimentos, compondo um mosaico liter\u00e1rio que evidencia dores, den\u00fancias, afetos e formas de seguir em frente.<\/p>\n\n\n\n<figure class=\"wp-block-image size-large\"><img loading=\"lazy\" decoding=\"async\" width=\"1024\" height=\"965\" src=\"https:\/\/cidadecult.com.br\/wp-content\/uploads\/2026\/03\/Marcia-Mura-Creditos_-Marcia-Nunes-Maciel-1024x965.jpg\" alt=\"\" class=\"wp-image-16778\" srcset=\"https:\/\/cidadecult.com.br\/wp-content\/uploads\/2026\/03\/Marcia-Mura-Creditos_-Marcia-Nunes-Maciel-1024x965.jpg 1024w, https:\/\/cidadecult.com.br\/wp-content\/uploads\/2026\/03\/Marcia-Mura-Creditos_-Marcia-Nunes-Maciel-300x283.jpg 300w, https:\/\/cidadecult.com.br\/wp-content\/uploads\/2026\/03\/Marcia-Mura-Creditos_-Marcia-Nunes-Maciel-768x724.jpg 768w, https:\/\/cidadecult.com.br\/wp-content\/uploads\/2026\/03\/Marcia-Mura-Creditos_-Marcia-Nunes-Maciel-1536x1448.jpg 1536w, https:\/\/cidadecult.com.br\/wp-content\/uploads\/2026\/03\/Marcia-Mura-Creditos_-Marcia-Nunes-Maciel-750x707.jpg 750w, https:\/\/cidadecult.com.br\/wp-content\/uploads\/2026\/03\/Marcia-Mura-Creditos_-Marcia-Nunes-Maciel-1140x1074.jpg 1140w, https:\/\/cidadecult.com.br\/wp-content\/uploads\/2026\/03\/Marcia-Mura-Creditos_-Marcia-Nunes-Maciel.jpg 1600w\" sizes=\"auto, (max-width: 1024px) 100vw, 1024px\" \/><figcaption class=\"wp-element-caption\">M\u00e1rcia Mura (Divulga\u00e7\u00e3o)<\/figcaption><\/figure>\n\n\n\n<p>Para <strong>M\u00e1rcia Mura<\/strong>, o elo entre as 13 autoras est\u00e1 na coragem de recusar a desumaniza\u00e7\u00e3o em suas m\u00faltiplas formas. Em seus poemas, aparecem \u201ca viol\u00eancia denunciada, a dor, a revolta e a for\u00e7a\u201d \u2014 com a mem\u00f3ria de quem veio antes funcionando como motor de perman\u00eancia e reinven\u00e7\u00e3o.<\/p>\n\n\n\n<p>A sele\u00e7\u00e3o re\u00fane poetas nascidas entre <strong>1930 e 2002<\/strong>, o que amplia a leitura geracional do presente: a experi\u00eancia de quem abriu caminhos dialoga com quem ainda os est\u00e1 rompendo \u2014 sem perder o compromisso com o agora.<\/p>\n\n\n\n<h3 class=\"wp-block-heading\">Uma pesquisa de mais de um ano e um recorte com posi\u00e7\u00e3o<\/h3>\n\n\n\n<p>A curadoria levou <strong>mais de um ano<\/strong> e partiu de crit\u00e9rios que, segundo o editor <strong>Aaron Salles Torres<\/strong>, buscam autoras que avancem formas e conceitos associados ao Modernismo e que relacionem o debate identit\u00e1rio a uma dimens\u00e3o coletiva de luta social. O resultado \u00e9 um livro que valoriza a pluralidade sem dissolver o sentido de comunidade \u2014 e que aposta na literatura como ferramenta de consci\u00eancia e emancipa\u00e7\u00e3o.<\/p>\n\n\n\n<h3 class=\"wp-block-heading\">Quem escreve \u201cTreze Mulheres\u2026\u201d<\/h3>\n\n\n\n<figure class=\"wp-block-image size-large\"><img loading=\"lazy\" decoding=\"async\" width=\"768\" height=\"1024\" src=\"https:\/\/cidadecult.com.br\/wp-content\/uploads\/2026\/03\/Adelia-Prado-Creditos_-Divulgacao-768x1024.jpg\" alt=\"\" class=\"wp-image-16779\" srcset=\"https:\/\/cidadecult.com.br\/wp-content\/uploads\/2026\/03\/Adelia-Prado-Creditos_-Divulgacao-768x1024.jpg 768w, https:\/\/cidadecult.com.br\/wp-content\/uploads\/2026\/03\/Adelia-Prado-Creditos_-Divulgacao-225x300.jpg 225w, https:\/\/cidadecult.com.br\/wp-content\/uploads\/2026\/03\/Adelia-Prado-Creditos_-Divulgacao-1153x1536.jpg 1153w, https:\/\/cidadecult.com.br\/wp-content\/uploads\/2026\/03\/Adelia-Prado-Creditos_-Divulgacao-1537x2048.jpg 1537w, https:\/\/cidadecult.com.br\/wp-content\/uploads\/2026\/03\/Adelia-Prado-Creditos_-Divulgacao-750x1000.jpg 750w, https:\/\/cidadecult.com.br\/wp-content\/uploads\/2026\/03\/Adelia-Prado-Creditos_-Divulgacao-1140x1519.jpg 1140w, https:\/\/cidadecult.com.br\/wp-content\/uploads\/2026\/03\/Adelia-Prado-Creditos_-Divulgacao-scaled.jpg 1921w\" sizes=\"auto, (max-width: 768px) 100vw, 768px\" \/><figcaption class=\"wp-element-caption\">Ad\u00e9lia Prado (Divulga\u00e7\u00e3o)<\/figcaption><\/figure>\n\n\n\n<p>Ao lado de <strong>Ad\u00e9lia Prado<\/strong>, est\u00e3o: <strong>Gleycielli Nonato Guat\u00f3, Val Souza, \u00c9rica Z\u00edngano, T\u00e2nia Rego, Dalva Agne Lynch, Layla de Guadalupe, Flora Thom\u00e9, Paula M\u00e1iran, Lama, Kimani, Sara Kali e Renata Machado Tupinamb\u00e1<\/strong>.<\/p>\n\n\n\n<figure class=\"wp-block-image size-large\"><img loading=\"lazy\" decoding=\"async\" width=\"576\" height=\"1024\" src=\"https:\/\/cidadecult.com.br\/wp-content\/uploads\/2026\/03\/Layla-de-Guadalupe-Creditos_-Divulgacao-576x1024.jpg\" alt=\"\" class=\"wp-image-16780\" srcset=\"https:\/\/cidadecult.com.br\/wp-content\/uploads\/2026\/03\/Layla-de-Guadalupe-Creditos_-Divulgacao-576x1024.jpg 576w, https:\/\/cidadecult.com.br\/wp-content\/uploads\/2026\/03\/Layla-de-Guadalupe-Creditos_-Divulgacao-169x300.jpg 169w, https:\/\/cidadecult.com.br\/wp-content\/uploads\/2026\/03\/Layla-de-Guadalupe-Creditos_-Divulgacao-768x1366.jpg 768w, https:\/\/cidadecult.com.br\/wp-content\/uploads\/2026\/03\/Layla-de-Guadalupe-Creditos_-Divulgacao-864x1536.jpg 864w, https:\/\/cidadecult.com.br\/wp-content\/uploads\/2026\/03\/Layla-de-Guadalupe-Creditos_-Divulgacao-750x1334.jpg 750w, https:\/\/cidadecult.com.br\/wp-content\/uploads\/2026\/03\/Layla-de-Guadalupe-Creditos_-Divulgacao.jpg 899w\" sizes=\"auto, (max-width: 576px) 100vw, 576px\" \/><figcaption class=\"wp-element-caption\">Layla de Guadalupe (Divulga\u00e7\u00e3o)<\/figcaption><\/figure>\n\n\n\n<h3 class=\"wp-block-heading\">Sobre a organizadora<\/h3>\n\n\n\n<p><strong>M\u00e1rcia Mura<\/strong> \u00e9 educadora, pesquisadora, escritora e <strong>doutora em Hist\u00f3ria Social pela USP<\/strong>. Nascida em Porto Velho (RO), trabalha a pedagogia da afirma\u00e7\u00e3o ind\u00edgena a partir das viv\u00eancias no territ\u00f3rio. \u00c9 autora de <strong>\u201cO Espa\u00e7o Lembrado\u201d (2013)<\/strong>, <strong>\u201cO Curumim do Rio do Machado\u201d (2021)<\/strong> e <strong>\u201cTecendo Fios de Mem\u00f3rias Mura\u201d (2022)<\/strong>, e integra colet\u00e2neas como <strong>\u201cAs 29 Poetas Hoje\u201d (2021)<\/strong> e <strong>\u201corigin\u00e1rias\u201d (2023)<\/strong>.<\/p>\n\n\n\n<hr class=\"wp-block-separator has-alpha-channel-opacity\"\/>\n\n\n\n<h2 class=\"wp-block-heading\">Servi\u00e7o<\/h2>\n\n\n\n<p><strong>Lan\u00e7amento do livro \u201cTreze Mulheres Contempor\u00e2neas: Treze Poemas Cada\u201d<\/strong><br>\ud83d\udcc5 <strong>Data:<\/strong> 5 de mar\u00e7o<br>\ud83d\udd56 <strong>Hor\u00e1rio:<\/strong> 19h<br>\ud83d\udccd <strong>Local:<\/strong> Caf\u00e9 Doce Lembran\u00e7a \u2014 <strong>Rua Dom Aquino, 2055 (Centro), Campo Grande (MS)<\/strong><br>\ud83c\udf9f\ufe0f <strong>Entrada:<\/strong> Gratuita<br>\ud83d\udd13 <strong>Classifica\u00e7\u00e3o:<\/strong> Livre<\/p>\n","protected":false},"excerpt":{"rendered":"<p>A poesia como gesto de resist\u00eancia, mem\u00f3ria e futuro. \u00c9 com esse esp\u00edrito que nasce \u201cTreze Mulheres Contempor\u00e2neas, Treze Poemas Cada\u201d, antologia que re\u00fane Ad\u00e9lia Prado \u2014 uma das vozes mais celebradas da literatura brasileira \u2014 e outras 12 poetas contempor\u00e2neas de diferentes regi\u00f5es, gera\u00e7\u00f5es e identidades. O livro marca um feito in\u00e9dito no pa\u00eds: [&hellip;]<\/p>\n","protected":false},"author":777,"featured_media":16778,"comment_status":"open","ping_status":"open","sticky":false,"template":"","format":"standard","meta":{"_monsterinsights_skip_tracking":false,"_monsterinsights_sitenote_active":false,"_monsterinsights_sitenote_note":"","_monsterinsights_sitenote_category":0,"footnotes":""},"categories":[300,1],"tags":[],"class_list":["post-16770","post","type-post","status-publish","format-standard","has-post-thumbnail","hentry","category-literatura","category-sem-categoria"],"_links":{"self":[{"href":"https:\/\/cidadecult.com.br\/index.php?rest_route=\/wp\/v2\/posts\/16770","targetHints":{"allow":["GET"]}}],"collection":[{"href":"https:\/\/cidadecult.com.br\/index.php?rest_route=\/wp\/v2\/posts"}],"about":[{"href":"https:\/\/cidadecult.com.br\/index.php?rest_route=\/wp\/v2\/types\/post"}],"author":[{"embeddable":true,"href":"https:\/\/cidadecult.com.br\/index.php?rest_route=\/wp\/v2\/users\/777"}],"replies":[{"embeddable":true,"href":"https:\/\/cidadecult.com.br\/index.php?rest_route=%2Fwp%2Fv2%2Fcomments&post=16770"}],"version-history":[{"count":1,"href":"https:\/\/cidadecult.com.br\/index.php?rest_route=\/wp\/v2\/posts\/16770\/revisions"}],"predecessor-version":[{"id":16790,"href":"https:\/\/cidadecult.com.br\/index.php?rest_route=\/wp\/v2\/posts\/16770\/revisions\/16790"}],"wp:featuredmedia":[{"embeddable":true,"href":"https:\/\/cidadecult.com.br\/index.php?rest_route=\/wp\/v2\/media\/16778"}],"wp:attachment":[{"href":"https:\/\/cidadecult.com.br\/index.php?rest_route=%2Fwp%2Fv2%2Fmedia&parent=16770"}],"wp:term":[{"taxonomy":"category","embeddable":true,"href":"https:\/\/cidadecult.com.br\/index.php?rest_route=%2Fwp%2Fv2%2Fcategories&post=16770"},{"taxonomy":"post_tag","embeddable":true,"href":"https:\/\/cidadecult.com.br\/index.php?rest_route=%2Fwp%2Fv2%2Ftags&post=16770"}],"curies":[{"name":"wp","href":"https:\/\/api.w.org\/{rel}","templated":true}]}}