{"id":16731,"date":"2026-03-02T11:34:08","date_gmt":"2026-03-02T14:34:08","guid":{"rendered":"https:\/\/cidadecult.com.br\/?p=16731"},"modified":"2026-03-02T11:38:42","modified_gmt":"2026-03-02T14:38:42","slug":"turne-oficial-de-as-guardias-do-k-pop-chega-a-brasilia-em-28-de-marco-com-sessao-unica-no-ulysses","status":"publish","type":"post","link":"https:\/\/cidadecult.com.br\/?p=16731","title":{"rendered":"Turn\u00ea oficial de \u201cAs Guardi\u00e3s do K-Pop\u201d chega a Bras\u00edlia em 28 de mar\u00e7o, com sess\u00e3o \u00fanica no Ulysses"},"content":{"rendered":"\n<p>Pela primeira vez no Brasil, a <strong>turn\u00ea oficial de \u201cAs Guardi\u00e3s do K-Pop\u201d<\/strong> desembarca em <strong>Bras\u00edlia<\/strong> para <strong>apresenta\u00e7\u00e3o \u00fanica em 28 de mar\u00e7o de 2026<\/strong>, no <strong>Ulysses Centro de Conven\u00e7\u00f5es (Audit\u00f3rio Planalto)<\/strong>. Inspirada na anima\u00e7\u00e3o que virou fen\u00f4meno na Netflix, a superprodu\u00e7\u00e3o promete uma experi\u00eancia vibrante para crian\u00e7as, adolescentes e toda a fam\u00edlia \u2014 com muita m\u00fasica, dan\u00e7a e efeitos visuais. Os ingressos est\u00e3o \u00e0 venda pela <strong>Bilheteria Digital<\/strong>.<\/p>\n\n\n\n<p>A temporada brasileira come\u00e7a por <strong>S\u00e3o Paulo<\/strong>, onde o espet\u00e1culo vem registrando alta procura no <strong>Teatro Bradesco<\/strong>, com sess\u00f5es extras e vendas aceleradas \u2014 um term\u00f4metro do apetite do p\u00fablico por produ\u00e7\u00f5es que unem narrativa pop, coreografias e est\u00e9tica de show.<\/p>\n\n\n\n<h3 class=\"wp-block-heading\">Uma aventura no universo do K-Pop<\/h3>\n\n\n\n<figure class=\"wp-block-image size-full\"><img loading=\"lazy\" decoding=\"async\" width=\"425\" height=\"283\" src=\"https:\/\/cidadecult.com.br\/wp-content\/uploads\/2026\/03\/kpop.png\" alt=\"\" class=\"wp-image-16732\" srcset=\"https:\/\/cidadecult.com.br\/wp-content\/uploads\/2026\/03\/kpop.png 425w, https:\/\/cidadecult.com.br\/wp-content\/uploads\/2026\/03\/kpop-300x200.png 300w\" sizes=\"auto, (max-width: 425px) 100vw, 425px\" \/><figcaption class=\"wp-element-caption\"><em>Cr\u00e9dito: Lali Solari Bendu<\/em><\/figcaption><\/figure>\n\n\n\n<p>Na trama, <strong>tr\u00eas estrelas de uma banda de K-Pop<\/strong> vivem uma aventura original no mesmo universo da anima\u00e7\u00e3o: elas usam <strong>poderes secretos<\/strong> para combater dem\u00f4nios e proteger uma <strong>barreira de energia<\/strong> que mant\u00e9m o mundo seguro. A montagem aposta em <strong>coreografias sincronizadas<\/strong>, <strong>figurinos exclusivos<\/strong> e <strong>efeitos visuais impactantes<\/strong>, em um clima de espet\u00e1culo \u201cpara cantar junto\u201d.<\/p>\n\n\n\n<p>No setlist, o p\u00fablico encontra m\u00fasicas que viraram hits no universo da hist\u00f3ria \u2014 com t\u00edtulos como <strong>\u201cGolden\u201d<\/strong>, <strong>\u201cFree\u201d<\/strong>, <strong>\u201cSoda Pop\u201d<\/strong>, <strong>\u201cYour Idol\u201d<\/strong> e <strong>\u201cHow It\u2019s Gone\u201d<\/strong> \u2014 al\u00e9m de can\u00e7\u00f5es in\u00e9ditas criadas especialmente para o palco.<\/p>\n\n\n\n<p>O diretor e produtor <strong>Kevin Christopher Rivera<\/strong> define a proposta como uma experi\u00eancia para viver, com din\u00e2mica de musical e energia moderna do K-Pop. A realiza\u00e7\u00e3o brasileira \u00e9 da <strong>Black &amp; Red<\/strong>, com produ\u00e7\u00e3o local da <strong>OH! Artes Produ\u00e7\u00e3o<\/strong>.<\/p>\n\n\n\n<hr class=\"wp-block-separator has-alpha-channel-opacity\"\/>\n\n\n\n<h2 class=\"wp-block-heading\">Servi\u00e7o<\/h2>\n\n\n\n<p><strong>As Guardi\u00e3s do K-Pop \u2014 Official Tour (Bras\u00edlia)<\/strong><br>\ud83d\udcc5 <strong>28 de mar\u00e7o de 2026 (s\u00e1bado)<\/strong><br>\ud83d\udd52 <strong>15h<\/strong> (<em>na Bilheteria Digital, consta 15h30 \u2014 vale conferir o hor\u00e1rio final no ingresso<\/em>)<br>\ud83d\udccd <strong>Audit\u00f3rio Planalto \u2014 Ulysses Centro de Conven\u00e7\u00f5es<\/strong><br>\ud83d\udc64 <strong>Classifica\u00e7\u00e3o:<\/strong> Livre<br>\ud83c\udf9f\ufe0f <strong>Vendas:<\/strong> Bilheteria Digital<br>\u2139\ufe0f <strong>Infos:<\/strong> @ohartes | (61) 3554-4005 | WhatsApp (61) 98141-1990<\/p>\n\n\n\n<p><strong>Valores (meia-entrada informada no release):<\/strong><br>\u2022 Poltrona VIP: <strong>R$ 200<\/strong><br>\u2022 Poltrona Especial: <strong>R$ 150<\/strong><br>\u2022 Lounge Frente: <strong>R$ 300<\/strong><br>\u2022 Lounge Central: <strong>R$ 200<\/strong><br>(Consulte inteira, taxas e mapa de assentos na Bilheteria Digital.)<\/p>\n","protected":false},"excerpt":{"rendered":"<p>Pela primeira vez no Brasil, a turn\u00ea oficial de \u201cAs Guardi\u00e3s do K-Pop\u201d desembarca em Bras\u00edlia para apresenta\u00e7\u00e3o \u00fanica em 28 de mar\u00e7o de 2026, no Ulysses Centro de Conven\u00e7\u00f5es (Audit\u00f3rio Planalto). Inspirada na anima\u00e7\u00e3o que virou fen\u00f4meno na Netflix, a superprodu\u00e7\u00e3o promete uma experi\u00eancia vibrante para crian\u00e7as, adolescentes e toda a fam\u00edlia \u2014 com [&hellip;]<\/p>\n","protected":false},"author":777,"featured_media":16732,"comment_status":"open","ping_status":"open","sticky":false,"template":"","format":"standard","meta":{"_monsterinsights_skip_tracking":false,"_monsterinsights_sitenote_active":false,"_monsterinsights_sitenote_note":"","_monsterinsights_sitenote_category":0,"footnotes":""},"categories":[41],"tags":[6728,6734,5737,6737,6736,6729,6738,6731,6735,6730,6733,6732],"class_list":["post-16731","post","type-post","status-publish","format-standard","has-post-thumbnail","hentry","category-agenda","tag-as-guardias-do-k-pop","tag-auditorio-planalto","tag-bilheteria-digital","tag-black-and-red","tag-espetaculo-infantil-df","tag-guardias-do-k-pop-brasilia","tag-k-pop-no-teatro","tag-musical-para-familia","tag-oh-artes","tag-programacao-infantil-brasilia","tag-teatro-infantil-brasilia","tag-ulysses-centro-de-convencoes"],"_links":{"self":[{"href":"https:\/\/cidadecult.com.br\/index.php?rest_route=\/wp\/v2\/posts\/16731","targetHints":{"allow":["GET"]}}],"collection":[{"href":"https:\/\/cidadecult.com.br\/index.php?rest_route=\/wp\/v2\/posts"}],"about":[{"href":"https:\/\/cidadecult.com.br\/index.php?rest_route=\/wp\/v2\/types\/post"}],"author":[{"embeddable":true,"href":"https:\/\/cidadecult.com.br\/index.php?rest_route=\/wp\/v2\/users\/777"}],"replies":[{"embeddable":true,"href":"https:\/\/cidadecult.com.br\/index.php?rest_route=%2Fwp%2Fv2%2Fcomments&post=16731"}],"version-history":[{"count":1,"href":"https:\/\/cidadecult.com.br\/index.php?rest_route=\/wp\/v2\/posts\/16731\/revisions"}],"predecessor-version":[{"id":16733,"href":"https:\/\/cidadecult.com.br\/index.php?rest_route=\/wp\/v2\/posts\/16731\/revisions\/16733"}],"wp:featuredmedia":[{"embeddable":true,"href":"https:\/\/cidadecult.com.br\/index.php?rest_route=\/wp\/v2\/media\/16732"}],"wp:attachment":[{"href":"https:\/\/cidadecult.com.br\/index.php?rest_route=%2Fwp%2Fv2%2Fmedia&parent=16731"}],"wp:term":[{"taxonomy":"category","embeddable":true,"href":"https:\/\/cidadecult.com.br\/index.php?rest_route=%2Fwp%2Fv2%2Fcategories&post=16731"},{"taxonomy":"post_tag","embeddable":true,"href":"https:\/\/cidadecult.com.br\/index.php?rest_route=%2Fwp%2Fv2%2Ftags&post=16731"}],"curies":[{"name":"wp","href":"https:\/\/api.w.org\/{rel}","templated":true}]}}