{"id":16695,"date":"2026-02-26T13:05:16","date_gmt":"2026-02-26T16:05:16","guid":{"rendered":"https:\/\/cidadecult.com.br\/?p=16695"},"modified":"2026-02-26T13:05:18","modified_gmt":"2026-02-26T16:05:18","slug":"back2black-paris-2026-theatre-du-chatelet","status":"publish","type":"post","link":"https:\/\/cidadecult.com.br\/?p=16695","title":{"rendered":"Back2Black faz estreia em Paris e ocupa o Th\u00e9\u00e2tre du Ch\u00e2telet em 3 de abril"},"content":{"rendered":"\n<p>O <strong>Back2Black<\/strong>, festival brasileiro criado em <strong>2009<\/strong>, chega <strong>pela primeira vez a Paris<\/strong> e toma conta do <strong>Th\u00e9\u00e2tre du Ch\u00e2telet<\/strong> no <strong>dia 3 de abril de 2026 (sexta-feira)<\/strong>, a partir das <strong>20h<\/strong>, com uma programa\u00e7\u00e3o que atravessa m\u00fasica, cinema, artes visuais e reflex\u00e3o sobre as conex\u00f5es <strong>\u00c1frica\u2013Brasil<\/strong>.<\/p>\n\n\n\n<p>No palco, o festival re\u00fane <strong>Gilberto Gil<\/strong>, <strong>Agnes Nunes<\/strong>, o camaron\u00eas <strong>Blick Bassy<\/strong> e a DJ guineense <strong>Sandra Bald\u00e9 (Umafricana)<\/strong>. Al\u00e9m dos shows, a edi\u00e7\u00e3o parisiense inclui a confer\u00eancia <strong>\u201c\u00c1frica-Brasil\u201d<\/strong>, uma <strong>exposi\u00e7\u00e3o de obras de Caryb\u00e9<\/strong> e a <strong>primeira exibi\u00e7\u00e3o na Fran\u00e7a<\/strong> do document\u00e1rio <strong>\u201c3 Ob\u00e1s de Xang\u00f4\u201d<\/strong>, dirigido por <strong>S\u00e9rgio Machado<\/strong>, sobre a amizade e a for\u00e7a criativa de <strong>Jorge Amado, Dorival Caymmi e Caryb\u00e9<\/strong>.<\/p>\n\n\n\n<figure class=\"wp-block-image size-large\"><img loading=\"lazy\" decoding=\"async\" width=\"683\" height=\"1024\" src=\"https:\/\/cidadecult.com.br\/wp-content\/uploads\/2026\/02\/Gilberto-Gil-1-683x1024.jpg\" alt=\"\" class=\"wp-image-16698\" srcset=\"https:\/\/cidadecult.com.br\/wp-content\/uploads\/2026\/02\/Gilberto-Gil-1-683x1024.jpg 683w, https:\/\/cidadecult.com.br\/wp-content\/uploads\/2026\/02\/Gilberto-Gil-1-200x300.jpg 200w, https:\/\/cidadecult.com.br\/wp-content\/uploads\/2026\/02\/Gilberto-Gil-1-768x1152.jpg 768w, https:\/\/cidadecult.com.br\/wp-content\/uploads\/2026\/02\/Gilberto-Gil-1-1024x1536.jpg 1024w, https:\/\/cidadecult.com.br\/wp-content\/uploads\/2026\/02\/Gilberto-Gil-1-750x1125.jpg 750w, https:\/\/cidadecult.com.br\/wp-content\/uploads\/2026\/02\/Gilberto-Gil-1-1140x1710.jpg 1140w, https:\/\/cidadecult.com.br\/wp-content\/uploads\/2026\/02\/Gilberto-Gil-1.jpg 1280w\" sizes=\"auto, (max-width: 683px) 100vw, 683px\" \/><figcaption class=\"wp-element-caption\">Imagens: Divulga\u00e7\u00e3o Lupa<\/figcaption><\/figure>\n\n\n\n<h3 class=\"wp-block-heading\">Gilberto Gil em noite especial no Ch\u00e2telet<\/h3>\n\n\n\n<p>Um dos nomes centrais da m\u00fasica afro-brasileira, <strong>Gilberto Gil<\/strong> se apresenta no teatro franc\u00eas <strong>acompanhado por filhos e netos<\/strong>, em um show que dialoga com a fase recente de sua trajet\u00f3ria: a turn\u00ea <strong>\u201cTempo Rei\u201d<\/strong>, anunciada como despedida dos grandes palcos no Brasil, e que segue com datas internacionais. Em Paris, o p\u00fablico do Back2Black deve reencontrar <strong>cl\u00e1ssicos de mais de seis d\u00e9cadas de carreira<\/strong>.<\/p>\n\n\n\n<figure class=\"wp-block-image size-large\"><img loading=\"lazy\" decoding=\"async\" width=\"683\" height=\"1024\" src=\"https:\/\/cidadecult.com.br\/wp-content\/uploads\/2026\/02\/Agnes-Nunes-683x1024.jpeg\" alt=\"\" class=\"wp-image-16699\" srcset=\"https:\/\/cidadecult.com.br\/wp-content\/uploads\/2026\/02\/Agnes-Nunes-683x1024.jpeg 683w, https:\/\/cidadecult.com.br\/wp-content\/uploads\/2026\/02\/Agnes-Nunes-200x300.jpeg 200w, https:\/\/cidadecult.com.br\/wp-content\/uploads\/2026\/02\/Agnes-Nunes-768x1152.jpeg 768w, https:\/\/cidadecult.com.br\/wp-content\/uploads\/2026\/02\/Agnes-Nunes-1024x1536.jpeg 1024w, https:\/\/cidadecult.com.br\/wp-content\/uploads\/2026\/02\/Agnes-Nunes-1365x2048.jpeg 1365w, https:\/\/cidadecult.com.br\/wp-content\/uploads\/2026\/02\/Agnes-Nunes-750x1125.jpeg 750w, https:\/\/cidadecult.com.br\/wp-content\/uploads\/2026\/02\/Agnes-Nunes-1140x1710.jpeg 1140w, https:\/\/cidadecult.com.br\/wp-content\/uploads\/2026\/02\/Agnes-Nunes-scaled.jpeg 1707w\" sizes=\"auto, (max-width: 683px) 100vw, 683px\" \/><\/figure>\n\n\n\n<h3 class=\"wp-block-heading\">Agnes Nunes + Blick Bassy: encontro afro-soul contempor\u00e2neo<\/h3>\n\n\n\n<p>Outro destaque \u00e9 o encontro entre a baiana <strong>Agnes Nunes<\/strong> e <strong>Blick Bassy<\/strong>, em um set que conecta <strong>ancestralidade e contemporaneidade<\/strong>. Agnes, um dos nomes mais presentes na nova m\u00fasica brasileira, transita por <strong>MPB, forr\u00f3 e blues<\/strong>; j\u00e1 Bassy \u00e9 conhecido por unir tradi\u00e7\u00f5es do povo <strong>Bassa<\/strong> a <strong>soul, folk e eletr\u00f4nica<\/strong>, cantando tamb\u00e9m em sua <strong>l\u00edngua nativa<\/strong>.<\/p>\n\n\n\n<p>Em declara\u00e7\u00e3o sobre a participa\u00e7\u00e3o, Agnes ressalta o peso simb\u00f3lico do encontro: dividir a noite com Gil e com um artista africano em Paris refor\u00e7a o sentido do festival como vitrine de uma cultura brasileira que vai al\u00e9m do \u201cimagin\u00e1rio tropical\u201d.<\/p>\n\n\n\n<h3 class=\"wp-block-heading\">Sets de Sandra Bald\u00e9 (Umafricana) e ocupa\u00e7\u00e3o da pra\u00e7a<\/h3>\n\n\n\n<p>Nos intervalos e momentos de celebra\u00e7\u00e3o, <strong>Sandra Bald\u00e9 (Umafricana)<\/strong> comanda os sets com <strong>funk, afrobeats e amapiano<\/strong>, em uma pesquisa de pista que cruza sons do continente africano e di\u00e1logos com pop, R&amp;B e latinidades.<\/p>\n\n\n\n<p>A programa\u00e7\u00e3o tamb\u00e9m mira a rua: a proposta \u00e9 estender a experi\u00eancia para a <strong>Place du Ch\u00e2telet<\/strong>, com atividades que envolvem <strong>gastronomia, m\u00fasica e dan\u00e7a<\/strong>, refor\u00e7ando a ideia do Back2Black como <strong>manifesto afro-brasileiro<\/strong> e gesto de <strong>diplomacia cultural<\/strong>.<\/p>\n\n\n\n<hr class=\"wp-block-separator has-alpha-channel-opacity\"\/>\n\n\n\n<h2 class=\"wp-block-heading\">Servi\u00e7o<\/h2>\n\n\n\n<p><strong>Back2Black Paris \u2013 Uma manifesta\u00e7\u00e3o afro-brasileira em Paris<\/strong><br>\ud83d\udcc5 <strong>03 de abril de 2026 (sexta-feira)<\/strong><br>\ud83d\udd57 <strong>20h<\/strong><br>\ud83d\udccd <strong>Th\u00e9\u00e2tre du Ch\u00e2telet<\/strong> (1, place du Ch\u00e2telet, Paris)<br>\ud83c\udfab <strong>Ingressos:<\/strong> <strong>\u20ac 8 a \u20ac 84<\/strong> (venda no site oficial do teatro)<\/p>\n","protected":false},"excerpt":{"rendered":"<p>O Back2Black, festival brasileiro criado em 2009, chega pela primeira vez a Paris e toma conta do Th\u00e9\u00e2tre du Ch\u00e2telet no dia 3 de abril de 2026 (sexta-feira), a partir das 20h, com uma programa\u00e7\u00e3o que atravessa m\u00fasica, cinema, artes visuais e reflex\u00e3o sobre as conex\u00f5es \u00c1frica\u2013Brasil. No palco, o festival re\u00fane Gilberto Gil, Agnes [&hellip;]<\/p>\n","protected":false},"author":777,"featured_media":16697,"comment_status":"open","ping_status":"open","sticky":false,"template":"","format":"standard","meta":{"_monsterinsights_skip_tracking":false,"_monsterinsights_sitenote_active":false,"_monsterinsights_sitenote_note":"","_monsterinsights_sitenote_category":0,"footnotes":""},"categories":[41],"tags":[6604,6595,6594,6600,6598,6602,5909,6597,5324,5956,6265,6601,6599,6603,6596],"class_list":["post-16695","post","type-post","status-publish","format-standard","has-post-thumbnail","hentry","category-agenda","tag-africabrasil","tag-agnesnunes","tag-back2black","tag-back2blackparis","tag-blickbassy","tag-carybe","tag-cinemabrasileiro-2","tag-culturaafrobrasileira-2","tag-gilbertogil","tag-musicabrasileira-2","tag-paris-2","tag-sandrabalde","tag-theatreduchatelet","tag-tresobasdexango","tag-umafricana"],"_links":{"self":[{"href":"https:\/\/cidadecult.com.br\/index.php?rest_route=\/wp\/v2\/posts\/16695","targetHints":{"allow":["GET"]}}],"collection":[{"href":"https:\/\/cidadecult.com.br\/index.php?rest_route=\/wp\/v2\/posts"}],"about":[{"href":"https:\/\/cidadecult.com.br\/index.php?rest_route=\/wp\/v2\/types\/post"}],"author":[{"embeddable":true,"href":"https:\/\/cidadecult.com.br\/index.php?rest_route=\/wp\/v2\/users\/777"}],"replies":[{"embeddable":true,"href":"https:\/\/cidadecult.com.br\/index.php?rest_route=%2Fwp%2Fv2%2Fcomments&post=16695"}],"version-history":[{"count":1,"href":"https:\/\/cidadecult.com.br\/index.php?rest_route=\/wp\/v2\/posts\/16695\/revisions"}],"predecessor-version":[{"id":16700,"href":"https:\/\/cidadecult.com.br\/index.php?rest_route=\/wp\/v2\/posts\/16695\/revisions\/16700"}],"wp:featuredmedia":[{"embeddable":true,"href":"https:\/\/cidadecult.com.br\/index.php?rest_route=\/wp\/v2\/media\/16697"}],"wp:attachment":[{"href":"https:\/\/cidadecult.com.br\/index.php?rest_route=%2Fwp%2Fv2%2Fmedia&parent=16695"}],"wp:term":[{"taxonomy":"category","embeddable":true,"href":"https:\/\/cidadecult.com.br\/index.php?rest_route=%2Fwp%2Fv2%2Fcategories&post=16695"},{"taxonomy":"post_tag","embeddable":true,"href":"https:\/\/cidadecult.com.br\/index.php?rest_route=%2Fwp%2Fv2%2Ftags&post=16695"}],"curies":[{"name":"wp","href":"https:\/\/api.w.org\/{rel}","templated":true}]}}