{"id":16654,"date":"2026-02-25T08:30:00","date_gmt":"2026-02-25T11:30:00","guid":{"rendered":"https:\/\/cidadecult.com.br\/?p=16654"},"modified":"2026-02-24T18:00:09","modified_gmt":"2026-02-24T21:00:09","slug":"ana-canas-se-apresente-na-41a-edicao-do-artefato-de-graca","status":"publish","type":"post","link":"https:\/\/cidadecult.com.br\/?p=16654","title":{"rendered":"Ana Ca\u00f1as se apresente na 41\u00aa edi\u00e7\u00e3o do ArteFato de gra\u00e7a"},"content":{"rendered":"\n<p>A <strong>41\u00aa edi\u00e7\u00e3o do ArteFato<\/strong> chega ao <strong>Teatro dos Banc\u00e1rios<\/strong>, em Bras\u00edlia, com uma noite que une for\u00e7a vocal, repert\u00f3rio afetivo e celebra\u00e7\u00e3o do <strong>m\u00eas das mulheres<\/strong>. Na <strong>quinta-feira, 5 de mar\u00e7o de 2026<\/strong>, \u00e0s <strong>20h<\/strong>, o palco recebe <strong>Ana Ca\u00f1as<\/strong> com o show <strong>\u201cPra Cantar Junto\u201d<\/strong> \u2014 apresenta\u00e7\u00e3o <strong>gratuita<\/strong>, com ingressos via <strong>Sympla<\/strong> a partir de <strong>2 de mar\u00e7o<\/strong>, sujeita \u00e0 lota\u00e7\u00e3o.<\/p>\n\n\n\n<p>Conhecida pela presen\u00e7a c\u00eanica e interpreta\u00e7\u00e3o intensa, Ana Ca\u00f1as prop\u00f5e um espet\u00e1culo com clima de coro coletivo \u2014 daqueles em que o p\u00fablico vira parte do arranjo. No repert\u00f3rio, entram homenagens a nomes fundamentais da m\u00fasica brasileira, como <strong>Rita Lee, Belchior, Cazuza, Nando Reis, Raul Seixas<\/strong> e <strong>Renato Russo<\/strong>, al\u00e9m de sucessos autorais que marcaram sua trajet\u00f3ria, entre eles <strong>\u201cPra voc\u00ea guardei o amor\u201d<\/strong>, <strong>\u201cEsconderijo\u201d<\/strong> e <strong>\u201cQuero um love\u201d<\/strong><\/p>\n\n\n\n<p>\u201cQueremos que a plateia se una para cantar junto, em um espet\u00e1culo que promete energia, emo\u00e7\u00e3o e comunh\u00e3o com o p\u00fablico\u201d, destaca a artista.<\/p>\n\n\n\n<p>A abertura da noite fica por conta do <strong>trio Soul do Quadrado<\/strong>, formado por <strong>Ana Leana (voz)<\/strong>, <strong>Kaio Lyra (viol\u00e3o e voz)<\/strong> e <strong>Fabyo Guerra (percuss\u00e3o e voz)<\/strong>. O grupo apresenta uma imers\u00e3o no <strong>soul brasileiro<\/strong>, homenageando <strong>Tim Maia, Sandra de S\u00e1, Cassiano, Djavan, Jorge Ben Jor e Hyldon<\/strong>, e conectando esse legado a vozes da nova gera\u00e7\u00e3o como <strong>Liniker, Iza e Melly<\/strong> \u2014 uma ponte entre \u00e9pocas, estilos e experi\u00eancias sonoras.<\/p>\n\n\n\n<p>Com entrada franca e proposta de celebra\u00e7\u00e3o coletiva, o ArteFato refor\u00e7a a voca\u00e7\u00e3o do Teatro dos Banc\u00e1rios como espa\u00e7o de encontro cultural acess\u00edvel no DF.<\/p>\n\n\n\n<h3 class=\"wp-block-heading\">Servi\u00e7o<\/h3>\n\n\n\n<p><strong>ArteFato \u2013 41\u00aa edi\u00e7\u00e3o (Ana Ca\u00f1as + Soul do Quadrado)<\/strong><br>\ud83d\udccd <strong>Local:<\/strong> Teatro dos Banc\u00e1rios<br>\ud83d\udccc <strong>Endere\u00e7o:<\/strong> EQS 314\/315 Bloco A, Bras\u00edlia<br>\ud83d\uddd3\ufe0f <strong>Data e hor\u00e1rio:<\/strong> 05\/03\/2026 (quinta), <strong>20h<\/strong><br>\ud83c\udf9f\ufe0f <strong>Ingressos:<\/strong> <strong>gratuitos<\/strong>, retirada no <strong>Sympla<\/strong> a partir de <strong>02\/03<\/strong> (sujeito \u00e0 lota\u00e7\u00e3o)<br>\ud83d\udc65 <strong>Classifica\u00e7\u00e3o:<\/strong> livre para todos os p\u00fablicos<br>\ud83d\udd17 Link Sympla: sympla.com.br\/evento\/41a-edicao-do-artefato-recebe-ana-canas-pra-cantar-junto-e-soul-do-quadrado\/3321239<\/p>\n\n\n\n<p><\/p>\n","protected":false},"excerpt":{"rendered":"<p>A 41\u00aa edi\u00e7\u00e3o do ArteFato chega ao Teatro dos Banc\u00e1rios, em Bras\u00edlia, com uma noite que une for\u00e7a vocal, repert\u00f3rio afetivo e celebra\u00e7\u00e3o do m\u00eas das mulheres. Na quinta-feira, 5 de mar\u00e7o de 2026, \u00e0s 20h, o palco recebe Ana Ca\u00f1as com o show \u201cPra Cantar Junto\u201d \u2014 apresenta\u00e7\u00e3o gratuita, com ingressos via Sympla a [&hellip;]<\/p>\n","protected":false},"author":777,"featured_media":16667,"comment_status":"open","ping_status":"open","sticky":false,"template":"","format":"standard","meta":{"_monsterinsights_skip_tracking":false,"_monsterinsights_sitenote_active":false,"_monsterinsights_sitenote_note":"","_monsterinsights_sitenote_category":0,"footnotes":""},"categories":[41],"tags":[6544,6545,6543,61,6552,6551,6104,6547,6257,6549,6546,6550,6548,6542],"class_list":["post-16654","post","type-post","status-publish","format-standard","has-post-thumbnail","hentry","category-agenda","tag-agenda-cultural-brasilia","tag-ana-canas","tag-artefato","tag-brasilia","tag-cultura-no-df","tag-dia-internacional-da-mulher","tag-mpb-2","tag-musica-ao-vivo","tag-musica-brasileira","tag-programacao-cultural-df","tag-show-gratuito","tag-soul-brasileiro","tag-soul-do-quadrado","tag-teatro-dos-bancarios"],"_links":{"self":[{"href":"https:\/\/cidadecult.com.br\/index.php?rest_route=\/wp\/v2\/posts\/16654","targetHints":{"allow":["GET"]}}],"collection":[{"href":"https:\/\/cidadecult.com.br\/index.php?rest_route=\/wp\/v2\/posts"}],"about":[{"href":"https:\/\/cidadecult.com.br\/index.php?rest_route=\/wp\/v2\/types\/post"}],"author":[{"embeddable":true,"href":"https:\/\/cidadecult.com.br\/index.php?rest_route=\/wp\/v2\/users\/777"}],"replies":[{"embeddable":true,"href":"https:\/\/cidadecult.com.br\/index.php?rest_route=%2Fwp%2Fv2%2Fcomments&post=16654"}],"version-history":[{"count":1,"href":"https:\/\/cidadecult.com.br\/index.php?rest_route=\/wp\/v2\/posts\/16654\/revisions"}],"predecessor-version":[{"id":16672,"href":"https:\/\/cidadecult.com.br\/index.php?rest_route=\/wp\/v2\/posts\/16654\/revisions\/16672"}],"wp:featuredmedia":[{"embeddable":true,"href":"https:\/\/cidadecult.com.br\/index.php?rest_route=\/wp\/v2\/media\/16667"}],"wp:attachment":[{"href":"https:\/\/cidadecult.com.br\/index.php?rest_route=%2Fwp%2Fv2%2Fmedia&parent=16654"}],"wp:term":[{"taxonomy":"category","embeddable":true,"href":"https:\/\/cidadecult.com.br\/index.php?rest_route=%2Fwp%2Fv2%2Fcategories&post=16654"},{"taxonomy":"post_tag","embeddable":true,"href":"https:\/\/cidadecult.com.br\/index.php?rest_route=%2Fwp%2Fv2%2Ftags&post=16654"}],"curies":[{"name":"wp","href":"https:\/\/api.w.org\/{rel}","templated":true}]}}