{"id":16621,"date":"2026-02-23T16:39:09","date_gmt":"2026-02-23T19:39:09","guid":{"rendered":"https:\/\/cidadecult.com.br\/?p=16621"},"modified":"2026-02-23T16:39:11","modified_gmt":"2026-02-23T19:39:11","slug":"joao-fonseca-e-marcelo-melo-viram-final-eletrizante-e-conquistam-o-titulo-de-duplas-do-rio-open-2026","status":"publish","type":"post","link":"https:\/\/cidadecult.com.br\/?p=16621","title":{"rendered":"Jo\u00e3o Fonseca e Marcelo Melo viram final eletrizante e conquistam o t\u00edtulo de duplas do Rio Open 2026"},"content":{"rendered":"\n<h2 class=\"wp-block-heading\"><\/h2>\n\n\n\n<p>O <strong>Rio Open 2026<\/strong> terminou com festa brasileira nas duplas \u2014 <strong>pelo terceiro ano consecutivo<\/strong>. Em uma final de altos e baixos no <strong>Jockey Club Brasileiro<\/strong>, <strong>Jo\u00e3o Fonseca e Marcelo Melo<\/strong> buscaram a virada e levantaram o trof\u00e9u diante da torcida, confirmando o momento especial do t\u00eanis nacional no maior torneio da Am\u00e9rica do Sul.<\/p>\n\n\n\n<p>A dupla superou <strong>Constantin Frantzen (FRA) e Robin Haase (HOL)<\/strong> por <strong>2 sets a 1<\/strong>, com parciais de <strong>4-6, 6-2 e 10-8<\/strong> no match tie-break \u2014 um desfecho com cara de roteiro: equil\u00edbrio at\u00e9 o \u00faltimo ponto e decis\u00e3o no detalhe.<\/p>\n\n\n\n<figure class=\"wp-block-image size-full\"><img loading=\"lazy\" decoding=\"async\" width=\"800\" height=\"533\" src=\"https:\/\/cidadecult.com.br\/wp-content\/uploads\/2026\/02\/unnamed-17.jpg\" alt=\"\" class=\"wp-image-16622\" srcset=\"https:\/\/cidadecult.com.br\/wp-content\/uploads\/2026\/02\/unnamed-17.jpg 800w, https:\/\/cidadecult.com.br\/wp-content\/uploads\/2026\/02\/unnamed-17-300x200.jpg 300w, https:\/\/cidadecult.com.br\/wp-content\/uploads\/2026\/02\/unnamed-17-768x512.jpg 768w, https:\/\/cidadecult.com.br\/wp-content\/uploads\/2026\/02\/unnamed-17-750x500.jpg 750w\" sizes=\"auto, (max-width: 800px) 100vw, 800px\" \/><figcaption class=\"wp-element-caption\">Fonseca e Melo (Fotojump)<\/figcaption><\/figure>\n\n\n\n<h3 class=\"wp-block-heading\">Agassi no Rio e um trof\u00e9u com \u201cpeso de casa\u201d<\/h3>\n\n\n\n<p>O torneio teve um ingrediente extra de simbolismo: <strong>Andre Agassi<\/strong> participou da cerim\u00f4nia de premia\u00e7\u00e3o (o Rio Open j\u00e1 havia anunciado a presen\u00e7a do ex-n\u00famero 1 como entregador de trof\u00e9u na edi\u00e7\u00e3o 2026).<\/p>\n\n\n\n<p>Para <strong>Fonseca<\/strong>, o t\u00edtulo marca uma conquista importante no curr\u00edculo e, principalmente, na rela\u00e7\u00e3o afetiva com o torneio e com a torcida local. J\u00e1 <strong>Melo<\/strong>, um dos grandes nomes da hist\u00f3ria das duplas no Brasil, ampliou a cole\u00e7\u00e3o e refor\u00e7ou o v\u00ednculo com o Rio \u2014 palco em que ele tamb\u00e9m havia sido campe\u00e3o em 2025.<\/p>\n\n\n\n<h3 class=\"wp-block-heading\">A virada que explica o t\u00edtulo<\/h3>\n\n\n\n<p>Depois de perder o primeiro set, Fonseca e Melo cresceram em quadra, ajustaram devolu\u00e7\u00f5es e dominaram o segundo set \u2014 e no super tie-break, seguraram a press\u00e3o em uma Quadra Central lotada para fechar em 10-8. O resultado tamb\u00e9m refor\u00e7a um ponto que o pr\u00f3prio Melo destacou ao longo da semana: a frieza do parceiro nos momentos decisivos.<\/p>\n\n\n\n<hr class=\"wp-block-separator has-alpha-channel-opacity\"\/>\n\n\n\n<h2 class=\"wp-block-heading\">Sobre o Rio Open 2026<\/h2>\n\n\n\n<p>O Rio Open \u00e9 disputado no <strong>Jockey Club Brasileiro<\/strong> e tem impacto que vai al\u00e9m do esporte: a edi\u00e7\u00e3o 2026 projetou cerca de <strong>R$ 200 milh\u00f5es<\/strong> movimentados na economia e milhares de empregos, al\u00e9m de manter o pilar de sustentabilidade (o torneio se apresenta como <strong>carbono neutro desde 2020<\/strong>).<\/p>\n","protected":false},"excerpt":{"rendered":"<p>O Rio Open 2026 terminou com festa brasileira nas duplas \u2014 pelo terceiro ano consecutivo. Em uma final de altos e baixos no Jockey Club Brasileiro, Jo\u00e3o Fonseca e Marcelo Melo buscaram a virada e levantaram o trof\u00e9u diante da torcida, confirmando o momento especial do t\u00eanis nacional no maior torneio da Am\u00e9rica do Sul. [&hellip;]<\/p>\n","protected":false},"author":777,"featured_media":16623,"comment_status":"open","ping_status":"open","sticky":false,"template":"","format":"standard","meta":{"_monsterinsights_skip_tracking":false,"_monsterinsights_sitenote_active":false,"_monsterinsights_sitenote_note":"","_monsterinsights_sitenote_category":0,"footnotes":""},"categories":[7],"tags":[6433,6432,6439,6440,6443,6442,6431,6434,6430,6437,6436,6441,6438,6435],"class_list":["post-16621","post","type-post","status-publish","format-standard","has-post-thumbnail","hentry","category-esportes","tag-andre-agassi","tag-atp-500","tag-constantin-frantzen","tag-duplas","tag-esporte-e-entretenimento","tag-esporte-no-rio","tag-joao-fonseca","tag-jockey-club-brasileiro","tag-marcelo-melo","tag-rio-open","tag-rio-open-2026","tag-robin-haase","tag-tenis-3","tag-tenis-brasileiro"],"_links":{"self":[{"href":"https:\/\/cidadecult.com.br\/index.php?rest_route=\/wp\/v2\/posts\/16621","targetHints":{"allow":["GET"]}}],"collection":[{"href":"https:\/\/cidadecult.com.br\/index.php?rest_route=\/wp\/v2\/posts"}],"about":[{"href":"https:\/\/cidadecult.com.br\/index.php?rest_route=\/wp\/v2\/types\/post"}],"author":[{"embeddable":true,"href":"https:\/\/cidadecult.com.br\/index.php?rest_route=\/wp\/v2\/users\/777"}],"replies":[{"embeddable":true,"href":"https:\/\/cidadecult.com.br\/index.php?rest_route=%2Fwp%2Fv2%2Fcomments&post=16621"}],"version-history":[{"count":1,"href":"https:\/\/cidadecult.com.br\/index.php?rest_route=\/wp\/v2\/posts\/16621\/revisions"}],"predecessor-version":[{"id":16624,"href":"https:\/\/cidadecult.com.br\/index.php?rest_route=\/wp\/v2\/posts\/16621\/revisions\/16624"}],"wp:featuredmedia":[{"embeddable":true,"href":"https:\/\/cidadecult.com.br\/index.php?rest_route=\/wp\/v2\/media\/16623"}],"wp:attachment":[{"href":"https:\/\/cidadecult.com.br\/index.php?rest_route=%2Fwp%2Fv2%2Fmedia&parent=16621"}],"wp:term":[{"taxonomy":"category","embeddable":true,"href":"https:\/\/cidadecult.com.br\/index.php?rest_route=%2Fwp%2Fv2%2Fcategories&post=16621"},{"taxonomy":"post_tag","embeddable":true,"href":"https:\/\/cidadecult.com.br\/index.php?rest_route=%2Fwp%2Fv2%2Ftags&post=16621"}],"curies":[{"name":"wp","href":"https:\/\/api.w.org\/{rel}","templated":true}]}}