{"id":16575,"date":"2026-02-07T09:00:00","date_gmt":"2026-02-07T12:00:00","guid":{"rendered":"https:\/\/cidadecult.com.br\/?p=16575"},"modified":"2026-02-20T12:48:06","modified_gmt":"2026-02-20T15:48:06","slug":"elba-ramalho-show-acustico-tv-brasil-cena-musical-21-02","status":"publish","type":"post","link":"https:\/\/cidadecult.com.br\/?p=16575","title":{"rendered":"TV Brasil exibe show ac\u00fastico exclusivo de Elba Ramalho em especial pelos 75 anos"},"content":{"rendered":"\n<p>Espet\u00e1culo da estrela nordestina \u00e9 atra\u00e7\u00e3o da emissora p\u00fablica no programa Cena Musical<\/p>\n\n\n\n<h5 class=\"wp-block-heading\"><\/h5>\n\n\n\n<p><a href=\"https:\/\/facebook.com\/sharer.php?u=Confira%20na%20EBC:%20https:\/\/ebc.com.br\/imprensa\/2026\/tv-brasil-apresenta-show-acustico-e-exclusivo-para-comemorar-os-75-anos-de-elba-ramalho\" target=\"_blank\" rel=\"noreferrer noopener\"><\/a><a href=\"https:\/\/api.whatsapp.com\/send?text=Confira%20na%20EBC%20-%20%0a%0aAcesse%20o%20link:%20https:\/\/ebc.com.br\/imprensa\/2026\/tv-brasil-apresenta-show-acustico-e-exclusivo-para-comemorar-os-75-anos-de-elba-ramalho\" target=\"_blank\" rel=\"noreferrer noopener\"><\/a><\/p>\n\n\n\n<p><img decoding=\"async\" alt=\"Capa da Not\u00edcia\" src=\"https:\/\/ebc.com.br\/imprensa\/2026\/tv-brasil-apresenta-show-acustico-e-exclusivo-para-comemorar-os-75-anos-de-elba-ramalho\/@@images\/image\/large\"><\/p>\n\n\n\n<p>Rossana Fraga \/ BNDES<\/p>\n\n\n\n<p>A <strong>TV Brasil<\/strong> prepara uma homenagem em clima de folia: na virada de <strong>s\u00e1bado (21\/2) para domingo (22\/2), \u00e0 meia-noite<\/strong>, o programa <strong>Cena Musical<\/strong> apresenta um show <strong>ac\u00fastico e exclusivo<\/strong> de <strong>Elba Ramalho<\/strong> para celebrar os <strong>75 anos<\/strong> da artista.<\/p>\n\n\n\n<p>Batizado de <strong>\u201cAc\u00fastico \u2013 45 anos de carreira\u201d<\/strong>, o especial revisita a trajet\u00f3ria da cantora com cl\u00e1ssicos do cancioneiro popular, hist\u00f3rias contadas no palco e a energia que fez de Elba uma das vozes mais marcantes da cultura nordestina no Brasil. A grava\u00e7\u00e3o aconteceu no <strong>Espa\u00e7o Cultural BNDES<\/strong>, no Rio de Janeiro, em <strong>4 de julho de 2024<\/strong>.<\/p>\n\n\n\n<figure class=\"wp-block-image\"><img decoding=\"async\" src=\"https:\/\/ebc.com.br\/imprensa\/2026\/tv-brasil-apresenta-show-acustico-e-exclusivo-para-comemorar-os-75-anos-de-elba-ramalho\/cena_musical_tv_brasil_elba_ramalho_02_credito_rossana_fraga_bndes.jpg\/@@images\/0209a1c6-9abf-4012-807a-6b6b2d69f633.jpeg\" alt=\"Elba Ramalho no Cena Musical, da TV Brasil \/ Cr\u00e9dito: Rossana Fraga \/ BNDES\" title=\"Elba Ramalho no Cena Musical, da TV Brasil \/ Cr\u00e9dito: Rossana Fraga \/ BNDES\"\/><\/figure>\n\n\n\n<p>Repert\u00f3rio de hits e brasilidade em estado puro<\/p>\n\n\n\n<p>No setlist, sucessos que atravessam gera\u00e7\u00f5es \u2014 como <strong>\u201cAi que saudade d\u2019oc\u00ea\u201d<\/strong>, <strong>\u201cDe volta pro aconchego\u201d<\/strong>, <strong>\u201cGostoso demais\u201d<\/strong>, <strong>\u201cCh\u00e3o de giz\u201d<\/strong> e <strong>\u201cSanfona sentida\u201d<\/strong> \u2014 em vers\u00f5es mais \u00edntimas, sem perder o tempero do frevo, bai\u00e3o e forr\u00f3 que acompanham a artista h\u00e1 d\u00e9cadas.<\/p>\n\n\n\n<p><\/p>\n\n\n\n<figure class=\"wp-block-image\"><img decoding=\"async\" src=\"https:\/\/ebc.com.br\/imprensa\/2026\/tv-brasil-apresenta-show-acustico-e-exclusivo-para-comemorar-os-75-anos-de-elba-ramalho\/cena_musical_tv_brasil_elba_ramalho_01_credito_rossana_fraga_bndes.jpg\/@@images\/64af5817-d5f8-4de7-935d-390c2307f56d.jpeg\" alt=\"Elba Ramalho no Cena Musical, da TV Brasil \/ Cr\u00e9dito: Rossana Fraga \/ BNDES\" title=\"Elba Ramalho no Cena Musical, da TV Brasil \/ Cr\u00e9dito: Rossana Fraga \/ BNDES\"\/><\/figure>\n\n\n\n<p>No palco, Elba \u00e9 acompanhada por uma forma\u00e7\u00e3o enxuta (viol\u00e3o\/guitarra, sanfona e percuss\u00e3o), refor\u00e7ando a proposta ac\u00fastica e deixando as can\u00e7\u00f5es \u201crespirarem\u201d \u2014 do jeito que o Cena Musical costuma fazer quando aproxima o p\u00fablico da experi\u00eancia ao vivo.<\/p>\n\n\n\n<h3 class=\"wp-block-heading\">Sobre o programa<\/h3>\n\n\n\n<p>No ar desde <strong>2007<\/strong>, o <strong>Cena Musical<\/strong> \u00e9 uma vitrine de performances da m\u00fasica brasileira; desde 2017, muitas edi\u00e7\u00f5es s\u00e3o gravadas no <strong>Espa\u00e7o Cultural BNDES<\/strong>, no Rio.<\/p>\n\n\n\n<hr class=\"wp-block-separator has-alpha-channel-opacity\"\/>\n\n\n\n<h2 class=\"wp-block-heading\">Servi\u00e7o<\/h2>\n\n\n\n<p><strong>Cena Musical \u2013 Elba Ramalho (especial 75 anos)<\/strong><br>\ud83d\udcfa <strong>TV Brasil<\/strong><br>\ud83d\uddd3\ufe0f <strong>S\u00e1bado (21\/2) \u2192 Domingo (22\/2)<\/strong><br>\ud83d\udd5b <strong>00h (meia-noite)<\/strong><\/p>\n\n\n\n<figure class=\"wp-block-image\"><img decoding=\"async\" src=\"https:\/\/ebc.com.br\/imprensa\/2026\/tv-brasil-apresenta-show-acustico-e-exclusivo-para-comemorar-os-75-anos-de-elba-ramalho\/cena_musical_tv_brasil_elba_ramalho_e_plateia_02_credito_rossana_fraga_bndes.jpg\/@@images\/1a4d4c4b-e104-4521-9e5d-022183e5caf2.jpeg\" alt=\"Elba Ramalho no Cena Musical, da TV Brasil \/ Cr\u00e9dito: Rossana Fraga \/ BNDES\" title=\"Elba Ramalho no Cena Musical, da TV Brasil \/ Cr\u00e9dito: Rossana Fraga \/ BNDES\"\/><\/figure>\n\n\n\n<p><\/p>\n\n\n\n<p><strong>Ao vivo e on demand<\/strong><\/p>\n\n\n\n<p>Acompanhe a programa\u00e7\u00e3o da TV Brasil pelo canal aberto, TV por assinatura e parab\u00f3lica. Sintonize:&nbsp;<a href=\"https:\/\/tvbrasil.ebc.com.br\/comosintonizar\">https:\/\/tvbrasil.ebc.com.br\/comosintonizar<\/a>.<\/p>\n\n\n\n<p>Seus programas favoritos est\u00e3o no TV Brasil Play, pelo site&nbsp;<a href=\"http:\/\/tvbrasilplay.com.br\/\">http:\/\/tvbrasilplay.com.br<\/a>&nbsp;ou por aplicativo no smartphone. O app pode ser baixado gratuitamente e est\u00e1 dispon\u00edvel para Android e iOS. Assista tamb\u00e9m pela WebTV:&nbsp;<a href=\"https:\/\/tvbrasil.ebc.com.br\/webtv\">https:\/\/tvbrasil.ebc.com.br\/webtv<\/a>.<\/p>\n\n\n\n<p><strong>Servi\u00e7o<\/strong><br>Cena Musical&nbsp;\u2013 s\u00e1bado, dia 21\/2, para domingo, dia 22\/2, \u00e0 meia-noite, na TV Brasil<\/p>\n\n\n\n<p><strong>TV Brasil na internet e nas redes sociais<\/strong><br>Site \u2013&nbsp;<a href=\"https:\/\/tvbrasil.ebc.com.br\/\">https:\/\/tvbrasil.ebc.com.br<\/a><br>Facebook \u2013&nbsp;<a href=\"https:\/\/www.facebook.com\/tvbrasil\">https:\/\/www.facebook.com\/tvbrasil<\/a><br>Instagram \u2013&nbsp;<a href=\"https:\/\/www.instagram.com\/tvbrasil\">https:\/\/www.instagram.com\/tvbrasil<\/a><br>YouTube \u2013&nbsp;<a href=\"https:\/\/www.youtube.com\/tvbrasil\">https:\/\/www.youtube.com\/tvbrasil<\/a><br>X \u2013&nbsp;<a href=\"https:\/\/x.com\/TVBrasil\">https:\/\/x.com\/TVBrasil<\/a><br>TikTok \u2013&nbsp;<a href=\"https:\/\/www.tiktok.com\/@tvbrasil\">https:\/\/www.tiktok.com\/@tvbrasil<\/a><br>TV Brasil Play &#8211;&nbsp;<a href=\"http:\/\/tvbrasilplay.com.br\/\">http:\/\/tvbrasilplay.com.br<\/a><\/p>\n\n\n\n<p><em><strong>Com informa\u00e7\u00f5es da Ag\u00eancia Brasil \/ EBC<\/strong><\/em><\/p>\n","protected":false},"excerpt":{"rendered":"<p>Espet\u00e1culo da estrela nordestina \u00e9 atra\u00e7\u00e3o da emissora p\u00fablica no programa Cena Musical Rossana Fraga \/ BNDES A TV Brasil prepara uma homenagem em clima de folia: na virada de s\u00e1bado (21\/2) para domingo (22\/2), \u00e0 meia-noite, o programa Cena Musical apresenta um show ac\u00fastico e exclusivo de Elba Ramalho para celebrar os 75 anos [&hellip;]<\/p>\n","protected":false},"author":777,"featured_media":16576,"comment_status":"open","ping_status":"open","sticky":false,"template":"","format":"standard","meta":{"_monsterinsights_skip_tracking":false,"_monsterinsights_sitenote_active":false,"_monsterinsights_sitenote_note":"","_monsterinsights_sitenote_category":0,"footnotes":""},"categories":[6],"tags":[6332,6337,229,6330,6335,6329,6334,6331,6333,6104,5956,6336,6328],"class_list":["post-16575","post","type-post","status-publish","format-standard","has-post-thumbnail","hentry","category-music","tag-baiao","tag-bndes","tag-carnaval","tag-cenamusical","tag-culturanordestina-2","tag-elbaramalho","tag-especialnatv","tag-forro-3","tag-frevo","tag-mpb-2","tag-musicabrasileira-2","tag-showacustico-2","tag-tvbrasil-2"],"_links":{"self":[{"href":"https:\/\/cidadecult.com.br\/index.php?rest_route=\/wp\/v2\/posts\/16575","targetHints":{"allow":["GET"]}}],"collection":[{"href":"https:\/\/cidadecult.com.br\/index.php?rest_route=\/wp\/v2\/posts"}],"about":[{"href":"https:\/\/cidadecult.com.br\/index.php?rest_route=\/wp\/v2\/types\/post"}],"author":[{"embeddable":true,"href":"https:\/\/cidadecult.com.br\/index.php?rest_route=\/wp\/v2\/users\/777"}],"replies":[{"embeddable":true,"href":"https:\/\/cidadecult.com.br\/index.php?rest_route=%2Fwp%2Fv2%2Fcomments&post=16575"}],"version-history":[{"count":1,"href":"https:\/\/cidadecult.com.br\/index.php?rest_route=\/wp\/v2\/posts\/16575\/revisions"}],"predecessor-version":[{"id":16577,"href":"https:\/\/cidadecult.com.br\/index.php?rest_route=\/wp\/v2\/posts\/16575\/revisions\/16577"}],"wp:featuredmedia":[{"embeddable":true,"href":"https:\/\/cidadecult.com.br\/index.php?rest_route=\/wp\/v2\/media\/16576"}],"wp:attachment":[{"href":"https:\/\/cidadecult.com.br\/index.php?rest_route=%2Fwp%2Fv2%2Fmedia&parent=16575"}],"wp:term":[{"taxonomy":"category","embeddable":true,"href":"https:\/\/cidadecult.com.br\/index.php?rest_route=%2Fwp%2Fv2%2Fcategories&post=16575"},{"taxonomy":"post_tag","embeddable":true,"href":"https:\/\/cidadecult.com.br\/index.php?rest_route=%2Fwp%2Fv2%2Ftags&post=16575"}],"curies":[{"name":"wp","href":"https:\/\/api.w.org\/{rel}","templated":true}]}}