{"id":16516,"date":"2026-02-19T16:16:00","date_gmt":"2026-02-19T19:16:00","guid":{"rendered":"https:\/\/cidadecult.com.br\/?p=16516"},"modified":"2026-02-19T16:16:04","modified_gmt":"2026-02-19T19:16:04","slug":"o-cordel-da-bela-e-a-fera-teatro-brasilia-shopping","status":"publish","type":"post","link":"https:\/\/cidadecult.com.br\/?p=16516","title":{"rendered":"O Cordel da Bela e a Fera leva cl\u00e1ssico dos contos de fadas ao palco com rimas, ciranda e ritmos nordestinos no Teatro Bras\u00edlia Shopping"},"content":{"rendered":"\n<h2 class=\"wp-block-heading\"><\/h2>\n\n\n\n<p><strong>Espet\u00e1culo infantil tem entrada gratuita e integra a Mostra Teatral de Bras\u00edlia, com sess\u00f5es aos s\u00e1bados 21 e 28 de fevereiro, \u00e0s 11h<\/strong><\/p>\n\n\n\n<p>Um dos contos mais conhecidos do imagin\u00e1rio popular ganha uma vers\u00e3o brasileir\u00edssima em Bras\u00edlia. <strong>\u201cO Cordel da Bela e a Fera\u201d<\/strong>, adaptado do livro de <strong>Clara Rosa Cruz Gomes<\/strong>, chega ao <strong>Teatro Bras\u00edlia Shopping<\/strong> em duas apresenta\u00e7\u00f5es especiais, <strong>nos s\u00e1bados 21 e 28 de fevereiro, \u00e0s 11h<\/strong>, com <strong>entrada gratuita<\/strong> (sujeita \u00e0 lota\u00e7\u00e3o de <strong>98 lugares<\/strong>). A montagem faz parte da programa\u00e7\u00e3o da <strong>Mostra Teatral de Bras\u00edlia<\/strong>, projeto apresentado pelo <strong>Minist\u00e9rio da Cultura e Grupo Bali<\/strong>, via <strong>Lei Rouanet<\/strong>, com patroc\u00ednio da <strong>Paulo Oct\u00e1vio Investimentos<\/strong> e apoio do <strong>Bras\u00edlia Shopping<\/strong>.<\/p>\n\n\n\n<p>A pe\u00e7a prop\u00f5e um encontro entre a magia do conto de fadas e a for\u00e7a da cultura popular brasileira: o texto \u00e9 <strong>roteirizado em forma de cordel<\/strong>, respeitando <strong>m\u00e9trica e rimas<\/strong>, e a trilha traz <strong>ritmos populares nordestinos<\/strong>, com refer\u00eancias \u00e0 <strong>ciranda<\/strong> e m\u00fasicas in\u00e9ditas criadas especialmente para o espet\u00e1culo.<\/p>\n\n\n\n<h3 class=\"wp-block-heading\">Um cl\u00e1ssico com ra\u00edzes populares<\/h3>\n\n\n\n<figure class=\"wp-block-image size-large\"><img loading=\"lazy\" decoding=\"async\" width=\"682\" height=\"1024\" src=\"https:\/\/cidadecult.com.br\/wp-content\/uploads\/2026\/02\/O-Cordel-da-Bela-e-a-Fera-Credito-Hirlan-Kupfer-e-Mari-Mattos-5-682x1024.jpg\" alt=\"\" class=\"wp-image-16518\" srcset=\"https:\/\/cidadecult.com.br\/wp-content\/uploads\/2026\/02\/O-Cordel-da-Bela-e-a-Fera-Credito-Hirlan-Kupfer-e-Mari-Mattos-5-682x1024.jpg 682w, https:\/\/cidadecult.com.br\/wp-content\/uploads\/2026\/02\/O-Cordel-da-Bela-e-a-Fera-Credito-Hirlan-Kupfer-e-Mari-Mattos-5-200x300.jpg 200w, https:\/\/cidadecult.com.br\/wp-content\/uploads\/2026\/02\/O-Cordel-da-Bela-e-a-Fera-Credito-Hirlan-Kupfer-e-Mari-Mattos-5-768x1152.jpg 768w, https:\/\/cidadecult.com.br\/wp-content\/uploads\/2026\/02\/O-Cordel-da-Bela-e-a-Fera-Credito-Hirlan-Kupfer-e-Mari-Mattos-5-1024x1536.jpg 1024w, https:\/\/cidadecult.com.br\/wp-content\/uploads\/2026\/02\/O-Cordel-da-Bela-e-a-Fera-Credito-Hirlan-Kupfer-e-Mari-Mattos-5-750x1125.jpg 750w, https:\/\/cidadecult.com.br\/wp-content\/uploads\/2026\/02\/O-Cordel-da-Bela-e-a-Fera-Credito-Hirlan-Kupfer-e-Mari-Mattos-5-1140x1710.jpg 1140w, https:\/\/cidadecult.com.br\/wp-content\/uploads\/2026\/02\/O-Cordel-da-Bela-e-a-Fera-Credito-Hirlan-Kupfer-e-Mari-Mattos-5.jpg 1181w\" sizes=\"auto, (max-width: 682px) 100vw, 682px\" \/><figcaption class=\"wp-element-caption\">Telmo Ximenes Fotografia<\/figcaption><\/figure>\n\n\n\n<p>Sem abandonar a ess\u00eancia das primeiras vers\u00f5es da hist\u00f3ria \u2014 que remontam \u00e0s narrativas de <strong>Madame de Villeneuve<\/strong> e <strong>Jeanne-Marie LePrince de Beaumont<\/strong> \u2014 a montagem aposta em linguagem acess\u00edvel, musicalidade e poesia para encantar crian\u00e7as e adultos.<\/p>\n\n\n\n<p>Na trama, em uma vilazinha distante, um pr\u00edncipe \u00e9 transformado em fera por sua avareza e passa a viver recluso em um castelo. A mudan\u00e7a de destino come\u00e7a quando um comerciante invade o local e, ao tentar colher uma rosa, torna-se prisioneiro. A filha do homem, ent\u00e3o, decide retornar ao castelo \u2014 e surge como a \u00faltima esperan\u00e7a de quebra do feiti\u00e7o.<\/p>\n\n\n\n<h3 class=\"wp-block-heading\">Mostra Teatral de Bras\u00edlia: diversidade e democratiza\u00e7\u00e3o cultural<\/h3>\n\n\n\n<p>Produzida pela <strong>Estrella Cultura e Arte<\/strong>, a Mostra Teatral de Bras\u00edlia ocupa o <strong>Teatro Bras\u00edlia Shopping<\/strong> com uma programa\u00e7\u00e3o que re\u00fane espet\u00e1culos <strong>adultos, infantis e juvenis<\/strong>. O projeto tamb\u00e9m investe em a\u00e7\u00f5es de democratiza\u00e7\u00e3o cultural, com <strong>ingressos gratuitos e acess\u00edveis<\/strong>, fortalecendo forma\u00e7\u00e3o de plateia e o impacto econ\u00f4mico da cadeia criativa local.<\/p>\n\n\n\n<hr class=\"wp-block-separator has-alpha-channel-opacity\"\/>\n\n\n\n<h2 class=\"wp-block-heading\">Servi\u00e7o<\/h2>\n\n\n\n<p><strong>Espet\u00e1culo:<\/strong> O Cordel da Bela e a Fera<br><strong>Local:<\/strong> Teatro Bras\u00edlia Shopping (SCN, Q. 5, Bl. A \u2013 T\u00e9rreo)<br><strong>Temporada:<\/strong> s\u00e1bados <strong>21 e 28 de fevereiro<\/strong>, \u00e0s <strong>11h<\/strong><br><strong>Entrada:<\/strong> gratuita, <strong>sujeita \u00e0 lota\u00e7\u00e3o<\/strong> (98 lugares)<br><strong>Classifica\u00e7\u00e3o:<\/strong> livre (recomendado para crian\u00e7as a partir de 3 anos)<br><strong>Informa\u00e7\u00f5es:<\/strong> @teatrobrasiliashopping e @mostrateatraldebrasilia<\/p>\n\n\n\n<p><strong>Aten\u00e7\u00e3o (acesso):<\/strong> a retirada antecipada de ingressos <strong>n\u00e3o garante<\/strong> entrada. A libera\u00e7\u00e3o do p\u00fablico acontece <strong>20 minutos antes<\/strong> do in\u00edcio, com prioridade para quem apresentar ingresso. A partir de <strong>10 minutos antes<\/strong>, havendo lugares, o acesso pode ser liberado tamb\u00e9m para p\u00fablico sem ingresso.<\/p>\n\n\n\n<p><\/p>\n\n\n\n<hr class=\"wp-block-separator has-alpha-channel-opacity\"\/>\n\n\n\n<h2 class=\"wp-block-heading\">Ficha t\u00e9cnica (cr\u00e9ditos)<\/h2>\n\n\n\n<p><strong>Dire\u00e7\u00e3o Geral:<\/strong> Gabriel Neves | <strong>Dire\u00e7\u00e3o C\u00eanica:<\/strong> Oliver Oliveira | <strong>Dire\u00e7\u00e3o Musical:<\/strong> Tiago \u201cBlack\u201d Teixeira<br><strong>Roteiro:<\/strong> Clara Rosa Cruz Gomes (dramaturgia original) | <strong>Adapta\u00e7\u00e3o:<\/strong> Gabriel Neves<br><strong>Elenco:<\/strong> Elder de Paula, Gabriel Neves, Milo Castelo, Nayara Lima, Priscila Fragoso e Tiago \u201cBlack\u201d Teixeira<br><strong>Cenografia (concep\u00e7\u00e3o):<\/strong> Gabriel Neves | <strong>Cenografia:<\/strong> Gabriel Neves, Jo\u00e3o Azevedo, Mateus Paulino, Zuca Veloso<br><strong>Sonoplastia:<\/strong> O grupo | <strong>Opera\u00e7\u00e3o de som:<\/strong> Oliver Oliveira<br><strong>Ilumina\u00e7\u00e3o:<\/strong> Hirlan Kupfer | <strong>Opera\u00e7\u00e3o de luz:<\/strong> Zuca Veloso<br><strong>Figurino:<\/strong> Acervo do grupo<br><strong>Fotografias:<\/strong> Hirlan Kupfer e Mari Mattos | <strong>Filmagem:<\/strong> Daniel Kuwae<br><strong>Produ\u00e7\u00e3o:<\/strong> Cantinho Produ\u00e7\u00f5es<\/p>\n","protected":false},"excerpt":{"rendered":"<p>Espet\u00e1culo infantil tem entrada gratuita e integra a Mostra Teatral de Bras\u00edlia, com sess\u00f5es aos s\u00e1bados 21 e 28 de fevereiro, \u00e0s 11h Um dos contos mais conhecidos do imagin\u00e1rio popular ganha uma vers\u00e3o brasileir\u00edssima em Bras\u00edlia. \u201cO Cordel da Bela e a Fera\u201d, adaptado do livro de Clara Rosa Cruz Gomes, chega ao Teatro [&hellip;]<\/p>\n","protected":false},"author":777,"featured_media":16517,"comment_status":"open","ping_status":"open","sticky":false,"template":"","format":"standard","meta":{"_monsterinsights_skip_tracking":false,"_monsterinsights_sitenote_active":false,"_monsterinsights_sitenote_note":"","_monsterinsights_sitenote_category":0,"footnotes":""},"categories":[41,17],"tags":[6195,6223,6222,5715,5701,6218,6216,6217,6219,6221,5672,6220,6215,6214],"class_list":["post-16516","post","type-post","status-publish","format-standard","has-post-thumbnail","hentry","category-agenda","category-bsb","tag-agendaculturaldf","tag-ciranda","tag-cordel-3","tag-culturanodf-2","tag-culturapopular-2","tag-grupobali","tag-leirouanet","tag-ministeriodacultura","tag-mostrateatraldebrasilia","tag-ocordeldabelaeafera","tag-programacaoinfantil","tag-teatrobrasiliashopping","tag-teatroembrasilia-2","tag-teatroinfantil"],"_links":{"self":[{"href":"https:\/\/cidadecult.com.br\/index.php?rest_route=\/wp\/v2\/posts\/16516","targetHints":{"allow":["GET"]}}],"collection":[{"href":"https:\/\/cidadecult.com.br\/index.php?rest_route=\/wp\/v2\/posts"}],"about":[{"href":"https:\/\/cidadecult.com.br\/index.php?rest_route=\/wp\/v2\/types\/post"}],"author":[{"embeddable":true,"href":"https:\/\/cidadecult.com.br\/index.php?rest_route=\/wp\/v2\/users\/777"}],"replies":[{"embeddable":true,"href":"https:\/\/cidadecult.com.br\/index.php?rest_route=%2Fwp%2Fv2%2Fcomments&post=16516"}],"version-history":[{"count":1,"href":"https:\/\/cidadecult.com.br\/index.php?rest_route=\/wp\/v2\/posts\/16516\/revisions"}],"predecessor-version":[{"id":16519,"href":"https:\/\/cidadecult.com.br\/index.php?rest_route=\/wp\/v2\/posts\/16516\/revisions\/16519"}],"wp:featuredmedia":[{"embeddable":true,"href":"https:\/\/cidadecult.com.br\/index.php?rest_route=\/wp\/v2\/media\/16517"}],"wp:attachment":[{"href":"https:\/\/cidadecult.com.br\/index.php?rest_route=%2Fwp%2Fv2%2Fmedia&parent=16516"}],"wp:term":[{"taxonomy":"category","embeddable":true,"href":"https:\/\/cidadecult.com.br\/index.php?rest_route=%2Fwp%2Fv2%2Fcategories&post=16516"},{"taxonomy":"post_tag","embeddable":true,"href":"https:\/\/cidadecult.com.br\/index.php?rest_route=%2Fwp%2Fv2%2Ftags&post=16516"}],"curies":[{"name":"wp","href":"https:\/\/api.w.org\/{rel}","templated":true}]}}