{"id":16505,"date":"2026-02-19T15:54:48","date_gmt":"2026-02-19T18:54:48","guid":{"rendered":"https:\/\/cidadecult.com.br\/?p=16505"},"modified":"2026-02-19T15:54:51","modified_gmt":"2026-02-19T18:54:51","slug":"dstak-dia-da-mulher-palestra-show-diego-borges-2026","status":"publish","type":"post","link":"https:\/\/cidadecult.com.br\/?p=16505","title":{"rendered":"D\u2019Stak Fitness celebra o Dia da Mulher e seus 46 anos com palestra-show gratuita de Diego Borges, em Bras\u00edlia"},"content":{"rendered":"\n<p><\/p>\n\n\n\n<p>A <strong>D\u2019Stak Fitness<\/strong> promove, no <strong>dia 6 de mar\u00e7o de 2026 (quinta-feira)<\/strong>, das <strong>19h \u00e0s 21h<\/strong>, um encontro especial em homenagem ao <strong>Dia Internacional da Mulher (8 de mar\u00e7o)<\/strong> \u2014 e que tamb\u00e9m marca os <strong>46 anos<\/strong> de trajet\u00f3ria da academia em Bras\u00edlia. A noite ter\u00e1 como atra\u00e7\u00e3o a <strong>Palestra-Show de Diego Borges<\/strong>, dan\u00e7arino, palestrante e campe\u00e3o internacional, em um formato que une <strong>arte, movimento e inspira\u00e7\u00e3o<\/strong>.<\/p>\n\n\n\n<p>O evento \u00e9 <strong>gratuito<\/strong>, com <strong>vagas limitadas<\/strong>, e acontece na sede da D\u2019Stak: <strong>SGAN 911, M\u00f3dulo B, Asa Norte<\/strong>. A participa\u00e7\u00e3o \u00e9 <strong>exclusiva para mulheres<\/strong>, e as inscri\u00e7\u00f5es devem ser feitas antecipadamente pelo <strong>Sympla<\/strong>.<\/p>\n\n\n\n<figure class=\"wp-block-image size-large\"><img loading=\"lazy\" decoding=\"async\" width=\"1024\" height=\"858\" src=\"https:\/\/cidadecult.com.br\/wp-content\/uploads\/2026\/02\/Foto-Diego-Borges-Divulgacao-3-1024x858.jpg\" alt=\"\" class=\"wp-image-16507\" srcset=\"https:\/\/cidadecult.com.br\/wp-content\/uploads\/2026\/02\/Foto-Diego-Borges-Divulgacao-3-1024x858.jpg 1024w, https:\/\/cidadecult.com.br\/wp-content\/uploads\/2026\/02\/Foto-Diego-Borges-Divulgacao-3-300x252.jpg 300w, https:\/\/cidadecult.com.br\/wp-content\/uploads\/2026\/02\/Foto-Diego-Borges-Divulgacao-3-768x644.jpg 768w, https:\/\/cidadecult.com.br\/wp-content\/uploads\/2026\/02\/Foto-Diego-Borges-Divulgacao-3-750x629.jpg 750w, https:\/\/cidadecult.com.br\/wp-content\/uploads\/2026\/02\/Foto-Diego-Borges-Divulgacao-3-1140x956.jpg 1140w, https:\/\/cidadecult.com.br\/wp-content\/uploads\/2026\/02\/Foto-Diego-Borges-Divulgacao-3.jpg 1293w\" sizes=\"auto, (max-width: 1024px) 100vw, 1024px\" \/><figcaption class=\"wp-element-caption\">Divulga\u00e7\u00e3o<\/figcaption><\/figure>\n\n\n\n<h3 class=\"wp-block-heading\">Uma noite para celebrar protagonismo feminino<\/h3>\n\n\n\n<p>A proposta \u00e9 reunir alunas, convidadas e mulheres da comunidade em um momento de conex\u00e3o, valorizando <strong>for\u00e7a, sensibilidade, coragem e protagonismo<\/strong>. O encontro foi desenhado para ser acolhedor e, ao mesmo tempo, energizante \u2014 com conte\u00fado motivacional e linguagem corporal como ferramentas de express\u00e3o.<\/p>\n\n\n\n<h3 class=\"wp-block-heading\">Palestra-show: motiva\u00e7\u00e3o que se move<\/h3>\n\n\n\n<figure class=\"wp-block-image size-large\"><img loading=\"lazy\" decoding=\"async\" width=\"1024\" height=\"858\" src=\"https:\/\/cidadecult.com.br\/wp-content\/uploads\/2026\/02\/Foto-Diego-Borges-Divulgacao-2-1024x858.jpg\" alt=\"\" class=\"wp-image-16508\" srcset=\"https:\/\/cidadecult.com.br\/wp-content\/uploads\/2026\/02\/Foto-Diego-Borges-Divulgacao-2-1024x858.jpg 1024w, https:\/\/cidadecult.com.br\/wp-content\/uploads\/2026\/02\/Foto-Diego-Borges-Divulgacao-2-300x252.jpg 300w, https:\/\/cidadecult.com.br\/wp-content\/uploads\/2026\/02\/Foto-Diego-Borges-Divulgacao-2-768x644.jpg 768w, https:\/\/cidadecult.com.br\/wp-content\/uploads\/2026\/02\/Foto-Diego-Borges-Divulgacao-2-750x629.jpg 750w, https:\/\/cidadecult.com.br\/wp-content\/uploads\/2026\/02\/Foto-Diego-Borges-Divulgacao-2-1140x956.jpg 1140w, https:\/\/cidadecult.com.br\/wp-content\/uploads\/2026\/02\/Foto-Diego-Borges-Divulgacao-2.jpg 1293w\" sizes=\"auto, (max-width: 1024px) 100vw, 1024px\" \/><\/figure>\n\n\n\n<p>Reconhecido por sua trajet\u00f3ria na dan\u00e7a e por conquistas em competi\u00e7\u00f5es internacionais, <strong>Diego Borges<\/strong> apresenta um formato autoral que mistura <strong>performance<\/strong>, <strong>storytelling<\/strong> e mensagens de <strong>autoconfian\u00e7a, supera\u00e7\u00e3o e disciplina<\/strong>. A chamada \u201cpalestra-show\u201d cria uma experi\u00eancia imersiva, em que movimento e narrativa se complementam para provocar reflex\u00e3o e fortalecer a autoestima.<\/p>\n\n\n\n<p>Para a organiza\u00e7\u00e3o, a escolha da atra\u00e7\u00e3o refor\u00e7a o simbolismo da data: celebrar o Dia da Mulher \u00e9 tamb\u00e9m reconhecer hist\u00f3rias e trajet\u00f3rias que inspiram \u2014 dentro e fora da academia.<\/p>\n\n\n\n<h3 class=\"wp-block-heading\">D\u2019Stak: 46 anos em Bras\u00edlia<\/h3>\n\n\n\n<p>Com <strong>46 anos de hist\u00f3ria<\/strong>, a D\u2019Stak se consolidou como uma das academias mais tradicionais da capital. Ao longo das d\u00e9cadas, ampliou estrutura, atualizou m\u00e9todos e manteve o foco em <strong>atendimento personalizado<\/strong> e <strong>qualidade de vida<\/strong>. O espa\u00e7o funciona <strong>de segunda a s\u00e1bado<\/strong> e conta com <strong>complexo aqu\u00e1tico com tr\u00eas piscinas<\/strong> (para nata\u00e7\u00e3o \u2014 a partir de tr\u00eas meses de vida \u2014 e hidrogin\u00e1stica), al\u00e9m de \u00e1rea fitness para <strong>muscula\u00e7\u00e3o, ergometria e aulas coletivas<\/strong>, como bike, step, abdominal, funcional, dan\u00e7a e alongamento.<\/p>\n\n\n\n<hr class=\"wp-block-separator has-alpha-channel-opacity\"\/>\n\n\n\n<h2 class=\"wp-block-heading\">Servi\u00e7o<\/h2>\n\n\n\n<p><strong>Mulheres D\u2019Stak \u2013 Palestra-Show com Diego Borges<\/strong><br>\ud83d\udcc5 <strong>Data:<\/strong> 6 de mar\u00e7o de 2026 (quinta), <strong>19h \u00e0s 21h<\/strong><br>\ud83d\udccd <strong>Local:<\/strong> D\u2019Stak Fitness \u2014 <strong>SGAN 911, M\u00f3dulo B, Asa Norte<\/strong>, Bras\u00edlia\/DF<br>\ud83c\udf9f\ufe0f <strong>Entrada:<\/strong> Gratuita (vagas limitadas)<br>\ud83d\udcdd <strong>Inscri\u00e7\u00f5es (Sympla):<\/strong> <a href=\"https:\/\/www.sympla.com.br\/evento\/mulheres-d-stak-palestra-show-com-diego-borges\/3313072\">https:\/\/www.sympla.com.br\/evento\/mulheres-d-stak-palestra-show-com-diego-borges\/3313072<\/a><br>\ud83d\udc69 <strong>P\u00fablico:<\/strong> evento exclusivo para mulheres<\/p>\n","protected":false},"excerpt":{"rendered":"<p>A D\u2019Stak Fitness promove, no dia 6 de mar\u00e7o de 2026 (quinta-feira), das 19h \u00e0s 21h, um encontro especial em homenagem ao Dia Internacional da Mulher (8 de mar\u00e7o) \u2014 e que tamb\u00e9m marca os 46 anos de trajet\u00f3ria da academia em Bras\u00edlia. A noite ter\u00e1 como atra\u00e7\u00e3o a Palestra-Show de Diego Borges, dan\u00e7arino, palestrante [&hellip;]<\/p>\n","protected":false},"author":777,"featured_media":16506,"comment_status":"open","ping_status":"open","sticky":false,"template":"","format":"standard","meta":{"_monsterinsights_skip_tracking":false,"_monsterinsights_sitenote_active":false,"_monsterinsights_sitenote_note":"","_monsterinsights_sitenote_category":0,"footnotes":""},"categories":[41],"tags":[6195,6048,6199,6197,147,1920,6190,6192,6191,6200,6194,6196,6193,6198],"class_list":["post-16505","post","type-post","status-publish","format-standard","has-post-thumbnail","hentry","category-agenda","tag-agendaculturaldf","tag-asanorte-2","tag-autoestima","tag-bemestar-2","tag-brasilia-2","tag-danca-2","tag-diadamulher-2","tag-diegoborges","tag-dstakfitness","tag-empoderamentofeminino","tag-eventogratuito-2","tag-mulheresembrasilia","tag-palestrashow","tag-qualidadedevida-2"],"_links":{"self":[{"href":"https:\/\/cidadecult.com.br\/index.php?rest_route=\/wp\/v2\/posts\/16505","targetHints":{"allow":["GET"]}}],"collection":[{"href":"https:\/\/cidadecult.com.br\/index.php?rest_route=\/wp\/v2\/posts"}],"about":[{"href":"https:\/\/cidadecult.com.br\/index.php?rest_route=\/wp\/v2\/types\/post"}],"author":[{"embeddable":true,"href":"https:\/\/cidadecult.com.br\/index.php?rest_route=\/wp\/v2\/users\/777"}],"replies":[{"embeddable":true,"href":"https:\/\/cidadecult.com.br\/index.php?rest_route=%2Fwp%2Fv2%2Fcomments&post=16505"}],"version-history":[{"count":1,"href":"https:\/\/cidadecult.com.br\/index.php?rest_route=\/wp\/v2\/posts\/16505\/revisions"}],"predecessor-version":[{"id":16509,"href":"https:\/\/cidadecult.com.br\/index.php?rest_route=\/wp\/v2\/posts\/16505\/revisions\/16509"}],"wp:featuredmedia":[{"embeddable":true,"href":"https:\/\/cidadecult.com.br\/index.php?rest_route=\/wp\/v2\/media\/16506"}],"wp:attachment":[{"href":"https:\/\/cidadecult.com.br\/index.php?rest_route=%2Fwp%2Fv2%2Fmedia&parent=16505"}],"wp:term":[{"taxonomy":"category","embeddable":true,"href":"https:\/\/cidadecult.com.br\/index.php?rest_route=%2Fwp%2Fv2%2Fcategories&post=16505"},{"taxonomy":"post_tag","embeddable":true,"href":"https:\/\/cidadecult.com.br\/index.php?rest_route=%2Fwp%2Fv2%2Ftags&post=16505"}],"curies":[{"name":"wp","href":"https:\/\/api.w.org\/{rel}","templated":true}]}}