{"id":16501,"date":"2026-02-19T15:30:35","date_gmt":"2026-02-19T18:30:35","guid":{"rendered":"https:\/\/cidadecult.com.br\/?p=16501"},"modified":"2026-02-19T15:30:37","modified_gmt":"2026-02-19T18:30:37","slug":"ccbb-brasilia-recebe-espetaculo-saudade-do-grupo-paulista-os-geraldos","status":"publish","type":"post","link":"https:\/\/cidadecult.com.br\/?p=16501","title":{"rendered":"CCBB Bras\u00edlia recebe espet\u00e1culo \u201cSaudade\u201d, do grupo paulista Os Geraldos"},"content":{"rendered":"\n<p><em>Foto\/divulga\u00e7\u00e3o<\/em><\/p>\n\n\n\n<p>O Centro Cultural Banco do Brasil Bras\u00edlia (CCBB Bras\u00edlia) abre espa\u00e7o para uma experi\u00eancia sens\u00edvel e profundamente afetiva a partir de 25 de fevereiro. O teatro do espa\u00e7o cultural recebe a temporada de <strong>\u201cSaudade\u201d<\/strong>, novo espet\u00e1culo do grupo paulista <strong>Os Geraldos<\/strong>, com concep\u00e7\u00e3o e dire\u00e7\u00e3o de Douglas Novais. As apresenta\u00e7\u00f5es seguem at\u00e9 <strong>8 de mar\u00e7o<\/strong>, com sess\u00f5es de quarta a domingo.<\/p>\n\n\n\n<p>Na montagem, um pequeno vilarejo ganha vida no palco e transforma a mem\u00f3ria em personagem. Entre inf\u00e2ncia, morte e lembran\u00e7a, a pe\u00e7a constr\u00f3i uma narrativa po\u00e9tica onde a saudade deixa de ser apenas sentimento e passa a ser presen\u00e7a cantada, dita e vivida coletivamente em cena.<\/p>\n\n\n\n<p>Inspirado livremente no conto <em>Pinguinho<\/em>, de Viriato Correia, e em textos de Rubem Alves, o espet\u00e1culo re\u00fane <strong>13 int\u00e9rpretes que cantam ao vivo<\/strong> can\u00e7\u00f5es tradicionais em portugu\u00eas, espanhol, franc\u00eas, italiano e latim. A m\u00fasica n\u00e3o aparece apenas como trilha: ela organiza a dramaturgia e cria um encontro direto entre plateia e elenco.<\/p>\n\n\n\n<h2 class=\"wp-block-heading\">Teatro popular e mem\u00f3ria afetiva<\/h2>\n\n\n\n<p>A encena\u00e7\u00e3o aposta no di\u00e1logo entre teatro popular brasileiro e pesquisa multicultural. No vilarejo criado pela companhia, a morte \u2014 antes motivo de festa e brincadeira infantil \u2014 passa a revelar a delicadeza da exist\u00eancia e o valor das mem\u00f3rias compartilhadas.<\/p>\n\n\n\n<p>O cr\u00edtico Bob Sousa aponta que a visualidade da pe\u00e7a remete \u00e0s pinturas de C\u00e2ndido Portinari, ao valorizar o homem comum e o Brasil interiorano. J\u00e1 o cr\u00edtico R\u00f4mulo Sobrinho destaca que a experi\u00eancia \u201cfala mais \u00e0 pele e ao afeto do que ao intelecto\u201d, com cenografia simb\u00f3lica e minimalista e uma trilha sonora que funciona como um personagem invis\u00edvel.<\/p>\n\n\n\n<p>O espet\u00e1culo teve reconhecimento internacional ainda em fase de pesquisa, em 2024, ao ser selecionado \u2014 entre mais de 200 projetos de 24 pa\u00edses \u2014 pela <strong>Convocatoria Iberoamericana de Residencias de Creaci\u00f3n do Iberescena<\/strong>. A partir da\u00ed, passou por resid\u00eancia art\u00edstica em um vilarejo pr\u00f3ximo a Barcelona e apresenta\u00e7\u00f5es na Europa.<\/p>\n\n\n\n<h2 class=\"wp-block-heading\">Quem s\u00e3o Os Geraldos<\/h2>\n\n\n\n<p>Fundado em 2008, o grupo re\u00fane artistas de 18 a 59 anos, vindos principalmente do interior paulista e de diferentes regi\u00f5es do pa\u00eds. A companhia desenvolve um teatro que valoriza o contato direto com o p\u00fablico, a expressividade vocal e o trabalho coral como linguagem e \u00e9tica coletiva.<\/p>\n\n\n\n<p>A trajet\u00f3ria inclui apresenta\u00e7\u00f5es em <strong>105 cidades, 24 estados brasileiros e 10 pa\u00edses<\/strong>. O grupo tamb\u00e9m administra o Teatro de Arte e Of\u00edcio (TAO), espa\u00e7o independente dedicado \u00e0 forma\u00e7\u00e3o e cria\u00e7\u00e3o teatral.<\/p>\n\n\n\n<h2 class=\"wp-block-heading\">Atividades formativas gratuitas<\/h2>\n\n\n\n<p>Al\u00e9m das sess\u00f5es, a temporada contar\u00e1 com oficinas gratuitas para interessados a partir de 16 anos:<\/p>\n\n\n\n<ul class=\"wp-block-list\">\n<li><strong>4 de mar\u00e7o:<\/strong> Voz em A\u00e7\u00e3o e Corpo-Coro<\/li>\n\n\n\n<li><strong>5 de mar\u00e7o:<\/strong> Corpo-Coro<\/li>\n\n\n\n<li><strong>6 de mar\u00e7o:<\/strong> Orquestra\u00e7\u00e3o do Exerc\u00edcio C\u00eanico + bate-papo<\/li>\n<\/ul>\n\n\n\n<p>As atividades acontecem das 10h \u00e0s 13h, mediante inscri\u00e7\u00e3o online.<\/p>\n\n\n\n<h2 class=\"wp-block-heading\">Acessibilidade e transporte<\/h2>\n\n\n\n<p>As sess\u00f5es de quinta-feira, \u00e0s 20h, ter\u00e3o <strong>Libras e audiodescri\u00e7\u00e3o<\/strong>.<br>O CCBB tamb\u00e9m mant\u00e9m o programa <strong>Vem pro CCBB<\/strong>, com transporte gratuito em van entre a Biblioteca Nacional e o centro cultural, de quinta a domingo.<\/p>\n\n\n\n<hr class=\"wp-block-separator has-alpha-channel-opacity\"\/>\n\n\n\n<h2 class=\"wp-block-heading\">Servi\u00e7o<\/h2>\n\n\n\n<p><strong>Espet\u00e1culo: Saudade \u2014 Grupo Os Geraldos<\/strong><br><strong>Local:<\/strong> Teatro do CCBB Bras\u00edlia<br><strong>Endere\u00e7o:<\/strong> SCES Trecho 2, Lote 22 \u2013 Ed. Presidente Tancredo Neves<br><strong>Temporada:<\/strong> 25 de fevereiro a 8 de mar\u00e7o<\/p>\n\n\n\n<p><strong>Hor\u00e1rios<\/strong><\/p>\n\n\n\n<ul class=\"wp-block-list\">\n<li>Quartas e sextas: 20h<\/li>\n\n\n\n<li>Quintas: 20h (com acessibilidade)<\/li>\n\n\n\n<li>S\u00e1bados: 17h e 20h<\/li>\n\n\n\n<li>Domingos: 18h<\/li>\n<\/ul>\n\n\n\n<p><strong>Ingressos:<\/strong> R$ 30 (inteira) | R$ 15 (meia)<br>Vendas: site do CCBB Bras\u00edlia e bilheteria<\/p>\n\n\n\n<p><strong>Classifica\u00e7\u00e3o indicativa:<\/strong> 16 anos<br><strong>Dura\u00e7\u00e3o:<\/strong> 56 minutos<br><strong>Informa\u00e7\u00f5es:<\/strong> (61) 3108-7600 | ccbb.com.br\/brasilia<\/p>\n","protected":false},"excerpt":{"rendered":"<p>Foto\/divulga\u00e7\u00e3o O Centro Cultural Banco do Brasil Bras\u00edlia (CCBB Bras\u00edlia) abre espa\u00e7o para uma experi\u00eancia sens\u00edvel e profundamente afetiva a partir de 25 de fevereiro. O teatro do espa\u00e7o cultural recebe a temporada de \u201cSaudade\u201d, novo espet\u00e1culo do grupo paulista Os Geraldos, com concep\u00e7\u00e3o e dire\u00e7\u00e3o de Douglas Novais. As apresenta\u00e7\u00f5es seguem at\u00e9 8 de [&hellip;]<\/p>\n","protected":false},"author":1441,"featured_media":16502,"comment_status":"open","ping_status":"open","sticky":false,"template":"","format":"standard","meta":{"_monsterinsights_skip_tracking":false,"_monsterinsights_sitenote_active":false,"_monsterinsights_sitenote_note":"","_monsterinsights_sitenote_category":0,"footnotes":""},"categories":[17],"tags":[],"class_list":["post-16501","post","type-post","status-publish","format-standard","has-post-thumbnail","hentry","category-bsb"],"_links":{"self":[{"href":"https:\/\/cidadecult.com.br\/index.php?rest_route=\/wp\/v2\/posts\/16501","targetHints":{"allow":["GET"]}}],"collection":[{"href":"https:\/\/cidadecult.com.br\/index.php?rest_route=\/wp\/v2\/posts"}],"about":[{"href":"https:\/\/cidadecult.com.br\/index.php?rest_route=\/wp\/v2\/types\/post"}],"author":[{"embeddable":true,"href":"https:\/\/cidadecult.com.br\/index.php?rest_route=\/wp\/v2\/users\/1441"}],"replies":[{"embeddable":true,"href":"https:\/\/cidadecult.com.br\/index.php?rest_route=%2Fwp%2Fv2%2Fcomments&post=16501"}],"version-history":[{"count":1,"href":"https:\/\/cidadecult.com.br\/index.php?rest_route=\/wp\/v2\/posts\/16501\/revisions"}],"predecessor-version":[{"id":16503,"href":"https:\/\/cidadecult.com.br\/index.php?rest_route=\/wp\/v2\/posts\/16501\/revisions\/16503"}],"wp:featuredmedia":[{"embeddable":true,"href":"https:\/\/cidadecult.com.br\/index.php?rest_route=\/wp\/v2\/media\/16502"}],"wp:attachment":[{"href":"https:\/\/cidadecult.com.br\/index.php?rest_route=%2Fwp%2Fv2%2Fmedia&parent=16501"}],"wp:term":[{"taxonomy":"category","embeddable":true,"href":"https:\/\/cidadecult.com.br\/index.php?rest_route=%2Fwp%2Fv2%2Fcategories&post=16501"},{"taxonomy":"post_tag","embeddable":true,"href":"https:\/\/cidadecult.com.br\/index.php?rest_route=%2Fwp%2Fv2%2Ftags&post=16501"}],"curies":[{"name":"wp","href":"https:\/\/api.w.org\/{rel}","templated":true}]}}