{"id":16423,"date":"2026-02-11T18:33:07","date_gmt":"2026-02-11T21:33:07","guid":{"rendered":"https:\/\/cidadecult.com.br\/?p=16423"},"modified":"2026-02-11T18:33:10","modified_gmt":"2026-02-11T21:33:10","slug":"pesquisa-genial-quaest-lula-aparece-a-frente-em-todas-as-simulacoes-de-2o-turno-para-2026","status":"publish","type":"post","link":"https:\/\/cidadecult.com.br\/?p=16423","title":{"rendered":"Pesquisa Genial\/Quaest: Lula aparece \u00e0 frente em todas as simula\u00e7\u00f5es de 2\u00ba turno para 2026"},"content":{"rendered":"\n<p>A nova rodada da <strong>Genial\/Quaest<\/strong>, divulgada nesta <strong>quarta-feira (11\/02)<\/strong>, mostra o presidente <strong>Luiz In\u00e1cio Lula da Silva (PT)<\/strong> numericamente \u00e0 frente em <strong>todos os cen\u00e1rios de segundo turno<\/strong> testados pelo instituto para a elei\u00e7\u00e3o de <strong>2026<\/strong>. Ao todo, foram <strong>sete simula\u00e7\u00f5es<\/strong>, nas quais o petista lidera contra diferentes nomes colocados como poss\u00edveis advers\u00e1rios.<\/p>\n\n\n\n<h3 class=\"wp-block-heading\">Os 7 cen\u00e1rios testados no 2\u00ba turno<\/h3>\n\n\n\n<ul class=\"wp-block-list\">\n<li><strong>Lula 43% x 38% Fl\u00e1vio Bolsonaro<\/strong> (branco\/nulo\/n\u00e3o vota 17%; indecisos 2%)<\/li>\n\n\n\n<li><strong>Lula 43% x 35% Ratinho Jr.<\/strong> (branco\/nulo\/n\u00e3o vota 19%; indecisos 3%)<\/li>\n\n\n\n<li><strong>Lula 42% x 32% Ronaldo Caiado<\/strong> (branco\/nulo\/n\u00e3o vota 22%; indecisos 4%)<\/li>\n\n\n\n<li><strong>Lula 43% x 32% Romeu Zema<\/strong> (branco\/nulo\/n\u00e3o vota 21%; indecisos 4%)<\/li>\n\n\n\n<li><strong>Lula 42% x 28% Eduardo Leite<\/strong> (branco\/nulo\/n\u00e3o vota 26%; indecisos 4%)<\/li>\n\n\n\n<li><strong>Lula 44% x 25% Aldo Rebelo<\/strong> (branco\/nulo\/n\u00e3o vota 27%; indecisos 4%)<\/li>\n\n\n\n<li><strong>Lula 44% x 25% Renan Santos<\/strong> (branco\/nulo\/n\u00e3o vota 27%; indecisos 4%)<\/li>\n<\/ul>\n\n\n\n<figure class=\"wp-block-image size-large\"><img loading=\"lazy\" decoding=\"async\" width=\"1024\" height=\"613\" src=\"https:\/\/cidadecult.com.br\/wp-content\/uploads\/2026\/02\/lula-1-1024x613.webp\" alt=\"\" class=\"wp-image-16425\" srcset=\"https:\/\/cidadecult.com.br\/wp-content\/uploads\/2026\/02\/lula-1-1024x613.webp 1024w, https:\/\/cidadecult.com.br\/wp-content\/uploads\/2026\/02\/lula-1-300x179.webp 300w, https:\/\/cidadecult.com.br\/wp-content\/uploads\/2026\/02\/lula-1-768x459.webp 768w, https:\/\/cidadecult.com.br\/wp-content\/uploads\/2026\/02\/lula-1-750x449.webp 750w, https:\/\/cidadecult.com.br\/wp-content\/uploads\/2026\/02\/lula-1-1140x682.webp 1140w, https:\/\/cidadecult.com.br\/wp-content\/uploads\/2026\/02\/lula-1.webp 1170w\" sizes=\"auto, (max-width: 1024px) 100vw, 1024px\" \/><figcaption class=\"wp-element-caption\">Cr\u00e9dito: Ricardo Stuckert \/ PR<\/figcaption><\/figure>\n\n\n\n<h3 class=\"wp-block-heading\">Metodologia<\/h3>\n\n\n\n<p>O levantamento ouviu <strong>2.004 eleitores<\/strong>, com <strong>entrevistas presenciais<\/strong> realizadas entre <strong>5 e 9 de fevereiro<\/strong>, e tem <strong>margem de erro de 2 pontos percentuais<\/strong>, com <strong>95% de confian\u00e7a<\/strong>. A pesquisa est\u00e1 registrada no TSE sob o protocolo <strong>BR-00249\/2026<\/strong>.<\/p>\n","protected":false},"excerpt":{"rendered":"<p>A nova rodada da Genial\/Quaest, divulgada nesta quarta-feira (11\/02), mostra o presidente Luiz In\u00e1cio Lula da Silva (PT) numericamente \u00e0 frente em todos os cen\u00e1rios de segundo turno testados pelo instituto para a elei\u00e7\u00e3o de 2026. Ao todo, foram sete simula\u00e7\u00f5es, nas quais o petista lidera contra diferentes nomes colocados como poss\u00edveis advers\u00e1rios. Os 7 [&hellip;]<\/p>\n","protected":false},"author":777,"featured_media":16424,"comment_status":"open","ping_status":"open","sticky":false,"template":"","format":"standard","meta":{"_monsterinsights_skip_tracking":false,"_monsterinsights_sitenote_active":false,"_monsterinsights_sitenote_note":"","_monsterinsights_sitenote_category":0,"footnotes":""},"categories":[54],"tags":[],"class_list":["post-16423","post","type-post","status-publish","format-standard","has-post-thumbnail","hentry","category-brasil"],"_links":{"self":[{"href":"https:\/\/cidadecult.com.br\/index.php?rest_route=\/wp\/v2\/posts\/16423","targetHints":{"allow":["GET"]}}],"collection":[{"href":"https:\/\/cidadecult.com.br\/index.php?rest_route=\/wp\/v2\/posts"}],"about":[{"href":"https:\/\/cidadecult.com.br\/index.php?rest_route=\/wp\/v2\/types\/post"}],"author":[{"embeddable":true,"href":"https:\/\/cidadecult.com.br\/index.php?rest_route=\/wp\/v2\/users\/777"}],"replies":[{"embeddable":true,"href":"https:\/\/cidadecult.com.br\/index.php?rest_route=%2Fwp%2Fv2%2Fcomments&post=16423"}],"version-history":[{"count":1,"href":"https:\/\/cidadecult.com.br\/index.php?rest_route=\/wp\/v2\/posts\/16423\/revisions"}],"predecessor-version":[{"id":16426,"href":"https:\/\/cidadecult.com.br\/index.php?rest_route=\/wp\/v2\/posts\/16423\/revisions\/16426"}],"wp:featuredmedia":[{"embeddable":true,"href":"https:\/\/cidadecult.com.br\/index.php?rest_route=\/wp\/v2\/media\/16424"}],"wp:attachment":[{"href":"https:\/\/cidadecult.com.br\/index.php?rest_route=%2Fwp%2Fv2%2Fmedia&parent=16423"}],"wp:term":[{"taxonomy":"category","embeddable":true,"href":"https:\/\/cidadecult.com.br\/index.php?rest_route=%2Fwp%2Fv2%2Fcategories&post=16423"},{"taxonomy":"post_tag","embeddable":true,"href":"https:\/\/cidadecult.com.br\/index.php?rest_route=%2Fwp%2Fv2%2Ftags&post=16423"}],"curies":[{"name":"wp","href":"https:\/\/api.w.org\/{rel}","templated":true}]}}