{"id":16410,"date":"2026-02-11T18:15:59","date_gmt":"2026-02-11T21:15:59","guid":{"rendered":"https:\/\/cidadecult.com.br\/?p=16410"},"modified":"2026-02-11T18:16:04","modified_gmt":"2026-02-11T21:16:04","slug":"portadores-da-alegria-df-folia-2026-parque-da-cidade","status":"publish","type":"post","link":"https:\/\/cidadecult.com.br\/?p=16410","title":{"rendered":"Portadores da Alegria volta ao Parque da Cidade no DF Folia 2026 com Carnaval inclusivo, familiar e acess\u00edvel"},"content":{"rendered":"\n<p>No Carnaval de Bras\u00edlia, alguns blocos viram tradi\u00e7\u00e3o por arrastar multid\u00f5es. Outros viram tradi\u00e7\u00e3o por <strong>mudar quem consegue \u2014 e como consegue \u2014 viver a folia<\/strong>. Criado em <strong>2015<\/strong> com foco em inclus\u00e3o, o <strong>Portadores da Alegria<\/strong> se tornou refer\u00eancia no DF por oferecer um Carnaval <strong>gratuito, familiar e seguro<\/strong>, onde <strong>pessoas com defici\u00eancia (PcDs)<\/strong> s\u00e3o recebidas com acolhimento, respeito e estrutura.<\/p>\n\n\n\n<p>Ao longo de quase uma d\u00e9cada, o Portadores consolidou algo que vai al\u00e9m da festa: \u00e9 <strong>conviv\u00eancia, pertencimento e encontro<\/strong>. E os n\u00fameros mostram como esse reconhecimento cresceu. Em <strong>2024<\/strong>, o bloco reuniu cerca de <strong>48 mil pessoas<\/strong>, com <strong>2 mil PcDs<\/strong>. Em <strong>2025<\/strong>, chegou a <strong>62 mil foli\u00f5es<\/strong>, com aproximadamente <strong>4 mil PcDs<\/strong>. Para <strong>2026<\/strong>, a expectativa \u00e9 de <strong>75 mil pessoas<\/strong>, incluindo <strong>5 mil PcDs<\/strong> \u2014 refor\u00e7ando o Portadores como uma das maiores experi\u00eancias de Carnaval inclusivo do Distrito Federal.<\/p>\n\n\n\n<p>A identidade do bloco se sustenta no <strong>cuidado<\/strong>: pensar fluxo, ambiente, acolhimento e uma experi\u00eancia confort\u00e1vel tamb\u00e9m para <strong>fam\u00edlias, acompanhantes e grupos diversos<\/strong>. Isso fez do Portadores um s\u00edmbolo de que a cidade pode festejar com alegria <strong>sem deixar ningu\u00e9m para tr\u00e1s<\/strong>.<\/p>\n\n\n\n<h3 class=\"wp-block-heading\">Um dos blocos mais \u201climpos\u201d do DF<\/h3>\n\n\n\n<p>Outro tra\u00e7o que virou marca registrada \u00e9 o compromisso com um Carnaval mais consciente. Em <strong>2024<\/strong>, o Portadores foi apontado por foli\u00f5es do Plano Piloto como <strong>\u201co mais limpo\u201d<\/strong> do Carnaval do DF \u2014 reflexo de campanhas e mobiliza\u00e7\u00e3o ambiental que o bloco vem fortalecendo, com um recado simples: <strong>a organiza\u00e7\u00e3o incentiva, mas o p\u00fablico faz acontecer<\/strong>.<\/p>\n\n\n\n<h3 class=\"wp-block-heading\">DF Folia 2026: m\u00fasica, magia e um dia inteiro de encontro<\/h3>\n\n\n\n<p>Em 2026, o bloco volta ao <strong>Parque da Cidade<\/strong>, no <strong>Estacionamento do Nicol\u00e2ndia<\/strong>, em mais um grande encontro para reafirmar a tese que o move desde 2015: <strong>Carnaval \u00e9 para todo mundo<\/strong>.<\/p>\n\n\n\n<p>Para <strong>Paulo Henrique Nadiceo<\/strong>, organizador do bloco, a ess\u00eancia \u00e9 o encontro: \u201c<strong>a nossa identidade \u00e9 juntar pessoas diferentes no mesmo clima de alegria<\/strong>. Tem m\u00fasica, tem magia, tem DJ, mas o principal \u00e9 um Carnaval leve, acess\u00edvel e com cara de fam\u00edlia.\u201d<\/p>\n\n\n\n<p>O evento integra a programa\u00e7\u00e3o oficial do <strong>DF Folia 2026<\/strong>, realizado pela <strong>Artise<\/strong> e pela <strong>Secretaria de Cultura e Economia Criativa do DF<\/strong>, em parceria com a <strong>Liga dos Blocos Tradicionais do DF<\/strong>, que vem refor\u00e7ando diretrizes de inclus\u00e3o e acessibilidade.<\/p>\n\n\n\n<h3 class=\"wp-block-heading\">Atra\u00e7\u00f5es confirmadas \u2014 Portadores da Alegria 2026<\/h3>\n\n\n\n<ul class=\"wp-block-list\">\n<li><strong>Banda da Baratinha<\/strong><\/li>\n\n\n\n<li><strong>Banda da Baratona<\/strong><\/li>\n\n\n\n<li><strong>Banda dos Portadores da Alegria<\/strong><\/li>\n\n\n\n<li><strong>Comboio Kids<\/strong><\/li>\n\n\n\n<li><strong>M\u00e1gico Tio Andr\u00e9<\/strong><\/li>\n\n\n\n<li><strong>M\u00e1gico Steiner<\/strong><\/li>\n\n\n\n<li><strong>DJ Daniel<\/strong><\/li>\n\n\n\n<li><strong>DJ Ryan BS<\/strong><\/li>\n<\/ul>\n\n\n\n<hr class=\"wp-block-separator has-alpha-channel-opacity\"\/>\n\n\n\n<h2 class=\"wp-block-heading\">SERVI\u00c7O \u2014 Bloco Portadores da Alegria (DF Folia 2026)<\/h2>\n\n\n\n<p>\ud83d\udcc5 <strong>Data:<\/strong> 17 de fevereiro de 2026 (ter\u00e7a-feira)<br>\u23f0 <strong>Hor\u00e1rio:<\/strong> 12h \u00e0s 20h<br>\ud83d\udccd <strong>Local:<\/strong> Parque da Cidade \u2014 Estacionamento do Nicol\u00e2ndia (Bras\u00edlia\/DF)<br>\ud83c\udf9f\ufe0f <strong>Entrada:<\/strong> gratuita<\/p>\n","protected":false},"excerpt":{"rendered":"<p>No Carnaval de Bras\u00edlia, alguns blocos viram tradi\u00e7\u00e3o por arrastar multid\u00f5es. Outros viram tradi\u00e7\u00e3o por mudar quem consegue \u2014 e como consegue \u2014 viver a folia. Criado em 2015 com foco em inclus\u00e3o, o Portadores da Alegria se tornou refer\u00eancia no DF por oferecer um Carnaval gratuito, familiar e seguro, onde pessoas com defici\u00eancia (PcDs) [&hellip;]<\/p>\n","protected":false},"author":777,"featured_media":16411,"comment_status":"open","ping_status":"open","sticky":false,"template":"","format":"standard","meta":{"_monsterinsights_skip_tracking":false,"_monsterinsights_sitenote_active":false,"_monsterinsights_sitenote_note":"","_monsterinsights_sitenote_category":0,"footnotes":""},"categories":[41],"tags":[6135],"class_list":["post-16410","post","type-post","status-publish","format-standard","has-post-thumbnail","hentry","category-agenda","tag-portadoresdaalegria-dffolia2026-carnavaldebrasilia-carnavaldf-carnavalinclusivo-acessibilidade-pcd-carnavalemfamilia-parquedacidade-brasilia-culturadf-carnavalconsciente"],"_links":{"self":[{"href":"https:\/\/cidadecult.com.br\/index.php?rest_route=\/wp\/v2\/posts\/16410","targetHints":{"allow":["GET"]}}],"collection":[{"href":"https:\/\/cidadecult.com.br\/index.php?rest_route=\/wp\/v2\/posts"}],"about":[{"href":"https:\/\/cidadecult.com.br\/index.php?rest_route=\/wp\/v2\/types\/post"}],"author":[{"embeddable":true,"href":"https:\/\/cidadecult.com.br\/index.php?rest_route=\/wp\/v2\/users\/777"}],"replies":[{"embeddable":true,"href":"https:\/\/cidadecult.com.br\/index.php?rest_route=%2Fwp%2Fv2%2Fcomments&post=16410"}],"version-history":[{"count":1,"href":"https:\/\/cidadecult.com.br\/index.php?rest_route=\/wp\/v2\/posts\/16410\/revisions"}],"predecessor-version":[{"id":16412,"href":"https:\/\/cidadecult.com.br\/index.php?rest_route=\/wp\/v2\/posts\/16410\/revisions\/16412"}],"wp:featuredmedia":[{"embeddable":true,"href":"https:\/\/cidadecult.com.br\/index.php?rest_route=\/wp\/v2\/media\/16411"}],"wp:attachment":[{"href":"https:\/\/cidadecult.com.br\/index.php?rest_route=%2Fwp%2Fv2%2Fmedia&parent=16410"}],"wp:term":[{"taxonomy":"category","embeddable":true,"href":"https:\/\/cidadecult.com.br\/index.php?rest_route=%2Fwp%2Fv2%2Fcategories&post=16410"},{"taxonomy":"post_tag","embeddable":true,"href":"https:\/\/cidadecult.com.br\/index.php?rest_route=%2Fwp%2Fv2%2Ftags&post=16410"}],"curies":[{"name":"wp","href":"https:\/\/api.w.org\/{rel}","templated":true}]}}