{"id":16400,"date":"2026-02-11T18:00:56","date_gmt":"2026-02-11T21:00:56","guid":{"rendered":"https:\/\/cidadecult.com.br\/?p=16400"},"modified":"2026-02-11T18:04:18","modified_gmt":"2026-02-11T21:04:18","slug":"a-forca-feminina-que-arquiteta-o-carnaval-do-rainha-de-corpas","status":"publish","type":"post","link":"https:\/\/cidadecult.com.br\/?p=16400","title":{"rendered":"A For\u00e7a Feminina que arquiteta o carnaval do Rainha de Corpas"},"content":{"rendered":"\n<p>Liderado por uma rede de mulheres LGBTQIAPN+ que une gera\u00e7\u00f5es, o bloco transforma a gest\u00e3o cultural em um ato de cuidado, pol\u00edtica e ocupa\u00e7\u00e3o soberana do DF.<\/p>\n\n\n\n<p>O Carnaval de Bras\u00edlia n\u00e3o nasce espontaneamente no asfalto; ele \u00e9 projetado por mentes que entendem que a rua \u00e9 o palco da maior negocia\u00e7\u00e3o pol\u00edtica da cidade: o direito de existir com alegria. No cora\u00e7\u00e3o do Bloco Rainha de Corpas \u2014 que se apresenta neste s\u00e1bado de Carnaval (14\/02), das 14h \u00e0s 19h, no Setor Carnavalesco Sul \u2014, a estrutura \u00e9 sustentada por uma rede de mulheres que transformam suas viv\u00eancias em espa\u00e7os de celebra\u00e7\u00e3o e afeto.<\/p>\n\n\n\n<p>O protagonismo feminino aqui n\u00e3o \u00e9 apenas um selo de diversidade; \u00e9 o motor de uma produ\u00e7\u00e3o que entende a folia como um territ\u00f3rio de prote\u00e7\u00e3o e poder.<\/p>\n\n\n\n<figure class=\"wp-block-image size-large\"><img loading=\"lazy\" decoding=\"async\" width=\"768\" height=\"1024\" src=\"https:\/\/cidadecult.com.br\/wp-content\/uploads\/2026\/02\/rainha-768x1024.jpeg\" alt=\"\" class=\"wp-image-16407\" srcset=\"https:\/\/cidadecult.com.br\/wp-content\/uploads\/2026\/02\/rainha-768x1024.jpeg 768w, https:\/\/cidadecult.com.br\/wp-content\/uploads\/2026\/02\/rainha-225x300.jpeg 225w, https:\/\/cidadecult.com.br\/wp-content\/uploads\/2026\/02\/rainha-750x1000.jpeg 750w, https:\/\/cidadecult.com.br\/wp-content\/uploads\/2026\/02\/rainha.jpeg 1080w\" sizes=\"auto, (max-width: 768px) 100vw, 768px\" \/><\/figure>\n\n\n\n<p><strong>Uma Gest\u00e3o entre Gera\u00e7\u00f5es<\/strong><br>A coordena\u00e7\u00e3o de produ\u00e7\u00e3o \u00e9 assinada por Carol Cortez, mulher l\u00e9sbica, m\u00e3e, av\u00f3, gestora de projetos e especialista em direito do entretenimento. Com o curr\u00edculo carimbado pela dire\u00e7\u00e3o de grandes blocos da capital, Carol utiliza sua expertise para pavimentar o caminho das novas gera\u00e7\u00f5es. Ao seu lado, sua filha, Maf\u00ea Oliveira, mulher bissexual e m\u00e3e, assume a coordena\u00e7\u00e3o executiva, consolidando uma linhagem de mulheres que fazem da produ\u00e7\u00e3o cultural uma heran\u00e7a de resist\u00eancia.<\/p>\n\n\n\n<p>&#8220;Minha trajet\u00f3ria no Carnaval sempre foi sobre abrir caminhos. Ver a Maf\u00ea assumir essa lideran\u00e7a mostra que a nossa pol\u00edtica de ocupa\u00e7\u00e3o \u00e9 cont\u00ednua&#8221;, afirma Carol Cortez. &#8220;Meu papel \u00e9 garantir que a estrutura seja inabal\u00e1vel para que as corpas possam ser livres. Construir cultura coletivamente \u00e9, antes de tudo, garantir que o espa\u00e7o p\u00fablico seja seguro para as nossas fam\u00edlias e para a nossa comunidade.&#8221;<\/p>\n\n\n\n<p>Maf\u00ea Oliveira complementa a vis\u00e3o, trazendo a urg\u00eancia de uma gest\u00e3o que coloca a identidade no centro: &#8220;Estar no Rainha de Corpas ao lado da minha m\u00e3e e das minhas amigas \u00e9 um exerc\u00edcio de afeto e autonomia. O Carnaval, para n\u00f3s, \u00e9 o momento em que a nossa exist\u00eancia deixa de ser uma nota de rodap\u00e9 e vira o texto principal&#8221;, pontua.<\/p>\n\n\n\n<p><strong>A Narrativa da Visibilidade: Comunica\u00e7\u00e3o e Arte em Sinergia<\/strong><br>Para que o brilho do asfalto ecoe por toda a cidade, as jornalistas Leilla Portela e Thaty Nardelli operam na linha de frente da comunica\u00e7\u00e3o e da dire\u00e7\u00e3o art\u00edstica. Leilla, mulher l\u00e9sbica e coordenadora de comunica\u00e7\u00e3o, entende que cada palavra disparada \u00e9 um convite ao empoderamento.<\/p>\n\n\n\n<p>&#8220;Nossa comunica\u00e7\u00e3o n\u00e3o \u00e9 neutra; ela \u00e9 ativista. Quando escrevemos que &#8216;as corpas est\u00e3o livres&#8217;, estamos convocando cada corpo a retomar a soberania sobre sua pr\u00f3pria imagem&#8221;, explica Leilla. &#8220;N\u00e3o divulgamos apenas um evento; comunicamos um territ\u00f3rio de pertencimento. Ser uma jornalista e produtora cultural l\u00e9sbica \u00e0 frente deste projeto \u00e9 garantir que a nossa narrativa n\u00e3o seja sequestrada por quem n\u00e3o vive a nossa realidade.&#8221;<\/p>\n\n\n\n<p>Na curadoria dos sentidos, Thaty Nardelli, jornalista bissexual e coordenadora art\u00edstica, desenha o espet\u00e1culo que ocupar\u00e1 a Quadra 3, no Palco Aparelhagem. Para ela, a arte LGBT+ \u00e9 a ferramenta definitiva de transforma\u00e7\u00e3o. &#8220;A curadoria art\u00edstica do bloco \u00e9 um manifesto visual e sonoro. Escolher cada beat e cada performer \u00e9 um ato pol\u00edtico de ocupa\u00e7\u00e3o. Queremos que, ao olhar para o nosso palco, as pessoas vejam um espelho de suas pr\u00f3prias pot\u00eancias&#8221;, destaca.<\/p>\n\n\n\n<p><strong>O Carnaval como Trincheira de Alegria<\/strong><br>O protagonismo dessas quatro mulheres desenha um novo padr\u00e3o para o Carnaval do Distrito Federal. Ao unirem suas for\u00e7as \u2014 a experi\u00eancia de Carol, a execu\u00e7\u00e3o estrat\u00e9gica de Maf\u00ea, a precis\u00e3o narrativa de Leilla e o olhar est\u00e9tico de Thaty \u2014 o Rainha de Corpas se firma como um espa\u00e7o de &#8220;seguran\u00e7a radical&#8221;.<\/p>\n\n\n\n<p>Neste dia 14 de fevereiro, o bloco n\u00e3o entrega apenas entretenimento. Ele entrega a prova de que, quando mulheres diversas se unem para construir cultura, elas n\u00e3o apenas ocupam a rua; elas redefinem o que significa viver em liberdade. No cora\u00e7\u00e3o de Bras\u00edlia, o Rainha de Corpas \u00e9 a celebra\u00e7\u00e3o m\u00e1xima de que toda corpa \u00e9 soberana e todo encontro \u00e9, em sua ess\u00eancia, um ato de amor e revolu\u00e7\u00e3o.<\/p>\n\n\n\n<p><strong>SERVI\u00c7O<\/strong><\/p>\n\n\n\n<ul class=\"wp-block-list\">\n<li>Bloco: Rainha de Corpas<\/li>\n\n\n\n<li>Data: 14\/02 (S\u00e1bado de Carnaval)<\/li>\n\n\n\n<li>Hor\u00e1rio: Das 14h \u00e0s 19h<\/li>\n\n\n\n<li>Local: Setor Carnavalesco Sul, Quadra 3, Palco Aparelhagem, em frente ao pr\u00e9dio da Oi \u2013 Bras\u00edlia\/DF<\/li>\n<\/ul>\n\n\n\n<figure class=\"wp-block-image size-large\"><img loading=\"lazy\" decoding=\"async\" width=\"1024\" height=\"873\" src=\"https:\/\/cidadecult.com.br\/wp-content\/uploads\/2026\/02\/produtoras-1-1024x873.jpeg\" alt=\"\" class=\"wp-image-16405\" srcset=\"https:\/\/cidadecult.com.br\/wp-content\/uploads\/2026\/02\/produtoras-1-1024x873.jpeg 1024w, https:\/\/cidadecult.com.br\/wp-content\/uploads\/2026\/02\/produtoras-1-300x256.jpeg 300w, https:\/\/cidadecult.com.br\/wp-content\/uploads\/2026\/02\/produtoras-1-768x655.jpeg 768w, https:\/\/cidadecult.com.br\/wp-content\/uploads\/2026\/02\/produtoras-1-750x639.jpeg 750w, https:\/\/cidadecult.com.br\/wp-content\/uploads\/2026\/02\/produtoras-1-1140x972.jpeg 1140w, https:\/\/cidadecult.com.br\/wp-content\/uploads\/2026\/02\/produtoras-1.jpeg 1220w\" sizes=\"auto, (max-width: 1024px) 100vw, 1024px\" \/><figcaption class=\"wp-element-caption\">Cr\u00e9dito: Divulga\u00e7\u00e3o (Leilla Portela &#8211; Maf\u00ea Oliveira &#8211; Carol Cortez)<\/figcaption><\/figure>\n","protected":false},"excerpt":{"rendered":"<p>Liderado por uma rede de mulheres LGBTQIAPN+ que une gera\u00e7\u00f5es, o bloco transforma a gest\u00e3o cultural em um ato de cuidado, pol\u00edtica e ocupa\u00e7\u00e3o soberana do DF. O Carnaval de Bras\u00edlia n\u00e3o nasce espontaneamente no asfalto; ele \u00e9 projetado por mentes que entendem que a rua \u00e9 o palco da maior negocia\u00e7\u00e3o pol\u00edtica da cidade: [&hellip;]<\/p>\n","protected":false},"author":777,"featured_media":16401,"comment_status":"open","ping_status":"open","sticky":false,"template":"","format":"standard","meta":{"_monsterinsights_skip_tracking":false,"_monsterinsights_sitenote_active":false,"_monsterinsights_sitenote_note":"","_monsterinsights_sitenote_category":0,"footnotes":""},"categories":[39],"tags":[429,403,408,431,407,6126],"class_list":["post-16400","post","type-post","status-publish","format-standard","has-post-thumbnail","hentry","category-economics","tag-brasilia-3","tag-cidadecult-2","tag-cultura-2","tag-distritofederal-2","tag-entreterimento","tag-lgbtqiapn-4"],"_links":{"self":[{"href":"https:\/\/cidadecult.com.br\/index.php?rest_route=\/wp\/v2\/posts\/16400","targetHints":{"allow":["GET"]}}],"collection":[{"href":"https:\/\/cidadecult.com.br\/index.php?rest_route=\/wp\/v2\/posts"}],"about":[{"href":"https:\/\/cidadecult.com.br\/index.php?rest_route=\/wp\/v2\/types\/post"}],"author":[{"embeddable":true,"href":"https:\/\/cidadecult.com.br\/index.php?rest_route=\/wp\/v2\/users\/777"}],"replies":[{"embeddable":true,"href":"https:\/\/cidadecult.com.br\/index.php?rest_route=%2Fwp%2Fv2%2Fcomments&post=16400"}],"version-history":[{"count":3,"href":"https:\/\/cidadecult.com.br\/index.php?rest_route=\/wp\/v2\/posts\/16400\/revisions"}],"predecessor-version":[{"id":16408,"href":"https:\/\/cidadecult.com.br\/index.php?rest_route=\/wp\/v2\/posts\/16400\/revisions\/16408"}],"wp:featuredmedia":[{"embeddable":true,"href":"https:\/\/cidadecult.com.br\/index.php?rest_route=\/wp\/v2\/media\/16401"}],"wp:attachment":[{"href":"https:\/\/cidadecult.com.br\/index.php?rest_route=%2Fwp%2Fv2%2Fmedia&parent=16400"}],"wp:term":[{"taxonomy":"category","embeddable":true,"href":"https:\/\/cidadecult.com.br\/index.php?rest_route=%2Fwp%2Fv2%2Fcategories&post=16400"},{"taxonomy":"post_tag","embeddable":true,"href":"https:\/\/cidadecult.com.br\/index.php?rest_route=%2Fwp%2Fv2%2Ftags&post=16400"}],"curies":[{"name":"wp","href":"https:\/\/api.w.org\/{rel}","templated":true}]}}