{"id":16334,"date":"2026-02-10T12:28:16","date_gmt":"2026-02-10T15:28:16","guid":{"rendered":"https:\/\/cidadecult.com.br\/?p=16334"},"modified":"2026-02-10T12:28:18","modified_gmt":"2026-02-10T15:28:18","slug":"capital-inicial-celebra-aniversario-de-brasilia-com-3a-edicao-do-festival-musica-urbana-ao-lado-de-nando-reis-e-chico-chico","status":"publish","type":"post","link":"https:\/\/cidadecult.com.br\/?p=16334","title":{"rendered":"Capital Inicial celebra anivers\u00e1rio de Bras\u00edlia com 3\u00aa edi\u00e7\u00e3o do Festival M\u00fasica Urbana ao lado de Nando Reis e Chico Chico!"},"content":{"rendered":"\n<p><em>Foto\/divulga\u00e7\u00e3o<\/em><\/p>\n\n\n\n<p><em><strong>Bras\u00edlia volta a respirar rock.<\/strong><\/em> O<strong> Capital Inicial<\/strong> anunciou a<strong> terceira edi\u00e7\u00e3o<\/strong> do <strong>&#8220;Festival m\u00fasica urbana&#8221;, <\/strong>que acontece no dia <strong>25 de abril de 2026<\/strong>, no <strong>Gin\u00e1sio Nilson Nelson (Arena BRB)<\/strong>. O evento integra as comemora\u00e7\u00f5es do anivers\u00e1rio da capital e refor\u00e7a a liga\u00e7\u00e3o hist\u00f3rica da banda com a cidade onde sua trajet\u00f3ria come\u00e7ou.<\/p>\n\n\n\n<p>Ap\u00f3s duas edi\u00e7\u00f5es consecutivas com ingressos esgotados, o festival retorna com dois convidados especiais: <strong>Nando Reis<\/strong>, apresentando o show <em>&#8220;<\/em>Nando<em> hits&#8221;<\/em>, e <strong>Chico Chico<\/strong>, que traz <strong>a turn\u00ea do \u00e1lbum &#8220;<em>Let It Burn&#8221; \/ Deixa arder<\/em>. Os ingressos j\u00e1 est\u00e3o \u00e0 venda.<\/strong><\/p>\n\n\n\n<p>O projeto resgata um momento simb\u00f3lico do<strong> rock brasileiro.<\/strong> Em <strong>1984, <\/strong>o &#8220;<strong>M\u00fasica urbana&#8221; <\/strong>reuniu <strong>Capital Inicial, Legi\u00e3o Urbana e Plebe Rude<\/strong> no <strong>teatro do &#8220;Col\u00e9gio Alvorada<\/strong>&#8220;, em <strong>Bras\u00edlia<\/strong>. O encontro se tornaria hist\u00f3rico e <strong>dois anos depois a m\u00fasica \u201cM\u00fasica urbana\u201d viraria o <em>primeiro &#8216;single&#8217; oficial<\/em> do Capital Inicial, ganhando forte execu\u00e7\u00e3o nas r\u00e1dios do pa\u00eds.<\/strong><\/p>\n\n\n\n<p>Desde a retomada, o evento virou tradi\u00e7\u00e3o no calend\u00e1rio cultural da cidade. As <strong>edi\u00e7\u00f5es de 2024 e 2025 <\/strong>reuniram mais de <strong>20 mil espectadores<\/strong> e receberam artistas como <strong>Samuel Rosa<\/strong> e <strong>&#8220;Os Paralamas do Sucesso&#8221;.<\/strong><\/p>\n\n\n\n<blockquote class=\"wp-block-quote is-layout-flow wp-block-quote-is-layout-flow\">\n<p><em><strong>\u201cO <\/strong><\/em><strong>&#8216;M\u00fasica urbana&#8217;<\/strong><em><strong> \u00e9 o festival autoral do Capital que a gente tem muito prazer em realizar na cidade que nos acolheu e onde tudo come\u00e7ou, Bras\u00edlia!. A terceira edi\u00e7\u00e3o vai ser bem especial com o show do novo \u00e1lbum do Chico Chico, al\u00e9m do nosso parceiro de longa data Nando. Aguardamos todos l\u00e1!\u201d<\/strong>, <\/em>afirma Dinho Ouro Preto.<\/p>\n<\/blockquote>\n\n\n\n<p>O an\u00fancio tamb\u00e9m acompanha uma nova fase criativa da banda. Depois do sucesso da turn\u00ea <strong>&#8220;Ac\u00fastico 25 anos&#8221;,<\/strong> que percorreu 45 cidades e reuniu cerca de meio milh\u00e3o de pessoas em 2025, o <strong>&#8220;Capital inicial&#8221; <\/strong>lan\u00e7ou o EP <strong>\u201cMovimento\u201d<\/strong>, <strong>trabalho que mistura a urg\u00eancia do punk rock com sonoridade contempor\u00e2nea e mant\u00e9m cl\u00e1ssicos <\/strong>como<strong> &#8220;Primeiros erros&#8221; <\/strong>entre os mais ouvidos nas plataformas digitais.<\/p>\n\n\n\n<h3 class=\"wp-block-heading\">\ud83d\udccd SERVI\u00c7O: Festival M\u00fasica Urbana- Capital Inicial <\/h3>\n\n\n\n<p>\ud83d\udcc5 25 de abril;<br>\ud83d\udccc Gin\u00e1sio Nilson Nelson (Arena BRB) \u2014 SRPN, Asa Norte, Bras\u00edlia;                                                                                                             \ud83c\udf9f\ufe0f<strong> <a href=\"https:\/\/www.bilheteriadigital.com\/musica-urbana-festival-25-de-abril\">Ingressos<\/a> aqui.<\/strong><\/p>\n\n\n\n<p><\/p>\n","protected":false},"excerpt":{"rendered":"<p>Foto\/divulga\u00e7\u00e3o Bras\u00edlia volta a respirar rock. O Capital Inicial anunciou a terceira edi\u00e7\u00e3o do &#8220;Festival m\u00fasica urbana&#8221;, que acontece no dia 25 de abril de 2026, no Gin\u00e1sio Nilson Nelson (Arena BRB). O evento integra as comemora\u00e7\u00f5es do anivers\u00e1rio da capital e refor\u00e7a a liga\u00e7\u00e3o hist\u00f3rica da banda com a cidade onde sua trajet\u00f3ria come\u00e7ou. [&hellip;]<\/p>\n","protected":false},"author":1441,"featured_media":16335,"comment_status":"open","ping_status":"open","sticky":false,"template":"","format":"standard","meta":{"_monsterinsights_skip_tracking":false,"_monsterinsights_sitenote_active":false,"_monsterinsights_sitenote_note":"","_monsterinsights_sitenote_category":0,"footnotes":""},"categories":[17,6],"tags":[6078],"class_list":["post-16334","post","type-post","status-publish","format-standard","has-post-thumbnail","hentry","category-bsb","category-music","tag-cidadecult-brasilia-capitalinicial-festivalmusicaurbana-rockbrasiliense-nandoreis-chicochico-showsembrasilia-agendaculturaldf-musicaaovivo"],"_links":{"self":[{"href":"https:\/\/cidadecult.com.br\/index.php?rest_route=\/wp\/v2\/posts\/16334","targetHints":{"allow":["GET"]}}],"collection":[{"href":"https:\/\/cidadecult.com.br\/index.php?rest_route=\/wp\/v2\/posts"}],"about":[{"href":"https:\/\/cidadecult.com.br\/index.php?rest_route=\/wp\/v2\/types\/post"}],"author":[{"embeddable":true,"href":"https:\/\/cidadecult.com.br\/index.php?rest_route=\/wp\/v2\/users\/1441"}],"replies":[{"embeddable":true,"href":"https:\/\/cidadecult.com.br\/index.php?rest_route=%2Fwp%2Fv2%2Fcomments&post=16334"}],"version-history":[{"count":1,"href":"https:\/\/cidadecult.com.br\/index.php?rest_route=\/wp\/v2\/posts\/16334\/revisions"}],"predecessor-version":[{"id":16336,"href":"https:\/\/cidadecult.com.br\/index.php?rest_route=\/wp\/v2\/posts\/16334\/revisions\/16336"}],"wp:featuredmedia":[{"embeddable":true,"href":"https:\/\/cidadecult.com.br\/index.php?rest_route=\/wp\/v2\/media\/16335"}],"wp:attachment":[{"href":"https:\/\/cidadecult.com.br\/index.php?rest_route=%2Fwp%2Fv2%2Fmedia&parent=16334"}],"wp:term":[{"taxonomy":"category","embeddable":true,"href":"https:\/\/cidadecult.com.br\/index.php?rest_route=%2Fwp%2Fv2%2Fcategories&post=16334"},{"taxonomy":"post_tag","embeddable":true,"href":"https:\/\/cidadecult.com.br\/index.php?rest_route=%2Fwp%2Fv2%2Ftags&post=16334"}],"curies":[{"name":"wp","href":"https:\/\/api.w.org\/{rel}","templated":true}]}}