{"id":16283,"date":"2026-02-05T10:46:07","date_gmt":"2026-02-05T13:46:07","guid":{"rendered":"https:\/\/cidadecult.com.br\/?p=16283"},"modified":"2026-02-05T10:48:08","modified_gmt":"2026-02-05T13:48:08","slug":"back2black-festival-paris","status":"publish","type":"post","link":"https:\/\/cidadecult.com.br\/?p=16283","title":{"rendered":"Back2Black Festival estreia em Paris com Gilberto Gil e celebra a cultura afro-brasileira"},"content":{"rendered":"\n<p><em>Foto\/divulga\u00e7\u00e3o<\/em><\/p>\n\n\n\n<p>Criado em<strong> <\/strong>2009<strong>,<\/strong> o<strong> &#8220;<em>Back2Black <\/em>Festival&#8221;<\/strong> desembarca pela primeira vez em Paris e ocupa um dos palcos mais emblem\u00e1ticos da cidade, o <strong>Th\u00e9\u00e2tre du Ch\u00e2telet<\/strong>, no dia <strong>3 de abril<\/strong>. O evento leva \u00e0 capital francesa uma programa\u00e7\u00e3o que une m\u00fasica, artes visuais, cinema e pensamento, reafirmando os la\u00e7os culturais entre Brasil, \u00c1frica e di\u00e1sporas.<\/p>\n\n\n\n<p>O grande destaque da edi\u00e7\u00e3o parisiense \u00e9 <strong>Gilberto Gil<\/strong>, que sobe ao palco ao lado de filhos e netos para uma apresenta\u00e7\u00e3o especial. O show acontece ap\u00f3s o encerramento, no Brasil, da turn\u00ea <strong>\u201cTempo rei\u201d<\/strong>, marcada como a despedida do artista dos grandes palcos, e revisita cl\u00e1ssicos de uma carreira que atravessa mais de seis d\u00e9cadas.<\/p>\n\n\n\n<p>Outro momento aguardado do festival \u00e9 o encontro entre a brasileira <strong>Agnes Nunes<\/strong> e o camaron\u00eas <strong>Blick Bassy<\/strong>, dois expoentes do afro-soul contempor\u00e2neo. A apresenta\u00e7\u00e3o promove um di\u00e1logo musical potente entre ancestralidade, tradi\u00e7\u00e3o e sonoridades atuais. Agnes transita entre MPB, forr\u00f3, blues e soul, enquanto Blick Bassy \u00e9 reconhecido internacionalmente por cantar em Bassa, sua l\u00edngua nativa, misturando m\u00fasica tradicional africana com eletr\u00f4nica e folk.<\/p>\n\n\n\n<p>A programa\u00e7\u00e3o musical se completa com os sets da DJ <strong>Sandra Bald\u00e9 (Umafricana)<\/strong>, que conduz o p\u00fablico por ritmos como afrobeats, amapiano, afrohouse, kuduro e funk, em uma experi\u00eancia que conecta pista, identidade e territ\u00f3rio.<\/p>\n\n\n\n<p>Al\u00e9m dos shows, o Back2Black Paris conta com a <strong>confer\u00eancia \u201c\u00c1frica-Brasil\u201d<\/strong>, a <strong>exposi\u00e7\u00e3o de obras de Caryb\u00e9<\/strong>, recriando o cotidiano e a espiritualidade da cultura afro-brasileira, e a <strong>exibi\u00e7\u00e3o in\u00e9dita na Fran\u00e7a do document\u00e1rio \u201c3 Ob\u00e1s de Xang\u00f4\u201d<\/strong>, de S\u00e9rgio Machado, que aborda a amizade entre Jorge Amado, Dorival Caymmi e Caryb\u00e9.<\/p>\n\n\n\n<p>O festival tamb\u00e9m pretende ocupar a <strong>Place du Ch\u00e2telet<\/strong>, pra\u00e7a onde est\u00e1 localizado o teatro, com atividades abertas ao p\u00fablico envolvendo gastronomia, dan\u00e7a e m\u00fasica.<\/p>\n\n\n\n<p>Patrocinado pelo <strong>Minist\u00e9rio da Cultura do Brasil<\/strong> e pela <strong>Petrobras<\/strong>, por meio da Lei de Incentivo \u00e0 Cultura, com apoio da <strong>Embratur<\/strong>, o Back2Black chega a Paris consolidando-se como um manifesto afro-brasileiro e um gesto de diplomacia cultural.<\/p>\n\n\n\n<h3 class=\"wp-block-heading\">Servi\u00e7o- Bacl2Black Paris: uma manifesta\u00e7\u00e3o afro-brasileira em Paris<\/h3>\n\n\n\n<p>\ud83d\udcc5 Data: 3 de abril (sexta-feira);<br>\ud83d\udd57 Hor\u00e1rio: 20h;<br>\ud83d\udccd Local: Th\u00e9\u00e2tre du Ch\u00e2telet \u2013 Place du Ch\u00e2telet, 1, Paris;<br>\ud83c\udf9f\ufe0f Ingressos: de 8\u20ac a 84\u20ac;<br>\ud83d\udd17 Vendas: site oficial do Th\u00e9\u00e2tre du Ch\u00e2telet.<\/p>\n","protected":false},"excerpt":{"rendered":"<p>Foto\/divulga\u00e7\u00e3o Criado em 2009, o &#8220;Back2Black Festival&#8221; desembarca pela primeira vez em Paris e ocupa um dos palcos mais emblem\u00e1ticos da cidade, o Th\u00e9\u00e2tre du Ch\u00e2telet, no dia 3 de abril. O evento leva \u00e0 capital francesa uma programa\u00e7\u00e3o que une m\u00fasica, artes visuais, cinema e pensamento, reafirmando os la\u00e7os culturais entre Brasil, \u00c1frica e [&hellip;]<\/p>\n","protected":false},"author":1441,"featured_media":16284,"comment_status":"open","ping_status":"open","sticky":false,"template":"","format":"standard","meta":{"_monsterinsights_skip_tracking":false,"_monsterinsights_sitenote_active":false,"_monsterinsights_sitenote_note":"","_monsterinsights_sitenote_category":0,"footnotes":""},"categories":[35],"tags":[6063],"class_list":["post-16283","post","type-post","status-publish","format-standard","has-post-thumbnail","hentry","category-business-news365","tag-back2black-back2blackparis-culturaafrobrasileira-gilbertogil-agnesnunes-blickbassy-carybe-musicabrasileira-culturanegra-festival-cidadecult"],"_links":{"self":[{"href":"https:\/\/cidadecult.com.br\/index.php?rest_route=\/wp\/v2\/posts\/16283","targetHints":{"allow":["GET"]}}],"collection":[{"href":"https:\/\/cidadecult.com.br\/index.php?rest_route=\/wp\/v2\/posts"}],"about":[{"href":"https:\/\/cidadecult.com.br\/index.php?rest_route=\/wp\/v2\/types\/post"}],"author":[{"embeddable":true,"href":"https:\/\/cidadecult.com.br\/index.php?rest_route=\/wp\/v2\/users\/1441"}],"replies":[{"embeddable":true,"href":"https:\/\/cidadecult.com.br\/index.php?rest_route=%2Fwp%2Fv2%2Fcomments&post=16283"}],"version-history":[{"count":1,"href":"https:\/\/cidadecult.com.br\/index.php?rest_route=\/wp\/v2\/posts\/16283\/revisions"}],"predecessor-version":[{"id":16285,"href":"https:\/\/cidadecult.com.br\/index.php?rest_route=\/wp\/v2\/posts\/16283\/revisions\/16285"}],"wp:featuredmedia":[{"embeddable":true,"href":"https:\/\/cidadecult.com.br\/index.php?rest_route=\/wp\/v2\/media\/16284"}],"wp:attachment":[{"href":"https:\/\/cidadecult.com.br\/index.php?rest_route=%2Fwp%2Fv2%2Fmedia&parent=16283"}],"wp:term":[{"taxonomy":"category","embeddable":true,"href":"https:\/\/cidadecult.com.br\/index.php?rest_route=%2Fwp%2Fv2%2Fcategories&post=16283"},{"taxonomy":"post_tag","embeddable":true,"href":"https:\/\/cidadecult.com.br\/index.php?rest_route=%2Fwp%2Fv2%2Ftags&post=16283"}],"curies":[{"name":"wp","href":"https:\/\/api.w.org\/{rel}","templated":true}]}}