{"id":16239,"date":"2026-01-31T19:50:48","date_gmt":"2026-01-31T22:50:48","guid":{"rendered":"https:\/\/cidadecult.com.br\/?p=16239"},"modified":"2026-01-31T19:50:52","modified_gmt":"2026-01-31T22:50:52","slug":"taina-muller-estreia-como-apresentadora-do-cafe-filosofico-na-tv-cultura","status":"publish","type":"post","link":"https:\/\/cidadecult.com.br\/?p=16239","title":{"rendered":"Tain\u00e1 M\u00fcller estreia como apresentadora do Caf\u00e9 Filos\u00f3fico, na TV Cultura"},"content":{"rendered":"\n<p>Foto: <em>Nadja Kouchi\/Acervo TV Cultura<\/em><\/p>\n\n\n\n<p>A atriz, jornalista e cineasta <strong>Tain\u00e1 M\u00fcller<\/strong> \u00e9 a nova apresentadora do <strong>Caf\u00e9 Filos\u00f3fico<\/strong>, programa consagrado da TV Cultura em parceria com o Instituto CPFL. A novidade estreia <strong>na segunda quinzena de abril<\/strong>, aos domingos, \u00e0s <strong>20h<\/strong>, marcando uma nova fase da atra\u00e7\u00e3o, que est\u00e1 no ar h\u00e1 23 anos.<\/p>\n\n\n\n<p>Conhecida por trabalhos de destaque na televis\u00e3o, como a protagonista da s\u00e9rie <em>Bom Dia, Ver\u00f4nica<\/em>, al\u00e9m de atua\u00e7\u00f5es marcantes em novelas e no cinema, Tain\u00e1 retorna \u00e0 emissora em um momento especial da carreira. Recentemente, ela tamb\u00e9m estreou como diretora no document\u00e1rio <em>Apolo<\/em>, premiado em importantes festivais nacionais.<\/p>\n\n\n\n<p>Formada em Jornalismo e com p\u00f3s-gradua\u00e7\u00e3o em Filosofia Contempor\u00e2nea pela PUC-RJ, Tain\u00e1 sempre foi telespectadora do programa e comemorou o convite.<br>\u201cEu comecei como apresentadora, sou jornalista, e durante minha carreira como atriz senti saudade da \u00e9poca em que fazia entrevistas. O convite para o Caf\u00e9 Filos\u00f3fico foi a combina\u00e7\u00e3o perfeita do que eu queria fazer neste momento\u201d, afirma.<\/p>\n\n\n\n<p>Al\u00e9m da nova apresentadora, o <strong>Caf\u00e9 Filos\u00f3fico<\/strong> chega com <strong>novo formato e identidade visual<\/strong>, incluindo cen\u00e1rio renovado, nova vinheta e artes gr\u00e1ficas. A proposta \u00e9 tornar o conte\u00fado ainda mais envolvente, com maior intera\u00e7\u00e3o entre Tain\u00e1, os convidados e a plateia, mantendo o compromisso do programa com reflex\u00f5es profundas e acess\u00edveis sobre temas contempor\u00e2neos.<\/p>\n\n\n\n<p>Para Beth Carmona, vice-presidente da TV Cultura, a chegada de Tain\u00e1 simboliza um momento de renova\u00e7\u00e3o. \u201cHoje precisamos refletir sobre a sociedade e os desafios do mundo atual. Ter o Caf\u00e9 Filos\u00f3fico com um formato mais atraente refor\u00e7a essa miss\u00e3o\u201d, destaca.<\/p>\n\n\n\n<p>Criado em 2003, o <strong>Caf\u00e9 Filos\u00f3fico<\/strong> \u00e9 refer\u00eancia na televis\u00e3o brasileira ao promover debates com convidados das \u00e1reas de Filosofia, Psicologia, Hist\u00f3ria, Ci\u00eancias e Artes, convidando o p\u00fablico a uma imers\u00e3o no pensamento cr\u00edtico e no di\u00e1logo.<\/p>\n","protected":false},"excerpt":{"rendered":"<p>Foto: Nadja Kouchi\/Acervo TV Cultura A atriz, jornalista e cineasta Tain\u00e1 M\u00fcller \u00e9 a nova apresentadora do Caf\u00e9 Filos\u00f3fico, programa consagrado da TV Cultura em parceria com o Instituto CPFL. A novidade estreia na segunda quinzena de abril, aos domingos, \u00e0s 20h, marcando uma nova fase da atra\u00e7\u00e3o, que est\u00e1 no ar h\u00e1 23 anos. [&hellip;]<\/p>\n","protected":false},"author":1441,"featured_media":16240,"comment_status":"open","ping_status":"open","sticky":false,"template":"","format":"standard","meta":{"_monsterinsights_skip_tracking":false,"_monsterinsights_sitenote_active":false,"_monsterinsights_sitenote_note":"","_monsterinsights_sitenote_category":0,"footnotes":""},"categories":[1],"tags":[],"class_list":["post-16239","post","type-post","status-publish","format-standard","has-post-thumbnail","hentry","category-sem-categoria"],"_links":{"self":[{"href":"https:\/\/cidadecult.com.br\/index.php?rest_route=\/wp\/v2\/posts\/16239","targetHints":{"allow":["GET"]}}],"collection":[{"href":"https:\/\/cidadecult.com.br\/index.php?rest_route=\/wp\/v2\/posts"}],"about":[{"href":"https:\/\/cidadecult.com.br\/index.php?rest_route=\/wp\/v2\/types\/post"}],"author":[{"embeddable":true,"href":"https:\/\/cidadecult.com.br\/index.php?rest_route=\/wp\/v2\/users\/1441"}],"replies":[{"embeddable":true,"href":"https:\/\/cidadecult.com.br\/index.php?rest_route=%2Fwp%2Fv2%2Fcomments&post=16239"}],"version-history":[{"count":1,"href":"https:\/\/cidadecult.com.br\/index.php?rest_route=\/wp\/v2\/posts\/16239\/revisions"}],"predecessor-version":[{"id":16241,"href":"https:\/\/cidadecult.com.br\/index.php?rest_route=\/wp\/v2\/posts\/16239\/revisions\/16241"}],"wp:featuredmedia":[{"embeddable":true,"href":"https:\/\/cidadecult.com.br\/index.php?rest_route=\/wp\/v2\/media\/16240"}],"wp:attachment":[{"href":"https:\/\/cidadecult.com.br\/index.php?rest_route=%2Fwp%2Fv2%2Fmedia&parent=16239"}],"wp:term":[{"taxonomy":"category","embeddable":true,"href":"https:\/\/cidadecult.com.br\/index.php?rest_route=%2Fwp%2Fv2%2Fcategories&post=16239"},{"taxonomy":"post_tag","embeddable":true,"href":"https:\/\/cidadecult.com.br\/index.php?rest_route=%2Fwp%2Fv2%2Ftags&post=16239"}],"curies":[{"name":"wp","href":"https:\/\/api.w.org\/{rel}","templated":true}]}}