{"id":16161,"date":"2026-01-26T14:18:12","date_gmt":"2026-01-26T17:18:12","guid":{"rendered":"https:\/\/cidadecult.com.br\/?p=16161"},"modified":"2026-01-26T14:18:16","modified_gmt":"2026-01-26T17:18:16","slug":"sao-florestas-sesctv-ods","status":"publish","type":"post","link":"https:\/\/cidadecult.com.br\/?p=16161","title":{"rendered":"S\u00e9rie \u201cS\u00e3o florestas\u201d encerra temporada no Sesc-TV com epis\u00f3dios in\u00e9ditos alinhados aos ODS da ONU"},"content":{"rendered":"\n<p><em>Foto: Santa Rita Filmes \/ Sesc-TV<\/em><\/p>\n\n\n\n<p>Amaz\u00f4nia, justi\u00e7a social e sustentabilidade se cruzam nos epis\u00f3dios finais da produ\u00e7\u00e3o dirigida e apresentada por Miguel De Almeida<\/p>\n\n\n\n<p>Em fevereiro, o <strong>SescTV<\/strong> exibe os <strong>\u00faltimos epis\u00f3dios in\u00e9ditos da s\u00e9rie documental &#8220;<em>S\u00e3o florestas<\/em><\/strong>&#8220;, produ\u00e7\u00e3o que lan\u00e7a um olhar atento sobre os desafios sociais, ambientais e econ\u00f4micos da Amaz\u00f4nia brasileira. Dirigida e apresentada pelo jornalista <strong>Miguel De Almeida<\/strong>, a s\u00e9rie conecta experi\u00eancias de comunidades, pesquisadores e organiza\u00e7\u00f5es da sociedade civil aos <strong>Objetivos de Desenvolvimento Sustent\u00e1vel (ODS)<\/strong> da Organiza\u00e7\u00e3o das Na\u00e7\u00f5es Unidas, que orientam a <strong>Agenda 2030<\/strong>.<\/p>\n\n\n\n<p>Ao longo de seus 17 epis\u00f3dios, <em>S\u00e3o Florestas<\/em> traduz diretrizes globais em pr\u00e1ticas concretas vividas no territ\u00f3rio amaz\u00f4nico, mostrando que sustentabilidade, justi\u00e7a social e desenvolvimento caminham juntos quando est\u00e3o enraizados na cultura, no trabalho coletivo e na rela\u00e7\u00e3o com a floresta.<\/p>\n\n\n\n<h3 class=\"wp-block-heading\">Produ\u00e7\u00e3o sustent\u00e1vel e vida na floresta<\/h3>\n\n\n\n<p>O epis\u00f3dio <strong>\u201cVida Terrestre\u201d<\/strong>, exibido em <strong>3 de fevereiro<\/strong>, acompanha iniciativas de produ\u00e7\u00e3o agr\u00edcola sustent\u00e1vel no Acre, com destaque para a atua\u00e7\u00e3o da <strong>Coperacre<\/strong>, cooperativa que articula extrativismo, agrofloresta e gera\u00e7\u00e3o de renda a partir da floresta em p\u00e9. T\u00e9cnicos, lideran\u00e7as locais e pesquisadores demonstram como a preserva\u00e7\u00e3o da biodiversidade se relaciona diretamente com a seguran\u00e7a alimentar, o enfrentamento da pobreza e a perman\u00eancia das popula\u00e7\u00f5es em seus territ\u00f3rios.<\/p>\n\n\n\n<p>Para a pesquisadora <strong>Tatiane Deade de Abreu S\u00e1<\/strong>, da Embrapa, o enfrentamento \u00e0s mudan\u00e7as clim\u00e1ticas passa pela integra\u00e7\u00e3o entre ci\u00eancia e saber tradicional. \u201cOs moradores s\u00e3o os pesquisadores cont\u00ednuos, que acompanham diariamente o que acontece\u201d, afirma.<\/p>\n\n\n\n<h3 class=\"wp-block-heading\">Comunica\u00e7\u00e3o, justi\u00e7a e defesa dos territ\u00f3rios<\/h3>\n\n\n\n<p>Exibido em <strong>10 de fevereiro<\/strong>, o epis\u00f3dio <strong>\u201cPaz, Justi\u00e7a e Institui\u00e7\u00f5es Eficazes\u201d<\/strong> destaca o papel da comunica\u00e7\u00e3o e da transpar\u00eancia na constru\u00e7\u00e3o de uma Amaz\u00f4nia mais justa. A narrativa acompanha o trabalho da <strong>Amaz\u00f4nia Real<\/strong>, ag\u00eancia de jornalismo independente especializada na cobertura socioambiental da regi\u00e3o, que atua em di\u00e1logo direto com comunidades e povos ind\u00edgenas.<\/p>\n\n\n\n<p>A indigenista <strong>Neidinha Suru\u00ed<\/strong>, de Porto Velho (RO), ressalta a import\u00e2ncia de ve\u00edculos comprometidos com a escuta e a prote\u00e7\u00e3o das fontes. \u201cTer algu\u00e9m em quem a gente pode confiar, onde \u00e9 poss\u00edvel expressar o que sentimos sem medo, \u00e9 o poder de levar a not\u00edcia e saber que, com ela, nossos direitos podem ser garantidos\u201d, destaca.<\/p>\n\n\n\n<h3 class=\"wp-block-heading\">Parcerias para um futuro sustent\u00e1vel<\/h3>\n\n\n\n<p>Encerrando a temporada, o epis\u00f3dio <strong>\u201cParcerias e Meios de Implementa\u00e7\u00e3o\u201d<\/strong>, exibido em <strong>17 de fevereiro<\/strong>, evidencia iniciativas que articulam comunidades locais, governos e organiza\u00e7\u00f5es nacionais e internacionais em a\u00e7\u00f5es concretas de preserva\u00e7\u00e3o ambiental e desenvolvimento sustent\u00e1vel. O epis\u00f3dio refor\u00e7a que os desafios amaz\u00f4nicos exigem alian\u00e7as duradouras e coopera\u00e7\u00e3o efetiva \u2014 princ\u00edpio central dos ODS voltados \u00e0 implementa\u00e7\u00e3o da Agenda 2030.<\/p>\n\n\n\n<p>Ao alinhar a complexidade da Amaz\u00f4nia aos Objetivos de Desenvolvimento Sustent\u00e1vel, <em>S\u00e3o Florestas<\/em> reafirma o compromisso do <strong>SescTV<\/strong> com a difus\u00e3o de conte\u00fados que conectam <strong>meio ambiente, ci\u00eancia, cidadania e cultura<\/strong>, convidando o p\u00fablico a refletir sobre caminhos poss\u00edveis para um futuro socialmente justo e ambientalmente equilibrado.<\/p>\n\n\n\n<h3 class=\"wp-block-heading\">\ud83c\udfa5 SERVI\u00c7O | S\u00c3O FLORESTAS<\/h3>\n\n\n\n<p><strong>S\u00e9rie documental<\/strong><br>Dire\u00e7\u00e3o e apresenta\u00e7\u00e3o: Miguel De Almeida<br>Produ\u00e7\u00e3o: Marcelo Braga \u2013 Santa Rita Filmes<br>Realiza\u00e7\u00e3o: SescTV<br>Conte\u00fado: 17 epis\u00f3dios<br>Dura\u00e7\u00e3o: cerca de 30 minutos cada<br>Classifica\u00e7\u00e3o indicativa: Livre<\/p>\n\n\n\n<p>\ud83d\udcfa <strong>Exibi\u00e7\u00e3o:<\/strong> ter\u00e7as-feiras, \u00e0s 20h<br>\ud83d\udd01 <strong>Reapresenta\u00e7\u00f5es:<\/strong><br>Quartas, 15h30 | Quintas, 0h30 | Sextas, 17h30<br>S\u00e1bados, 10h30 | Domingos, 6h30 e 21h<\/p>\n\n\n\n<p>\ud83d\udcc5 <strong>Epis\u00f3dios in\u00e9ditos de fevereiro:<\/strong><br>\u2022 03\/02 \u2013 <em>Vida Terrestre<\/em><br>\u2022 10\/02 \u2013 <em>Paz, Justi\u00e7a e Institui\u00e7\u00f5es Eficazes<\/em><br>\u2022 17\/02 \u2013 <em>Parcerias e Meios de Implementa\u00e7\u00e3o<\/em><\/p>\n\n\n\n<p>\ud83d\udcf2 <strong>Sob demanda:<\/strong><br>Dispon\u00edvel na \u00edntegra na plataforma <strong>sesc.digital<\/strong><br>App Sesc Digital (Android e iOS)<\/p>\n\n\n\n<p>\ud83c\udf10 <strong>Onde assistir:<\/strong><br>sesc.org.br\/noar<\/p>\n","protected":false},"excerpt":{"rendered":"<p>Foto: Santa Rita Filmes \/ Sesc-TV Amaz\u00f4nia, justi\u00e7a social e sustentabilidade se cruzam nos epis\u00f3dios finais da produ\u00e7\u00e3o dirigida e apresentada por Miguel De Almeida Em fevereiro, o SescTV exibe os \u00faltimos epis\u00f3dios in\u00e9ditos da s\u00e9rie documental &#8220;S\u00e3o florestas&#8220;, produ\u00e7\u00e3o que lan\u00e7a um olhar atento sobre os desafios sociais, ambientais e econ\u00f4micos da Amaz\u00f4nia brasileira. [&hellip;]<\/p>\n","protected":false},"author":1441,"featured_media":16162,"comment_status":"open","ping_status":"open","sticky":false,"template":"","format":"standard","meta":{"_monsterinsights_skip_tracking":false,"_monsterinsights_sitenote_active":false,"_monsterinsights_sitenote_note":"","_monsterinsights_sitenote_category":0,"footnotes":""},"categories":[2580],"tags":[6010],"class_list":["post-16161","post","type-post","status-publish","format-standard","has-post-thumbnail","hentry","category-meio-ambiente","tag-cidadecult-saoflorestas-sesctv-amazonia-sustentabilidade-ods-agenda2030-justicasocial-meioambiente-documentariobrasileiro-culturaambiental-audiovisualbrasileiro"],"_links":{"self":[{"href":"https:\/\/cidadecult.com.br\/index.php?rest_route=\/wp\/v2\/posts\/16161","targetHints":{"allow":["GET"]}}],"collection":[{"href":"https:\/\/cidadecult.com.br\/index.php?rest_route=\/wp\/v2\/posts"}],"about":[{"href":"https:\/\/cidadecult.com.br\/index.php?rest_route=\/wp\/v2\/types\/post"}],"author":[{"embeddable":true,"href":"https:\/\/cidadecult.com.br\/index.php?rest_route=\/wp\/v2\/users\/1441"}],"replies":[{"embeddable":true,"href":"https:\/\/cidadecult.com.br\/index.php?rest_route=%2Fwp%2Fv2%2Fcomments&post=16161"}],"version-history":[{"count":1,"href":"https:\/\/cidadecult.com.br\/index.php?rest_route=\/wp\/v2\/posts\/16161\/revisions"}],"predecessor-version":[{"id":16163,"href":"https:\/\/cidadecult.com.br\/index.php?rest_route=\/wp\/v2\/posts\/16161\/revisions\/16163"}],"wp:featuredmedia":[{"embeddable":true,"href":"https:\/\/cidadecult.com.br\/index.php?rest_route=\/wp\/v2\/media\/16162"}],"wp:attachment":[{"href":"https:\/\/cidadecult.com.br\/index.php?rest_route=%2Fwp%2Fv2%2Fmedia&parent=16161"}],"wp:term":[{"taxonomy":"category","embeddable":true,"href":"https:\/\/cidadecult.com.br\/index.php?rest_route=%2Fwp%2Fv2%2Fcategories&post=16161"},{"taxonomy":"post_tag","embeddable":true,"href":"https:\/\/cidadecult.com.br\/index.php?rest_route=%2Fwp%2Fv2%2Ftags&post=16161"}],"curies":[{"name":"wp","href":"https:\/\/api.w.org\/{rel}","templated":true}]}}