{"id":16105,"date":"2026-01-21T13:24:10","date_gmt":"2026-01-21T16:24:10","guid":{"rendered":"https:\/\/cidadecult.com.br\/?p=16105"},"modified":"2026-01-21T13:24:12","modified_gmt":"2026-01-21T16:24:12","slug":"desalinhos-costuras-arte-loucura-inscricoes-2026","status":"publish","type":"post","link":"https:\/\/cidadecult.com.br\/?p=16105","title":{"rendered":"Mostra \u201cDesalinhos e costuras: arte e loucura\u201d prorroga inscri\u00e7\u00f5es at\u00e9 7 de mar\u00e7o de 2026"},"content":{"rendered":"\n<p><em>Foto: Divulga\u00e7\u00e3o \/ Desalinhos e Costuras<\/em><\/p>\n\n\n\n<p>Artistas e coletivos de todo o Brasil ganharam mais tempo para participar da segunda edi\u00e7\u00e3o da mostra <strong>\u201cDesalinhos e Costuras: Arte e Loucura\u201d<\/strong>. A organiza\u00e7\u00e3o anunciou a <strong>prorroga\u00e7\u00e3o do prazo de inscri\u00e7\u00f5es de obras at\u00e9 o dia 7 de mar\u00e7o de 2026<\/strong>, ampliando as possibilidades de participa\u00e7\u00e3o na sele\u00e7\u00e3o nacional.<\/p>\n\n\n\n<p>Segundo a coordenadora do projeto, <strong>Yasmin Adorno<\/strong>, a prorroga\u00e7\u00e3o busca fortalecer a diversidade da mostra. \u201cA prorroga\u00e7\u00e3o d\u00e1 f\u00f4lego e representa uma oportunidade valiosa para que mais artistas e coletivos de todo o Brasil possam submeter seus trabalhos \u00e0 curadoria, contribuindo para uma edi\u00e7\u00e3o ainda mais diversa, potente e sens\u00edvel\u201d, destaca.<\/p>\n\n\n\n<p>A mostra prop\u00f5e um <strong>espa\u00e7o de di\u00e1logo entre arte, subjetividade e loucura<\/strong>, reafirmando seu compromisso com a escuta, a experimenta\u00e7\u00e3o e a multiplicidade de vozes. A iniciativa se consolida como uma a\u00e7\u00e3o afirmativa voltada \u00e0 <strong>desconstru\u00e7\u00e3o de estigmas<\/strong> e \u00e0 valoriza\u00e7\u00e3o da arte como ferramenta de cuidado em sa\u00fade mental.<\/p>\n\n\n\n<h3 class=\"wp-block-heading\">Sele\u00e7\u00e3o e premia\u00e7\u00e3o<\/h3>\n\n\n\n<p>A exposi\u00e7\u00e3o ser\u00e1 realizada no <strong>Museu Nacional da Rep\u00fablica<\/strong>, em Bras\u00edlia, com <strong>curadoria de T\u00e2nia Rivera<\/strong>, e ir\u00e1 selecionar <strong>tr\u00eas obras<\/strong>, cada uma premiada com <strong>R$ 4 mil<\/strong>.<\/p>\n\n\n\n<h3 class=\"wp-block-heading\">Cronograma atualizado<\/h3>\n\n\n\n<ul class=\"wp-block-list\">\n<li><strong>Inscri\u00e7\u00f5es:<\/strong> at\u00e9 7 de mar\u00e7o de 2026<\/li>\n\n\n\n<li><strong>Divulga\u00e7\u00e3o dos selecionados:<\/strong> 20 de abril de 2026<\/li>\n\n\n\n<li><strong>Abertura da mostra:<\/strong> in\u00edcio de setembro de 2026<\/li>\n<\/ul>\n\n\n\n<p>As inscri\u00e7\u00f5es devem ser feitas por meio de formul\u00e1rio online:<br>\ud83d\udc49 <a href=\"https:\/\/forms.gle\/eP4Tdx1qWmx9eQ8E9\">https:\/\/forms.gle\/eP4Tdx1qWmx9eQ8E9<\/a><\/p>\n\n\n\n<p>Mais informa\u00e7\u00f5es: <strong>@desalinhosecosturas<\/strong><\/p>\n\n\n\n<h3 class=\"wp-block-heading\">Sobre a mostra<\/h3>\n\n\n\n<p>O projeto <strong>\u201cDesalinhos e Costuras: Arte e Loucura\u201d<\/strong> articula arte e sa\u00fade mental a partir de produ\u00e7\u00f5es originadas em contextos de cuidado psicossocial. A iniciativa promove inclus\u00e3o sociocultural, visibilidade para trajet\u00f3rias marcadas pelo sofrimento ps\u00edquico e o fortalecimento de uma <strong>cultura antimanicomial<\/strong>.<\/p>\n\n\n\n<p>A primeira edi\u00e7\u00e3o ocorreu em 2023, no <strong>Espa\u00e7o Cultural Renato Russo<\/strong>, em Bras\u00edlia. Em 2026, a mostra amplia seu alcance ao ocupar o <strong>Museu Nacional da Rep\u00fablica<\/strong>, com sele\u00e7\u00e3o nacional de obras e programa\u00e7\u00e3o estendida, que inclui <strong>rodas de conversa, cineclube e palestras<\/strong>.<\/p>\n\n\n\n<p>A realiza\u00e7\u00e3o \u00e9 de <strong>Yasmin Adorno<\/strong>, em parceria com <strong>Cia Atravessa a Porta, Maluco Voador e Bloco do Rivotrio<\/strong>, com recursos do <strong>FAC \u2013 Fundo de Apoio \u00e0 Cultura do Distrito Federal<\/strong>.<\/p>\n","protected":false},"excerpt":{"rendered":"<p>Foto: Divulga\u00e7\u00e3o \/ Desalinhos e Costuras Artistas e coletivos de todo o Brasil ganharam mais tempo para participar da segunda edi\u00e7\u00e3o da mostra \u201cDesalinhos e Costuras: Arte e Loucura\u201d. A organiza\u00e7\u00e3o anunciou a prorroga\u00e7\u00e3o do prazo de inscri\u00e7\u00f5es de obras at\u00e9 o dia 7 de mar\u00e7o de 2026, ampliando as possibilidades de participa\u00e7\u00e3o na sele\u00e7\u00e3o [&hellip;]<\/p>\n","protected":false},"author":1441,"featured_media":16106,"comment_status":"open","ping_status":"open","sticky":false,"template":"","format":"standard","meta":{"_monsterinsights_skip_tracking":false,"_monsterinsights_sitenote_active":false,"_monsterinsights_sitenote_note":"","_monsterinsights_sitenote_category":0,"footnotes":""},"categories":[2569],"tags":[5977],"class_list":["post-16105","post","type-post","status-publish","format-standard","has-post-thumbnail","hentry","category-arte","tag-cidadecult-desalinhosecosturas-arteeloucura-artesvisuais-saudemental-culturaantimanicomial-editaisculturais-artebrasilia-museunacionaldarepublica-facdf"],"_links":{"self":[{"href":"https:\/\/cidadecult.com.br\/index.php?rest_route=\/wp\/v2\/posts\/16105","targetHints":{"allow":["GET"]}}],"collection":[{"href":"https:\/\/cidadecult.com.br\/index.php?rest_route=\/wp\/v2\/posts"}],"about":[{"href":"https:\/\/cidadecult.com.br\/index.php?rest_route=\/wp\/v2\/types\/post"}],"author":[{"embeddable":true,"href":"https:\/\/cidadecult.com.br\/index.php?rest_route=\/wp\/v2\/users\/1441"}],"replies":[{"embeddable":true,"href":"https:\/\/cidadecult.com.br\/index.php?rest_route=%2Fwp%2Fv2%2Fcomments&post=16105"}],"version-history":[{"count":1,"href":"https:\/\/cidadecult.com.br\/index.php?rest_route=\/wp\/v2\/posts\/16105\/revisions"}],"predecessor-version":[{"id":16107,"href":"https:\/\/cidadecult.com.br\/index.php?rest_route=\/wp\/v2\/posts\/16105\/revisions\/16107"}],"wp:featuredmedia":[{"embeddable":true,"href":"https:\/\/cidadecult.com.br\/index.php?rest_route=\/wp\/v2\/media\/16106"}],"wp:attachment":[{"href":"https:\/\/cidadecult.com.br\/index.php?rest_route=%2Fwp%2Fv2%2Fmedia&parent=16105"}],"wp:term":[{"taxonomy":"category","embeddable":true,"href":"https:\/\/cidadecult.com.br\/index.php?rest_route=%2Fwp%2Fv2%2Fcategories&post=16105"},{"taxonomy":"post_tag","embeddable":true,"href":"https:\/\/cidadecult.com.br\/index.php?rest_route=%2Fwp%2Fv2%2Ftags&post=16105"}],"curies":[{"name":"wp","href":"https:\/\/api.w.org\/{rel}","templated":true}]}}